{"id":4151,"date":"2024-07-19T10:00:00","date_gmt":"2024-07-19T10:00:00","guid":{"rendered":"https:\/\/educap.io\/?p=4151"},"modified":"2024-07-09T16:09:54","modified_gmt":"2024-07-09T16:09:54","slug":"les-benefices-de-lapprentissage-adaptatif-dans-leducation-primaire","status":"publish","type":"post","link":"https:\/\/educap.io\/fr_fr\/les-benefices-de-lapprentissage-adaptatif-dans-leducation-primaire\/","title":{"rendered":"Les B\u00e9n\u00e9fices de l&rsquo;Apprentissage Adaptatif dans l&rsquo;\u00c9ducation Primaire"},"content":{"rendered":"\n<figure class=\"wp-block-image size-large\"><img fetchpriority=\"high\" decoding=\"async\" width=\"1024\" height=\"536\" src=\"https:\/\/educap.io\/wp-content\/uploads\/2024\/07\/Blog_Thumbnail_class-27-1024x536.jpg\" alt=\"\" class=\"wp-image-4154\" srcset=\"https:\/\/educap.io\/wp-content\/uploads\/2024\/07\/Blog_Thumbnail_class-27-1024x536.jpg 1024w, https:\/\/educap.io\/wp-content\/uploads\/2024\/07\/Blog_Thumbnail_class-27-300x157.jpg 300w, https:\/\/educap.io\/wp-content\/uploads\/2024\/07\/Blog_Thumbnail_class-27-768x402.jpg 768w, https:\/\/educap.io\/wp-content\/uploads\/2024\/07\/Blog_Thumbnail_class-27-1536x804.jpg 1536w, https:\/\/educap.io\/wp-content\/uploads\/2024\/07\/Blog_Thumbnail_class-27-2048x1072.jpg 2048w\" sizes=\"(max-width: 1024px) 100vw, 1024px\" \/><\/figure>\n\n\n\n<h3 class=\"wp-block-heading\">Introduction<\/h3>\n\n\n\n<p>L&rsquo;\u00e9ducation primaire joue un r\u00f4le crucial dans le d\u00e9veloppement des comp\u00e9tences fondamentales des \u00e9l\u00e8ves. Avec l&rsquo;\u00e9volution des technologies \u00e9ducatives, l&rsquo;apprentissage adaptatif se d\u00e9marque comme une approche innovante pour am\u00e9liorer l&rsquo;enseignement et l&rsquo;apprentissage. Cet article explore les b\u00e9n\u00e9fices de l&rsquo;apprentissage adaptatif dans l&rsquo;\u00e9ducation primaire, soulignant comment cette m\u00e9thode personnalis\u00e9e peut transformer l&rsquo;exp\u00e9rience \u00e9ducative des jeunes \u00e9l\u00e8ves.<\/p>\n\n\n\n<h3 class=\"wp-block-heading\">1. Personnalisation de l&rsquo;Apprentissage Adaptatif<\/h3>\n\n\n\n<h4 class=\"wp-block-heading\">R\u00e9pondre aux besoins individuels gr\u00e2ce \u00e0 l&rsquo;apprentissage adaptatif<\/h4>\n\n\n\n<p>L&rsquo;apprentissage adaptatif permet de personnaliser le contenu \u00e9ducatif en fonction des besoins sp\u00e9cifiques de chaque \u00e9l\u00e8ve. Gr\u00e2ce \u00e0 des algorithmes sophistiqu\u00e9s, les plateformes d&rsquo;apprentissage adaptatif ajustent le niveau de difficult\u00e9 et le type de contenu en temps r\u00e9el, offrant ainsi une exp\u00e9rience d&rsquo;apprentissage sur mesure.<\/p>\n\n\n\n<h4 class=\"wp-block-heading\">Suivi du progr\u00e8s avec des outils adaptatifs<\/h4>\n\n\n\n<p>Les outils d&rsquo;apprentissage adaptatif fournissent un suivi d\u00e9taill\u00e9 du progr\u00e8s des \u00e9l\u00e8ves, permettant aux enseignants de comprendre mieux les forces et les faiblesses de chacun. Cette personnalisation favorise une intervention rapide et cibl\u00e9e pour les \u00e9l\u00e8ves en difficult\u00e9.<\/p>\n\n\n\n<h3 class=\"wp-block-heading\">2. Engagement Accru des \u00c9l\u00e8ves gr\u00e2ce \u00e0 l&rsquo;Apprentissage Adaptatif<\/h3>\n\n\n\n<h4 class=\"wp-block-heading\">Apprentissage interactif et adaptatif<\/h4>\n\n\n\n<p>Les plateformes d&rsquo;apprentissage adaptatif utilisent des \u00e9l\u00e9ments interactifs et des jeux \u00e9ducatifs pour rendre l&rsquo;apprentissage plus engageant. Ces \u00e9l\u00e9ments ludiques captivent l&rsquo;attention des \u00e9l\u00e8ves et les motivent \u00e0 participer activement aux le\u00e7ons.<\/p>\n\n\n\n<h4 class=\"wp-block-heading\">R\u00e9compenses et encouragements dans un environnement adaptatif<\/h4>\n\n\n\n<p>Les syst\u00e8mes adaptatifs int\u00e8grent souvent des r\u00e9compenses virtuelles et des encouragements pour renforcer positivement les efforts des \u00e9l\u00e8ves. Cette approche gamifi\u00e9e stimule l&rsquo;engagement et l&rsquo;enthousiasme pour l&rsquo;apprentissage.<\/p>\n\n\n\n<h3 class=\"wp-block-heading\">3. Am\u00e9lioration des R\u00e9sultats Scolaires avec l&rsquo;Apprentissage Adaptatif<\/h3>\n\n\n\n<h4 class=\"wp-block-heading\">Progression \u00e0 son propre rythme<\/h4>\n\n\n\n<p>L&rsquo;apprentissage adaptatif permet aux \u00e9l\u00e8ves de progresser \u00e0 leur propre rythme, sans se sentir press\u00e9s ou laiss\u00e9s pour compte. Les \u00e9l\u00e8ves avancent uniquement lorsqu&rsquo;ils ma\u00eetrisent pleinement un concept, ce qui renforce leur compr\u00e9hension et leur confiance.<\/p>\n\n\n\n<h4 class=\"wp-block-heading\">R\u00e9duction des \u00e9carts de performance gr\u00e2ce \u00e0 l&rsquo;apprentissage adaptatif<\/h4>\n\n\n\n<p>En r\u00e9pondant aux besoins individuels, l&rsquo;apprentissage adaptatif peut contribuer \u00e0 r\u00e9duire les \u00e9carts de performance entre les \u00e9l\u00e8ves. Les \u00e9l\u00e8ves en difficult\u00e9 b\u00e9n\u00e9ficient d&rsquo;un soutien suppl\u00e9mentaire, tandis que les \u00e9l\u00e8ves avanc\u00e9s sont continuellement stimul\u00e9s.<\/p>\n\n\n\n<h3 class=\"wp-block-heading\">4. Autonomie et Responsabilisation par l&rsquo;Apprentissage Adaptatif<\/h3>\n\n\n\n<h4 class=\"wp-block-heading\">D\u00e9veloppement de l&rsquo;autonomie<\/h4>\n\n\n\n<p>L&rsquo;apprentissage adaptatif encourage les \u00e9l\u00e8ves \u00e0 prendre en charge leur propre apprentissage. En utilisant des ressources num\u00e9riques personnalis\u00e9es, les \u00e9l\u00e8ves d\u00e9veloppent des comp\u00e9tences d&rsquo;auto-r\u00e9gulation et deviennent plus autonomes dans leur apprentissage.<\/p>\n\n\n\n<h4 class=\"wp-block-heading\">Responsabilisation par l&rsquo;apprentissage adaptatif<\/h4>\n\n\n\n<p>Les \u00e9l\u00e8ves apprennent \u00e0 fixer des objectifs et \u00e0 suivre leurs progr\u00e8s gr\u00e2ce aux outils d&rsquo;apprentissage adaptatif. Cette responsabilisation renforce leur sentiment de contr\u00f4le sur leur \u00e9ducation et leur succ\u00e8s.<\/p>\n\n\n\n<h3 class=\"wp-block-heading\">5. Soutien aux Enseignants gr\u00e2ce \u00e0 l&rsquo;Apprentissage Adaptatif<\/h3>\n\n\n\n<h4 class=\"wp-block-heading\">Outils analytiques pour les enseignants<\/h4>\n\n\n\n<p>Les plateformes d&rsquo;apprentissage adaptatif offrent aux enseignants des outils analytiques puissants pour surveiller les progr\u00e8s des \u00e9l\u00e8ves. Ces donn\u00e9es permettent aux enseignants d&rsquo;identifier rapidement les domaines n\u00e9cessitant une attention particuli\u00e8re et d&rsquo;adapter leur enseignement en cons\u00e9quence.<\/p>\n\n\n\n<h4 class=\"wp-block-heading\">Gain de temps pour les enseignants<\/h4>\n\n\n\n<p>En automatisant certaines t\u00e2ches d&rsquo;\u00e9valuation et de suivi, l&rsquo;apprentissage adaptatif lib\u00e8re du temps pour les enseignants, leur permettant de se concentrer davantage sur l&rsquo;interaction et le soutien direct aux \u00e9l\u00e8ves.<\/p>\n\n\n\n<h3 class=\"wp-block-heading\">Conclusion<\/h3>\n\n\n\n<p>L&rsquo;apprentissage adaptatif repr\u00e9sente une r\u00e9volution dans l&rsquo;\u00e9ducation primaire, offrant une exp\u00e9rience d&rsquo;apprentissage personnalis\u00e9e, engageante et efficace. En int\u00e9grant cette approche, les \u00e9coles peuvent am\u00e9liorer les r\u00e9sultats scolaires, r\u00e9duire les \u00e9carts de performance, et favoriser l&rsquo;autonomie et la responsabilisation des \u00e9l\u00e8ves. Les b\u00e9n\u00e9fices de l&rsquo;apprentissage adaptatif sont multiples et promettent de transformer l&rsquo;avenir de l&rsquo;\u00e9ducation primaire.<\/p>\n\n\n\n<h3 class=\"wp-block-heading\">Appel \u00e0 l&rsquo;Action<\/h3>\n\n\n\n<p>Pour d\u00e9couvrir comment int\u00e9grer l&rsquo;apprentissage adaptatif dans votre \u00e9cole primaire, visitez <a href=\"https:\/\/educap.io\/\">Educap.io<\/a>. Rejoignez-nous pour offrir \u00e0 vos \u00e9l\u00e8ves une \u00e9ducation personnalis\u00e9e et innovante.<\/p>\n\n\n\n<p><\/p>\n","protected":false},"excerpt":{"rendered":"<p>Introduction L&rsquo;\u00e9ducation primaire joue un r\u00f4le crucial dans le d\u00e9veloppement des comp\u00e9tences fondamentales des \u00e9l\u00e8ves. Avec l&rsquo;\u00e9volution des technologies \u00e9ducatives, l&rsquo;apprentissage adaptatif se d\u00e9marque comme une approche innovante pour am\u00e9liorer l&rsquo;enseignement et l&rsquo;apprentissage. Cet article explore les b\u00e9n\u00e9fices de l&rsquo;apprentissage adaptatif dans l&rsquo;\u00e9ducation primaire, soulignant comment cette m\u00e9thode personnalis\u00e9e peut transformer l&rsquo;exp\u00e9rience \u00e9ducative des jeunes [&hellip;]<\/p>\n","protected":false},"author":9,"featured_media":4154,"comment_status":"open","ping_status":"open","sticky":false,"template":"","format":"standard","meta":{"footnotes":""},"categories":[1],"tags":[],"class_list":["post-4151","post","type-post","status-publish","format-standard","has-post-thumbnail","hentry","category-blog"],"yoast_head":"<!-- This site is optimized with the Yoast SEO plugin v24.2 - https:\/\/yoast.com\/wordpress\/plugins\/seo\/ -->\n<title>Les B\u00e9n\u00e9fices de l&#039;Apprentissage Adaptatif dans l&#039;\u00c9ducation Primaire - Educap<\/title>\n<meta name=\"description\" content=\"D\u00e9couvrez les b\u00e9n\u00e9fices de l&#039;apprentissage adaptatif dans l&#039;\u00e9ducation primaire. Apprentissage personnalis\u00e9, engagement accru des \u00e9l\u00e8ves et am\u00e9lioration des r\u00e9sultats scolaires.\" \/>\n<meta name=\"robots\" content=\"index, follow, max-snippet:-1, max-image-preview:large, max-video-preview:-1\" \/>\n<link rel=\"canonical\" href=\"https:\/\/educap.io\/fr_fr\/les-benefices-de-lapprentissage-adaptatif-dans-leducation-primaire\/\" \/>\n<meta property=\"og:locale\" content=\"fr_FR\" \/>\n<meta property=\"og:type\" content=\"article\" \/>\n<meta property=\"og:title\" content=\"Les B\u00e9n\u00e9fices de l&#039;Apprentissage Adaptatif dans l&#039;\u00c9ducation Primaire - Educap\" \/>\n<meta property=\"og:description\" content=\"D\u00e9couvrez les b\u00e9n\u00e9fices de l&#039;apprentissage adaptatif dans l&#039;\u00e9ducation primaire. Apprentissage personnalis\u00e9, engagement accru des \u00e9l\u00e8ves et am\u00e9lioration des r\u00e9sultats scolaires.\" \/>\n<meta property=\"og:url\" content=\"https:\/\/educap.io\/fr_fr\/les-benefices-de-lapprentissage-adaptatif-dans-leducation-primaire\/\" \/>\n<meta property=\"og:site_name\" content=\"Educap\" \/>\n<meta property=\"article:publisher\" content=\"https:\/\/www.facebook.com\/educap.io\" \/>\n<meta property=\"article:published_time\" content=\"2024-07-19T10:00:00+00:00\" \/>\n<meta property=\"article:modified_time\" content=\"2024-07-09T16:09:54+00:00\" \/>\n<meta property=\"og:image\" content=\"https:\/\/educap.io\/wp-content\/uploads\/2024\/07\/Blog_Thumbnail_class-27.jpg\" \/>\n\t<meta property=\"og:image:width\" content=\"2500\" \/>\n\t<meta property=\"og:image:height\" content=\"1308\" \/>\n\t<meta property=\"og:image:type\" content=\"image\/jpeg\" \/>\n<meta name=\"author\" content=\"Julie CENTI\" \/>\n<meta name=\"twitter:card\" content=\"summary_large_image\" \/>\n<meta name=\"twitter:label1\" content=\"\u00c9crit par\" \/>\n\t<meta name=\"twitter:data1\" content=\"Julie CENTI\" \/>\n\t<meta name=\"twitter:label2\" content=\"Dur\u00e9e de lecture estim\u00e9e\" \/>\n\t<meta name=\"twitter:data2\" content=\"4 minutes\" \/>\n<script type=\"application\/ld+json\" class=\"yoast-schema-graph\">{\"@context\":\"https:\/\/schema.org\",\"@graph\":[{\"@type\":\"WebPage\",\"@id\":\"https:\/\/educap.io\/les-benefices-de-lapprentissage-adaptatif-dans-leducation-primaire\/\",\"url\":\"https:\/\/educap.io\/les-benefices-de-lapprentissage-adaptatif-dans-leducation-primaire\/\",\"name\":\"Les B\u00e9n\u00e9fices de l'Apprentissage Adaptatif dans l'\u00c9ducation Primaire - Educap\",\"isPartOf\":{\"@id\":\"https:\/\/educap.io\/#website\"},\"primaryImageOfPage\":{\"@id\":\"https:\/\/educap.io\/les-benefices-de-lapprentissage-adaptatif-dans-leducation-primaire\/#primaryimage\"},\"image\":{\"@id\":\"https:\/\/educap.io\/les-benefices-de-lapprentissage-adaptatif-dans-leducation-primaire\/#primaryimage\"},\"thumbnailUrl\":\"https:\/\/educap.io\/wp-content\/uploads\/2024\/07\/Blog_Thumbnail_class-27.jpg\",\"datePublished\":\"2024-07-19T10:00:00+00:00\",\"dateModified\":\"2024-07-09T16:09:54+00:00\",\"author\":{\"@id\":\"https:\/\/educap.io\/#\/schema\/person\/4dffe41e9714c247c451c98157113d60\"},\"description\":\"D\u00e9couvrez les b\u00e9n\u00e9fices de l'apprentissage adaptatif dans l'\u00e9ducation primaire. Apprentissage personnalis\u00e9, engagement accru des \u00e9l\u00e8ves et am\u00e9lioration des r\u00e9sultats scolaires.\",\"breadcrumb\":{\"@id\":\"https:\/\/educap.io\/les-benefices-de-lapprentissage-adaptatif-dans-leducation-primaire\/#breadcrumb\"},\"inLanguage\":\"fr-FR\",\"potentialAction\":[{\"@type\":\"ReadAction\",\"target\":[\"https:\/\/educap.io\/les-benefices-de-lapprentissage-adaptatif-dans-leducation-primaire\/\"]}]},{\"@type\":\"ImageObject\",\"inLanguage\":\"fr-FR\",\"@id\":\"https:\/\/educap.io\/les-benefices-de-lapprentissage-adaptatif-dans-leducation-primaire\/#primaryimage\",\"url\":\"https:\/\/educap.io\/wp-content\/uploads\/2024\/07\/Blog_Thumbnail_class-27.jpg\",\"contentUrl\":\"https:\/\/educap.io\/wp-content\/uploads\/2024\/07\/Blog_Thumbnail_class-27.jpg\",\"width\":2500,\"height\":1308},{\"@type\":\"BreadcrumbList\",\"@id\":\"https:\/\/educap.io\/les-benefices-de-lapprentissage-adaptatif-dans-leducation-primaire\/#breadcrumb\",\"itemListElement\":[{\"@type\":\"ListItem\",\"position\":1,\"name\":\"Accueil\",\"item\":\"https:\/\/educap.io\/fr_fr\/\"},{\"@type\":\"ListItem\",\"position\":2,\"name\":\"Les B\u00e9n\u00e9fices de l&rsquo;Apprentissage Adaptatif dans l&rsquo;\u00c9ducation Primaire\"}]},{\"@type\":\"WebSite\",\"@id\":\"https:\/\/educap.io\/#website\",\"url\":\"https:\/\/educap.io\/\",\"name\":\"Educap\",\"description\":\"\",\"potentialAction\":[{\"@type\":\"SearchAction\",\"target\":{\"@type\":\"EntryPoint\",\"urlTemplate\":\"https:\/\/educap.io\/?s={search_term_string}\"},\"query-input\":{\"@type\":\"PropertyValueSpecification\",\"valueRequired\":true,\"valueName\":\"search_term_string\"}}],\"inLanguage\":\"fr-FR\"},{\"@type\":\"Person\",\"@id\":\"https:\/\/educap.io\/#\/schema\/person\/4dffe41e9714c247c451c98157113d60\",\"name\":\"Julie CENTI\",\"image\":{\"@type\":\"ImageObject\",\"inLanguage\":\"fr-FR\",\"@id\":\"https:\/\/educap.io\/#\/schema\/person\/image\/\",\"url\":\"https:\/\/secure.gravatar.com\/avatar\/f6ee0f918680eebf0bf9c06fdceae83423496df35825a3bb0ef85fc06548d5a1?s=96&d=mm&r=g\",\"contentUrl\":\"https:\/\/secure.gravatar.com\/avatar\/f6ee0f918680eebf0bf9c06fdceae83423496df35825a3bb0ef85fc06548d5a1?s=96&d=mm&r=g\",\"caption\":\"Julie CENTI\"},\"url\":\"https:\/\/educap.io\/fr_fr\/author\/emna-benfraj\/\"}]}<\/script>\n<!-- \/ Yoast SEO plugin. -->","yoast_head_json":{"title":"Les B\u00e9n\u00e9fices de l'Apprentissage Adaptatif dans l'\u00c9ducation Primaire - Educap","description":"D\u00e9couvrez les b\u00e9n\u00e9fices de l'apprentissage adaptatif dans l'\u00e9ducation primaire. Apprentissage personnalis\u00e9, engagement accru des \u00e9l\u00e8ves et am\u00e9lioration des r\u00e9sultats scolaires.","robots":{"index":"index","follow":"follow","max-snippet":"max-snippet:-1","max-image-preview":"max-image-preview:large","max-video-preview":"max-video-preview:-1"},"canonical":"https:\/\/educap.io\/fr_fr\/les-benefices-de-lapprentissage-adaptatif-dans-leducation-primaire\/","og_locale":"fr_FR","og_type":"article","og_title":"Les B\u00e9n\u00e9fices de l'Apprentissage Adaptatif dans l'\u00c9ducation Primaire - Educap","og_description":"D\u00e9couvrez les b\u00e9n\u00e9fices de l'apprentissage adaptatif dans l'\u00e9ducation primaire. Apprentissage personnalis\u00e9, engagement accru des \u00e9l\u00e8ves et am\u00e9lioration des r\u00e9sultats scolaires.","og_url":"https:\/\/educap.io\/fr_fr\/les-benefices-de-lapprentissage-adaptatif-dans-leducation-primaire\/","og_site_name":"Educap","article_publisher":"https:\/\/www.facebook.com\/educap.io","article_published_time":"2024-07-19T10:00:00+00:00","article_modified_time":"2024-07-09T16:09:54+00:00","og_image":[{"width":2500,"height":1308,"url":"https:\/\/educap.io\/wp-content\/uploads\/2024\/07\/Blog_Thumbnail_class-27.jpg","type":"image\/jpeg"}],"author":"Julie CENTI","twitter_card":"summary_large_image","twitter_misc":{"\u00c9crit par":"Julie CENTI","Dur\u00e9e de lecture estim\u00e9e":"4 minutes"},"schema":{"@context":"https:\/\/schema.org","@graph":[{"@type":"WebPage","@id":"https:\/\/educap.io\/les-benefices-de-lapprentissage-adaptatif-dans-leducation-primaire\/","url":"https:\/\/educap.io\/les-benefices-de-lapprentissage-adaptatif-dans-leducation-primaire\/","name":"Les B\u00e9n\u00e9fices de l'Apprentissage Adaptatif dans l'\u00c9ducation Primaire - Educap","isPartOf":{"@id":"https:\/\/educap.io\/#website"},"primaryImageOfPage":{"@id":"https:\/\/educap.io\/les-benefices-de-lapprentissage-adaptatif-dans-leducation-primaire\/#primaryimage"},"image":{"@id":"https:\/\/educap.io\/les-benefices-de-lapprentissage-adaptatif-dans-leducation-primaire\/#primaryimage"},"thumbnailUrl":"https:\/\/educap.io\/wp-content\/uploads\/2024\/07\/Blog_Thumbnail_class-27.jpg","datePublished":"2024-07-19T10:00:00+00:00","dateModified":"2024-07-09T16:09:54+00:00","author":{"@id":"https:\/\/educap.io\/#\/schema\/person\/4dffe41e9714c247c451c98157113d60"},"description":"D\u00e9couvrez les b\u00e9n\u00e9fices de l'apprentissage adaptatif dans l'\u00e9ducation primaire. Apprentissage personnalis\u00e9, engagement accru des \u00e9l\u00e8ves et am\u00e9lioration des r\u00e9sultats scolaires.","breadcrumb":{"@id":"https:\/\/educap.io\/les-benefices-de-lapprentissage-adaptatif-dans-leducation-primaire\/#breadcrumb"},"inLanguage":"fr-FR","potentialAction":[{"@type":"ReadAction","target":["https:\/\/educap.io\/les-benefices-de-lapprentissage-adaptatif-dans-leducation-primaire\/"]}]},{"@type":"ImageObject","inLanguage":"fr-FR","@id":"https:\/\/educap.io\/les-benefices-de-lapprentissage-adaptatif-dans-leducation-primaire\/#primaryimage","url":"https:\/\/educap.io\/wp-content\/uploads\/2024\/07\/Blog_Thumbnail_class-27.jpg","contentUrl":"https:\/\/educap.io\/wp-content\/uploads\/2024\/07\/Blog_Thumbnail_class-27.jpg","width":2500,"height":1308},{"@type":"BreadcrumbList","@id":"https:\/\/educap.io\/les-benefices-de-lapprentissage-adaptatif-dans-leducation-primaire\/#breadcrumb","itemListElement":[{"@type":"ListItem","position":1,"name":"Accueil","item":"https:\/\/educap.io\/fr_fr\/"},{"@type":"ListItem","position":2,"name":"Les B\u00e9n\u00e9fices de l&rsquo;Apprentissage Adaptatif dans l&rsquo;\u00c9ducation Primaire"}]},{"@type":"WebSite","@id":"https:\/\/educap.io\/#website","url":"https:\/\/educap.io\/","name":"Educap","description":"","potentialAction":[{"@type":"SearchAction","target":{"@type":"EntryPoint","urlTemplate":"https:\/\/educap.io\/?s={search_term_string}"},"query-input":{"@type":"PropertyValueSpecification","valueRequired":true,"valueName":"search_term_string"}}],"inLanguage":"fr-FR"},{"@type":"Person","@id":"https:\/\/educap.io\/#\/schema\/person\/4dffe41e9714c247c451c98157113d60","name":"Julie CENTI","image":{"@type":"ImageObject","inLanguage":"fr-FR","@id":"https:\/\/educap.io\/#\/schema\/person\/image\/","url":"https:\/\/secure.gravatar.com\/avatar\/f6ee0f918680eebf0bf9c06fdceae83423496df35825a3bb0ef85fc06548d5a1?s=96&d=mm&r=g","contentUrl":"https:\/\/secure.gravatar.com\/avatar\/f6ee0f918680eebf0bf9c06fdceae83423496df35825a3bb0ef85fc06548d5a1?s=96&d=mm&r=g","caption":"Julie CENTI"},"url":"https:\/\/educap.io\/fr_fr\/author\/emna-benfraj\/"}]}},"_links":{"self":[{"href":"https:\/\/educap.io\/fr_fr\/wp-json\/wp\/v2\/posts\/4151","targetHints":{"allow":["GET"]}}],"collection":[{"href":"https:\/\/educap.io\/fr_fr\/wp-json\/wp\/v2\/posts"}],"about":[{"href":"https:\/\/educap.io\/fr_fr\/wp-json\/wp\/v2\/types\/post"}],"author":[{"embeddable":true,"href":"https:\/\/educap.io\/fr_fr\/wp-json\/wp\/v2\/users\/9"}],"replies":[{"embeddable":true,"href":"https:\/\/educap.io\/fr_fr\/wp-json\/wp\/v2\/comments?post=4151"}],"version-history":[{"count":2,"href":"https:\/\/educap.io\/fr_fr\/wp-json\/wp\/v2\/posts\/4151\/revisions"}],"predecessor-version":[{"id":4155,"href":"https:\/\/educap.io\/fr_fr\/wp-json\/wp\/v2\/posts\/4151\/revisions\/4155"}],"wp:featuredmedia":[{"embeddable":true,"href":"https:\/\/educap.io\/fr_fr\/wp-json\/wp\/v2\/media\/4154"}],"wp:attachment":[{"href":"https:\/\/educap.io\/fr_fr\/wp-json\/wp\/v2\/media?parent=4151"}],"wp:term":[{"taxonomy":"category","embeddable":true,"href":"https:\/\/educap.io\/fr_fr\/wp-json\/wp\/v2\/categories?post=4151"},{"taxonomy":"post_tag","embeddable":true,"href":"https:\/\/educap.io\/fr_fr\/wp-json\/wp\/v2\/tags?post=4151"}],"curies":[{"name":"wp","href":"https:\/\/api.w.org\/{rel}","templated":true}]}}