{"id":3998,"date":"2024-06-28T10:00:00","date_gmt":"2024-06-28T10:00:00","guid":{"rendered":"https:\/\/educap.io\/?p=3998"},"modified":"2024-06-28T12:34:03","modified_gmt":"2024-06-28T12:34:03","slug":"lart-comme-outil-pedagogique-stimuler-creativite-et-apprentissage","status":"publish","type":"post","link":"https:\/\/educap.io\/fr_fr\/lart-comme-outil-pedagogique-stimuler-creativite-et-apprentissage\/","title":{"rendered":"L&rsquo;Art comme Outil P\u00e9dagogique : Stimuler la Cr\u00e9ativit\u00e9 et l&rsquo;Apprentissage"},"content":{"rendered":"\n<p><a href=\"https:\/\/educap.io\/blog\/\">L&rsquo;int\u00e9gration de l&rsquo;art dans le curriculum scolaire n&rsquo;est pas seulement une mani\u00e8re d&rsquo;agr\u00e9menter les journ\u00e9es des \u00e9l\u00e8ves. C&rsquo;est une strat\u00e9gie p\u00e9dagogique puissante pour stimuler la cr\u00e9ativit\u00e9, am\u00e9liorer l&rsquo;apprentissage et enrichir l&rsquo;exp\u00e9rience \u00e9ducative globale. Cet article explore comment l&rsquo;art peut \u00eatre utilis\u00e9 comme un outil p\u00e9dagogique efficace, les avantages pour les \u00e9l\u00e8ves, et comment les enseignants peuvent l&rsquo;int\u00e9grer dans leurs cours<\/a>.<\/p>\n\n\n\n<figure class=\"wp-block-image size-large\"><img fetchpriority=\"high\" decoding=\"async\" width=\"1024\" height=\"1024\" src=\"https:\/\/educap.io\/wp-content\/uploads\/2024\/06\/educap-4-1024x1024.png\" alt=\"L'Art comme Outil P\u00e9dagogique : Stimuler la Cr\u00e9ativit\u00e9 et l'Apprentissage\" class=\"wp-image-3999\" srcset=\"https:\/\/educap.io\/wp-content\/uploads\/2024\/06\/educap-4-1024x1024.png 1024w, https:\/\/educap.io\/wp-content\/uploads\/2024\/06\/educap-4-300x300.png 300w, https:\/\/educap.io\/wp-content\/uploads\/2024\/06\/educap-4-150x150.png 150w, https:\/\/educap.io\/wp-content\/uploads\/2024\/06\/educap-4-768x768.png 768w, https:\/\/educap.io\/wp-content\/uploads\/2024\/06\/educap-4-700x700.png 700w, https:\/\/educap.io\/wp-content\/uploads\/2024\/06\/educap-4.png 1200w\" sizes=\"(max-width: 1024px) 100vw, 1024px\" \/><\/figure>\n\n\n\n<h3 class=\"wp-block-heading\">L&rsquo;Importance de l&rsquo;Art dans l&rsquo;\u00c9ducation<\/h3>\n\n\n\n<p>L&rsquo;art joue un r\u00f4le crucial dans le d\u00e9veloppement des comp\u00e9tences essentielles chez les \u00e9l\u00e8ves. Les activit\u00e9s artistiques comme le dessin, la peinture, la musique et le th\u00e9\u00e2tre encouragent l&rsquo;expression personnelle. Elles permettent aux \u00e9l\u00e8ves d&rsquo;explorer et de communiquer leurs \u00e9motions et leurs id\u00e9es de mani\u00e8re cr\u00e9ative. Ces comp\u00e9tences sont transf\u00e9rables \u00e0 d&rsquo;autres domaines acad\u00e9miques et \u00e0 la vie quotidienne.<\/p>\n\n\n\n<h3 class=\"wp-block-heading\">Avantages Cognitifs de l&rsquo;Art comme Outil P\u00e9dagogique<\/h3>\n\n\n\n<p>L&rsquo;implication dans des activit\u00e9s artistiques aide \u00e0 d\u00e9velopper des comp\u00e9tences cognitives telles que la pens\u00e9e critique, la r\u00e9solution de probl\u00e8mes et la prise de d\u00e9cision. Les \u00e9l\u00e8ves apprennent \u00e0 analyser, \u00e9valuer et synth\u00e9tiser l&rsquo;information. Ces comp\u00e9tences sont essentielles pour la r\u00e9ussite acad\u00e9mique et professionnelle.<\/p>\n\n\n\n<h3 class=\"wp-block-heading\">Avantages Sociaux et \u00c9motionnels de l&rsquo;Art<\/h3>\n\n\n\n<p>L&rsquo;art favorise \u00e9galement le d\u00e9veloppement social et \u00e9motionnel. Les projets artistiques collaboratifs renforcent les comp\u00e9tences de communication, la coop\u00e9ration et la capacit\u00e9 \u00e0 travailler en \u00e9quipe. De plus, l&rsquo;art peut \u00eatre th\u00e9rapeutique. Il aide les \u00e9l\u00e8ves \u00e0 g\u00e9rer le stress, \u00e0 am\u00e9liorer leur bien-\u00eatre \u00e9motionnel et \u00e0 augmenter leur estime de soi.<\/p>\n\n\n\n<h3 class=\"wp-block-heading\">Comment Int\u00e9grer l&rsquo;Art comme Outil P\u00e9dagogique<\/h3>\n\n\n\n<h4 class=\"wp-block-heading\">Projets Interdisciplinaires<\/h4>\n\n\n\n<p>Une des fa\u00e7ons les plus efficaces d&rsquo;int\u00e9grer l&rsquo;art dans l&rsquo;enseignement est par le biais de projets interdisciplinaires. Par exemple, les enseignants peuvent combiner l&rsquo;histoire et l&rsquo;art. Ils peuvent demander aux \u00e9l\u00e8ves de cr\u00e9er des \u0153uvres inspir\u00e9es par une p\u00e9riode historique \u00e9tudi\u00e9e en classe. De m\u00eame, les sciences et l&rsquo;art peuvent \u00eatre fusionn\u00e9s. On peut demander aux \u00e9l\u00e8ves de dessiner des diagrammes scientifiques ou de cr\u00e9er des mod\u00e8les artistiques de concepts scientifiques.<\/p>\n\n\n\n<h4 class=\"wp-block-heading\">Utilisation de la Technologie pour Int\u00e9grer l&rsquo;Art<\/h4>\n\n\n\n<p>La technologie offre de nouvelles possibilit\u00e9s pour int\u00e9grer l&rsquo;art dans l&rsquo;enseignement. Les logiciels de cr\u00e9ation artistique, les applications de dessin num\u00e9rique et les outils de r\u00e9alit\u00e9 virtuelle permettent aux \u00e9l\u00e8ves de cr\u00e9er et d&rsquo;explorer l&rsquo;art de mani\u00e8re innovante. Ces outils peuvent rendre l&rsquo;apprentissage plus engageant et accessible, en particulier pour les \u00e9l\u00e8ves ayant des besoins \u00e9ducatifs sp\u00e9ciaux.<\/p>\n\n\n\n<h4 class=\"wp-block-heading\">Ateliers et Projets Sp\u00e9ciaux<\/h4>\n\n\n\n<p>Organiser des ateliers artistiques et des projets sp\u00e9ciaux est une autre m\u00e9thode efficace. Les enseignants peuvent inviter des artistes locaux \u00e0 donner des cours ou organiser des expositions d&rsquo;art \u00e9tudiant. Ces activit\u00e9s offrent aux \u00e9l\u00e8ves l&rsquo;opportunit\u00e9 de s&rsquo;immerger dans des exp\u00e9riences artistiques authentiques et de recevoir des retours constructifs sur leur travail.<\/p>\n\n\n\n<h3 class=\"wp-block-heading\">Exemples de Projets Artistiques en Classe<\/h3>\n\n\n\n<ol class=\"wp-block-list\">\n<li><strong>Cr\u00e9ation de Murales<\/strong> : Les \u00e9l\u00e8ves peuvent travailler ensemble pour concevoir et peindre une murale sur un th\u00e8me sp\u00e9cifique, tel que l&rsquo;environnement, la culture ou l&rsquo;histoire locale.<\/li>\n\n\n\n<li><strong>Th\u00e9\u00e2tre et Jeux de R\u00f4le<\/strong> : Int\u00e9grer le th\u00e9\u00e2tre dans les cours de langue ou d&rsquo;histoire peut aider les \u00e9l\u00e8ves \u00e0 comprendre et \u00e0 incarner les personnages et les \u00e9v\u00e9nements qu&rsquo;ils \u00e9tudient.<\/li>\n\n\n\n<li><strong>Projets de Sculpture<\/strong> : Utiliser des mat\u00e9riaux recycl\u00e9s pour cr\u00e9er des sculptures peut enseigner aux \u00e9l\u00e8ves l&rsquo;importance de la durabilit\u00e9 tout en d\u00e9veloppant leur cr\u00e9ativit\u00e9.<\/li>\n\n\n\n<li><strong>Illustration de Livres<\/strong> : Demander aux \u00e9l\u00e8ves d&rsquo;illustrer des histoires qu&rsquo;ils \u00e9crivent ou des livres qu&rsquo;ils lisent peut renforcer leur compr\u00e9hension et leur appr\u00e9ciation de la litt\u00e9rature.<\/li>\n<\/ol>\n\n\n\n<h3 class=\"wp-block-heading\">T\u00e9moignages d&rsquo;Enseignants et d&rsquo;\u00c9l\u00e8ves<\/h3>\n\n\n\n<p>Les enseignants et les \u00e9l\u00e8ves rapportent souvent des exp\u00e9riences positives avec l&rsquo;int\u00e9gration de l&rsquo;art dans l&rsquo;enseignement. Par exemple, Mme Dupont, une enseignante de primaire, a remarqu\u00e9 que ses \u00e9l\u00e8ves \u00e9taient plus engag\u00e9s et participatifs lorsqu&rsquo;ils travaillaient sur des projets artistiques. De m\u00eame, Julien, un \u00e9l\u00e8ve de 12 ans, a exprim\u00e9 qu&rsquo;il avait trouv\u00e9 une nouvelle passion pour le dessin gr\u00e2ce \u00e0 un projet de classe.<\/p>\n\n\n\n<h3 class=\"wp-block-heading\">Conclusion<\/h3>\n\n\n\n<p>L&rsquo;art comme outil p\u00e9dagogique offre une multitude de b\u00e9n\u00e9fices pour les \u00e9l\u00e8ves. Il va du d\u00e9veloppement cognitif \u00e0 l&rsquo;am\u00e9lioration du bien-\u00eatre \u00e9motionnel. En int\u00e9grant l&rsquo;art dans le curriculum, les enseignants peuvent cr\u00e9er un environnement d&rsquo;apprentissage plus dynamique, engageant et inclusif. Que ce soit par le biais de projets interdisciplinaires, de l&rsquo;utilisation de la technologie ou d&rsquo;ateliers artistiques, l&rsquo;art a le pouvoir de transformer l&rsquo;exp\u00e9rience \u00e9ducative. Il pr\u00e9pare aussi les \u00e9l\u00e8ves \u00e0 une vie riche en cr\u00e9ativit\u00e9 et en r\u00e9flexion critique.<\/p>\n\n\n\n<p><\/p>\n","protected":false},"excerpt":{"rendered":"<p>L&rsquo;int\u00e9gration de l&rsquo;art dans le curriculum scolaire n&rsquo;est pas seulement une mani\u00e8re d&rsquo;agr\u00e9menter les journ\u00e9es des \u00e9l\u00e8ves. C&rsquo;est une strat\u00e9gie p\u00e9dagogique puissante pour stimuler la cr\u00e9ativit\u00e9, am\u00e9liorer l&rsquo;apprentissage et enrichir l&rsquo;exp\u00e9rience \u00e9ducative globale. Cet article explore comment l&rsquo;art peut \u00eatre utilis\u00e9 comme un outil p\u00e9dagogique efficace, les avantages pour les \u00e9l\u00e8ves, et comment les enseignants [&hellip;]<\/p>\n","protected":false},"author":9,"featured_media":3999,"comment_status":"open","ping_status":"open","sticky":false,"template":"","format":"standard","meta":{"footnotes":""},"categories":[1],"tags":[],"class_list":["post-3998","post","type-post","status-publish","format-standard","has-post-thumbnail","hentry","category-blog"],"yoast_head":"<!-- This site is optimized with the Yoast SEO plugin v24.2 - https:\/\/yoast.com\/wordpress\/plugins\/seo\/ -->\n<title>L&#039;Art comme Outil P\u00e9dagogique : Stimuler la Cr\u00e9ativit\u00e9 et l&#039;Apprentissage - Educap<\/title>\n<meta name=\"description\" content=\"L&#039;art comme outil p\u00e9dagogique : D\u00e9couvrez comment l&#039;int\u00e9gration de l&#039;art stimule la cr\u00e9ativit\u00e9 et l&#039;apprentissage des \u00e9l\u00e8ves.\" \/>\n<meta name=\"robots\" content=\"index, follow, max-snippet:-1, max-image-preview:large, max-video-preview:-1\" \/>\n<link rel=\"canonical\" href=\"https:\/\/educap.io\/fr_fr\/lart-comme-outil-pedagogique-stimuler-creativite-et-apprentissage\/\" \/>\n<meta property=\"og:locale\" content=\"fr_FR\" \/>\n<meta property=\"og:type\" content=\"article\" \/>\n<meta property=\"og:title\" content=\"L&#039;Art comme Outil P\u00e9dagogique : Stimuler la Cr\u00e9ativit\u00e9 et l&#039;Apprentissage - Educap\" \/>\n<meta property=\"og:description\" content=\"L&#039;art comme outil p\u00e9dagogique : D\u00e9couvrez comment l&#039;int\u00e9gration de l&#039;art stimule la cr\u00e9ativit\u00e9 et l&#039;apprentissage des \u00e9l\u00e8ves.\" \/>\n<meta property=\"og:url\" content=\"https:\/\/educap.io\/fr_fr\/lart-comme-outil-pedagogique-stimuler-creativite-et-apprentissage\/\" \/>\n<meta property=\"og:site_name\" content=\"Educap\" \/>\n<meta property=\"article:publisher\" content=\"https:\/\/www.facebook.com\/educap.io\" \/>\n<meta property=\"article:published_time\" content=\"2024-06-28T10:00:00+00:00\" \/>\n<meta property=\"article:modified_time\" content=\"2024-06-28T12:34:03+00:00\" \/>\n<meta property=\"og:image\" content=\"https:\/\/educap.io\/wp-content\/uploads\/2024\/06\/educap-4-1024x1024.png\" \/>\n\t<meta property=\"og:image:width\" content=\"1024\" \/>\n\t<meta property=\"og:image:height\" content=\"1024\" \/>\n\t<meta property=\"og:image:type\" content=\"image\/png\" \/>\n<meta name=\"author\" content=\"Julie CENTI\" \/>\n<meta name=\"twitter:card\" content=\"summary_large_image\" \/>\n<meta name=\"twitter:label1\" content=\"\u00c9crit par\" \/>\n\t<meta name=\"twitter:data1\" content=\"Julie CENTI\" \/>\n\t<meta name=\"twitter:label2\" content=\"Dur\u00e9e de lecture estim\u00e9e\" \/>\n\t<meta name=\"twitter:data2\" content=\"4 minutes\" \/>\n<script type=\"application\/ld+json\" class=\"yoast-schema-graph\">{\"@context\":\"https:\/\/schema.org\",\"@graph\":[{\"@type\":\"WebPage\",\"@id\":\"https:\/\/educap.io\/lart-comme-outil-pedagogique-stimuler-creativite-et-apprentissage\/\",\"url\":\"https:\/\/educap.io\/lart-comme-outil-pedagogique-stimuler-creativite-et-apprentissage\/\",\"name\":\"L'Art comme Outil P\u00e9dagogique : Stimuler la Cr\u00e9ativit\u00e9 et l'Apprentissage - Educap\",\"isPartOf\":{\"@id\":\"https:\/\/educap.io\/#website\"},\"primaryImageOfPage\":{\"@id\":\"https:\/\/educap.io\/lart-comme-outil-pedagogique-stimuler-creativite-et-apprentissage\/#primaryimage\"},\"image\":{\"@id\":\"https:\/\/educap.io\/lart-comme-outil-pedagogique-stimuler-creativite-et-apprentissage\/#primaryimage\"},\"thumbnailUrl\":\"https:\/\/educap.io\/wp-content\/uploads\/2024\/06\/educap-4.png\",\"datePublished\":\"2024-06-28T10:00:00+00:00\",\"dateModified\":\"2024-06-28T12:34:03+00:00\",\"author\":{\"@id\":\"https:\/\/educap.io\/#\/schema\/person\/4dffe41e9714c247c451c98157113d60\"},\"description\":\"L'art comme outil p\u00e9dagogique : D\u00e9couvrez comment l'int\u00e9gration de l'art stimule la cr\u00e9ativit\u00e9 et l'apprentissage des \u00e9l\u00e8ves.\",\"breadcrumb\":{\"@id\":\"https:\/\/educap.io\/lart-comme-outil-pedagogique-stimuler-creativite-et-apprentissage\/#breadcrumb\"},\"inLanguage\":\"fr-FR\",\"potentialAction\":[{\"@type\":\"ReadAction\",\"target\":[\"https:\/\/educap.io\/lart-comme-outil-pedagogique-stimuler-creativite-et-apprentissage\/\"]}]},{\"@type\":\"ImageObject\",\"inLanguage\":\"fr-FR\",\"@id\":\"https:\/\/educap.io\/lart-comme-outil-pedagogique-stimuler-creativite-et-apprentissage\/#primaryimage\",\"url\":\"https:\/\/educap.io\/wp-content\/uploads\/2024\/06\/educap-4.png\",\"contentUrl\":\"https:\/\/educap.io\/wp-content\/uploads\/2024\/06\/educap-4.png\",\"width\":1200,\"height\":1200},{\"@type\":\"BreadcrumbList\",\"@id\":\"https:\/\/educap.io\/lart-comme-outil-pedagogique-stimuler-creativite-et-apprentissage\/#breadcrumb\",\"itemListElement\":[{\"@type\":\"ListItem\",\"position\":1,\"name\":\"Accueil\",\"item\":\"https:\/\/educap.io\/fr_fr\/\"},{\"@type\":\"ListItem\",\"position\":2,\"name\":\"L&rsquo;Art comme Outil P\u00e9dagogique : Stimuler la Cr\u00e9ativit\u00e9 et l&rsquo;Apprentissage\"}]},{\"@type\":\"WebSite\",\"@id\":\"https:\/\/educap.io\/#website\",\"url\":\"https:\/\/educap.io\/\",\"name\":\"Educap\",\"description\":\"\",\"potentialAction\":[{\"@type\":\"SearchAction\",\"target\":{\"@type\":\"EntryPoint\",\"urlTemplate\":\"https:\/\/educap.io\/?s={search_term_string}\"},\"query-input\":{\"@type\":\"PropertyValueSpecification\",\"valueRequired\":true,\"valueName\":\"search_term_string\"}}],\"inLanguage\":\"fr-FR\"},{\"@type\":\"Person\",\"@id\":\"https:\/\/educap.io\/#\/schema\/person\/4dffe41e9714c247c451c98157113d60\",\"name\":\"Julie CENTI\",\"image\":{\"@type\":\"ImageObject\",\"inLanguage\":\"fr-FR\",\"@id\":\"https:\/\/educap.io\/#\/schema\/person\/image\/\",\"url\":\"https:\/\/secure.gravatar.com\/avatar\/f6ee0f918680eebf0bf9c06fdceae83423496df35825a3bb0ef85fc06548d5a1?s=96&d=mm&r=g\",\"contentUrl\":\"https:\/\/secure.gravatar.com\/avatar\/f6ee0f918680eebf0bf9c06fdceae83423496df35825a3bb0ef85fc06548d5a1?s=96&d=mm&r=g\",\"caption\":\"Julie CENTI\"},\"url\":\"https:\/\/educap.io\/fr_fr\/author\/emna-benfraj\/\"}]}<\/script>\n<!-- \/ Yoast SEO plugin. -->","yoast_head_json":{"title":"L'Art comme Outil P\u00e9dagogique : Stimuler la Cr\u00e9ativit\u00e9 et l'Apprentissage - Educap","description":"L'art comme outil p\u00e9dagogique : D\u00e9couvrez comment l'int\u00e9gration de l'art stimule la cr\u00e9ativit\u00e9 et l'apprentissage des \u00e9l\u00e8ves.","robots":{"index":"index","follow":"follow","max-snippet":"max-snippet:-1","max-image-preview":"max-image-preview:large","max-video-preview":"max-video-preview:-1"},"canonical":"https:\/\/educap.io\/fr_fr\/lart-comme-outil-pedagogique-stimuler-creativite-et-apprentissage\/","og_locale":"fr_FR","og_type":"article","og_title":"L'Art comme Outil P\u00e9dagogique : Stimuler la Cr\u00e9ativit\u00e9 et l'Apprentissage - Educap","og_description":"L'art comme outil p\u00e9dagogique : D\u00e9couvrez comment l'int\u00e9gration de l'art stimule la cr\u00e9ativit\u00e9 et l'apprentissage des \u00e9l\u00e8ves.","og_url":"https:\/\/educap.io\/fr_fr\/lart-comme-outil-pedagogique-stimuler-creativite-et-apprentissage\/","og_site_name":"Educap","article_publisher":"https:\/\/www.facebook.com\/educap.io","article_published_time":"2024-06-28T10:00:00+00:00","article_modified_time":"2024-06-28T12:34:03+00:00","og_image":[{"width":1024,"height":1024,"url":"https:\/\/educap.io\/wp-content\/uploads\/2024\/06\/educap-4-1024x1024.png","type":"image\/png"}],"author":"Julie CENTI","twitter_card":"summary_large_image","twitter_misc":{"\u00c9crit par":"Julie CENTI","Dur\u00e9e de lecture estim\u00e9e":"4 minutes"},"schema":{"@context":"https:\/\/schema.org","@graph":[{"@type":"WebPage","@id":"https:\/\/educap.io\/lart-comme-outil-pedagogique-stimuler-creativite-et-apprentissage\/","url":"https:\/\/educap.io\/lart-comme-outil-pedagogique-stimuler-creativite-et-apprentissage\/","name":"L'Art comme Outil P\u00e9dagogique : Stimuler la Cr\u00e9ativit\u00e9 et l'Apprentissage - Educap","isPartOf":{"@id":"https:\/\/educap.io\/#website"},"primaryImageOfPage":{"@id":"https:\/\/educap.io\/lart-comme-outil-pedagogique-stimuler-creativite-et-apprentissage\/#primaryimage"},"image":{"@id":"https:\/\/educap.io\/lart-comme-outil-pedagogique-stimuler-creativite-et-apprentissage\/#primaryimage"},"thumbnailUrl":"https:\/\/educap.io\/wp-content\/uploads\/2024\/06\/educap-4.png","datePublished":"2024-06-28T10:00:00+00:00","dateModified":"2024-06-28T12:34:03+00:00","author":{"@id":"https:\/\/educap.io\/#\/schema\/person\/4dffe41e9714c247c451c98157113d60"},"description":"L'art comme outil p\u00e9dagogique : D\u00e9couvrez comment l'int\u00e9gration de l'art stimule la cr\u00e9ativit\u00e9 et l'apprentissage des \u00e9l\u00e8ves.","breadcrumb":{"@id":"https:\/\/educap.io\/lart-comme-outil-pedagogique-stimuler-creativite-et-apprentissage\/#breadcrumb"},"inLanguage":"fr-FR","potentialAction":[{"@type":"ReadAction","target":["https:\/\/educap.io\/lart-comme-outil-pedagogique-stimuler-creativite-et-apprentissage\/"]}]},{"@type":"ImageObject","inLanguage":"fr-FR","@id":"https:\/\/educap.io\/lart-comme-outil-pedagogique-stimuler-creativite-et-apprentissage\/#primaryimage","url":"https:\/\/educap.io\/wp-content\/uploads\/2024\/06\/educap-4.png","contentUrl":"https:\/\/educap.io\/wp-content\/uploads\/2024\/06\/educap-4.png","width":1200,"height":1200},{"@type":"BreadcrumbList","@id":"https:\/\/educap.io\/lart-comme-outil-pedagogique-stimuler-creativite-et-apprentissage\/#breadcrumb","itemListElement":[{"@type":"ListItem","position":1,"name":"Accueil","item":"https:\/\/educap.io\/fr_fr\/"},{"@type":"ListItem","position":2,"name":"L&rsquo;Art comme Outil P\u00e9dagogique : Stimuler la Cr\u00e9ativit\u00e9 et l&rsquo;Apprentissage"}]},{"@type":"WebSite","@id":"https:\/\/educap.io\/#website","url":"https:\/\/educap.io\/","name":"Educap","description":"","potentialAction":[{"@type":"SearchAction","target":{"@type":"EntryPoint","urlTemplate":"https:\/\/educap.io\/?s={search_term_string}"},"query-input":{"@type":"PropertyValueSpecification","valueRequired":true,"valueName":"search_term_string"}}],"inLanguage":"fr-FR"},{"@type":"Person","@id":"https:\/\/educap.io\/#\/schema\/person\/4dffe41e9714c247c451c98157113d60","name":"Julie CENTI","image":{"@type":"ImageObject","inLanguage":"fr-FR","@id":"https:\/\/educap.io\/#\/schema\/person\/image\/","url":"https:\/\/secure.gravatar.com\/avatar\/f6ee0f918680eebf0bf9c06fdceae83423496df35825a3bb0ef85fc06548d5a1?s=96&d=mm&r=g","contentUrl":"https:\/\/secure.gravatar.com\/avatar\/f6ee0f918680eebf0bf9c06fdceae83423496df35825a3bb0ef85fc06548d5a1?s=96&d=mm&r=g","caption":"Julie CENTI"},"url":"https:\/\/educap.io\/fr_fr\/author\/emna-benfraj\/"}]}},"_links":{"self":[{"href":"https:\/\/educap.io\/fr_fr\/wp-json\/wp\/v2\/posts\/3998","targetHints":{"allow":["GET"]}}],"collection":[{"href":"https:\/\/educap.io\/fr_fr\/wp-json\/wp\/v2\/posts"}],"about":[{"href":"https:\/\/educap.io\/fr_fr\/wp-json\/wp\/v2\/types\/post"}],"author":[{"embeddable":true,"href":"https:\/\/educap.io\/fr_fr\/wp-json\/wp\/v2\/users\/9"}],"replies":[{"embeddable":true,"href":"https:\/\/educap.io\/fr_fr\/wp-json\/wp\/v2\/comments?post=3998"}],"version-history":[{"count":1,"href":"https:\/\/educap.io\/fr_fr\/wp-json\/wp\/v2\/posts\/3998\/revisions"}],"predecessor-version":[{"id":4000,"href":"https:\/\/educap.io\/fr_fr\/wp-json\/wp\/v2\/posts\/3998\/revisions\/4000"}],"wp:featuredmedia":[{"embeddable":true,"href":"https:\/\/educap.io\/fr_fr\/wp-json\/wp\/v2\/media\/3999"}],"wp:attachment":[{"href":"https:\/\/educap.io\/fr_fr\/wp-json\/wp\/v2\/media?parent=3998"}],"wp:term":[{"taxonomy":"category","embeddable":true,"href":"https:\/\/educap.io\/fr_fr\/wp-json\/wp\/v2\/categories?post=3998"},{"taxonomy":"post_tag","embeddable":true,"href":"https:\/\/educap.io\/fr_fr\/wp-json\/wp\/v2\/tags?post=3998"}],"curies":[{"name":"wp","href":"https:\/\/api.w.org\/{rel}","templated":true}]}}