{"id":3495,"date":"2024-04-25T07:11:53","date_gmt":"2024-04-25T07:11:53","guid":{"rendered":"https:\/\/educap.io\/?p=3495"},"modified":"2024-04-12T19:33:09","modified_gmt":"2024-04-12T19:33:09","slug":"lequilibre-emotionnel-et-social-de-vos-enfants","status":"publish","type":"post","link":"https:\/\/educap.io\/fr_fr\/lequilibre-emotionnel-et-social-de-vos-enfants\/","title":{"rendered":"L&rsquo;\u00e9quilibre \u00e9motionnel et social de vos enfants"},"content":{"rendered":"\n<h2 class=\"wp-block-heading\">Parentalit\u00e9 d&rsquo;\u00e9lite : l&rsquo;art de soutenir L&rsquo;\u00e9quilibre \u00e9motionnel et social de vos enfants<\/h2>\n\n\n\n<p>Bienvenue dans notre exploration d\u00e9di\u00e9e \u00e0 la parentalit\u00e9 d&rsquo;\u00e9lite, o\u00f9 nous d\u00e9voilerons les secrets du r\u00f4le essentiel des parents dans l&rsquo;\u00e9quilibre \u00e9motionnel et social de leurs enfants.<br>Bien au-del\u00e0 des manuels scolaires, cette aventure \u00e9ducative r\u00e9v\u00e8le la magie de construire un <a href=\"https:\/\/educap.io\/comment-aider-votre-enfant-a-trouver-lequilibre-entre-vie-scolaire-et-vie-sociale\/\">\u00e9quilibre<\/a> \u00e9motionnel et social solide.<\/p>\n\n\n\n<p>Dans cet article, embarquez avec nous pour d\u00e9couvrir comment les parents peuvent devenir des ma\u00eetres d&rsquo;orchestre, sculptant avec finesse l&rsquo;\u00e9panouissement de leurs enfants.<\/p>\n\n\n\n<h3 class=\"wp-block-heading\"><strong>Les Fondations du Bien-\u00catre \u00c9motionnel<\/strong><\/h3>\n\n\n\n<p>La parentalit\u00e9 d&rsquo;\u00e9lite commence par la cr\u00e9ation de bases solides pour le bien-\u00eatre \u00e9motionnel de nos enfants.<br>C&rsquo;est une immersion dans la connexion profonde, o\u00f9 le temps de qualit\u00e9 allou\u00e9 \u00e0 l&rsquo;\u00e9coute de leurs pr\u00e9occupations et le partage d&rsquo;exp\u00e9riences deviennent les \u00e9l\u00e9ments nutritifs essentiels pour le d\u00e9veloppement \u00e9motionnel.<\/p>\n\n\n\n<h3 class=\"wp-block-heading\"><strong>Communication Ouverte \u00e0 l&rsquo;\u00c8re Num\u00e9rique<\/strong><\/h3>\n\n\n\n<p>Dans cette qu\u00eate d&rsquo;\u00e9lite, Educap se profile comme le partenaire de communication privil\u00e9gi\u00e9. Suivre les progr\u00e8s acad\u00e9miques de vos enfants devient bien plus qu&rsquo;une simple t\u00e2che administrative.<br>&#8211; Utilisez ces informations comme une base pour des discussions franches.<br>&#8211; Interrogez-les sur leurs ressentis face aux d\u00e9fis scolaires, transformant ainsi Educap en une passerelle vers un soutien \u00e9motionnel adapt\u00e9.<\/p>\n\n\n\n<h3 class=\"wp-block-heading\"><strong>Encourager des Relations Sociales Positives<\/strong><\/h3>\n\n\n\n<p>La parentalit\u00e9 d&rsquo;\u00e9lite reconna\u00eet l&rsquo;importance cruciale du volet social.<br>Encouragez activement vos enfants \u00e0 cultiver des relations positives avec leurs<br>pairs.<br>Organisez des rencontres, participez \u00e0 des activit\u00e9s parascolaires et fa\u00e7onnez le d\u00e9veloppement de comp\u00e9tences sociales essentielles \u00e0 leur parcours de vie.<\/p>\n\n\n\n<h3 class=\"wp-block-heading\"><strong>Enseigner la Gestion des \u00c9motions<\/strong> pour un \u00e9quilibre \u00e9motionnel et social de vos enfants<\/h3>\n\n\n\n<p>Educap, en tant que fen\u00eatre sur les hauts et les bas acad\u00e9miques, devient \u00e9galement un outil pour enseigner la gestion des \u00e9motions.<br>Guidez vos enfants dans la fa\u00e7on de surmonter les \u00e9checs, de c\u00e9l\u00e9brer les succ\u00e8s, et de g\u00e9rer le stress de mani\u00e8re \u00e9quilibr\u00e9e.<\/p>\n\n\n\n<h3 class=\"wp-block-heading\"><strong>Mod\u00e9liser le Comportement Souhait\u00e9<\/strong><\/h3>\n\n\n\n<p>Les parents d&rsquo;\u00e9lite sont des mod\u00e8les vivants.<br>Montrez \u00e0 vos enfants comment r\u00e9soudre les conflits, exprimer leurs \u00e9motions de mani\u00e8re appropri\u00e9e, et respecter les autres.<br>Chaque interaction devient une le\u00e7on, chaque comportement une empreinte sur leur propre d\u00e9veloppement.<\/p>\n\n\n\n<p><strong>En conclusion,<\/strong> le Soutien est le Pilier Fondamental de l&rsquo;\u00c9ducation.<\/p>\n\n\n\n<p>En tant que parents d&rsquo;\u00e9lite, nous sommes les architectes du bien-\u00eatre \u00e9motionnel et social de nos enfants.<\/p>\n\n\n\n<p><br><strong>Educap, notre compagnon num\u00e9rique, amplifie notre impact.<\/strong><\/p>\n\n\n\n<p><strong><br><\/strong>L&rsquo;\u00e9ducation, dans notre qu\u00eate d&rsquo;\u00e9lite, se mesure non seulement par des notes, mais aussi par la r\u00e9silience, la gentillesse, et la capacit\u00e9 \u00e0 naviguer \u00e0 travers les complexit\u00e9s \u00e9motionnelles de la vie.<\/p>\n\n\n\n<p><br>Unissons nos efforts pour \u00e9lever une g\u00e9n\u00e9ration \u00e9motionnellement \u00e9quilibr\u00e9e et socialement consciente.<\/p>\n\n\n\n<p><strong>\u00c9duquons, inspirons, et grandissons ensemble !<\/strong><\/p>\n\n\n\n<p><\/p>\n\n\n\n<p><\/p>\n","protected":false},"excerpt":{"rendered":"<p>Parentalit\u00e9 d&rsquo;\u00e9lite : l&rsquo;art de soutenir L&rsquo;\u00e9quilibre \u00e9motionnel et social de vos enfants Bienvenue dans notre exploration d\u00e9di\u00e9e \u00e0 la parentalit\u00e9 d&rsquo;\u00e9lite, o\u00f9 nous d\u00e9voilerons les secrets du r\u00f4le essentiel des parents dans l&rsquo;\u00e9quilibre \u00e9motionnel et social de leurs enfants.Bien au-del\u00e0 des manuels scolaires, cette aventure \u00e9ducative r\u00e9v\u00e8le la magie de construire un \u00e9quilibre \u00e9motionnel [&hellip;]<\/p>\n","protected":false},"author":9,"featured_media":3497,"comment_status":"open","ping_status":"open","sticky":false,"template":"","format":"standard","meta":{"footnotes":""},"categories":[1],"tags":[],"class_list":["post-3495","post","type-post","status-publish","format-standard","has-post-thumbnail","hentry","category-blog"],"yoast_head":"<!-- This site is optimized with the Yoast SEO plugin v24.2 - https:\/\/yoast.com\/wordpress\/plugins\/seo\/ -->\n<title>L&#039;\u00e9quilibre \u00e9motionnel et social de vos enfants - Educap<\/title>\n<meta name=\"description\" content=\"L&#039;\u00e9quilibre \u00e9motionnel et social de vos enfants est un pilier essentiel de leur d\u00e9veloppement.\" \/>\n<meta name=\"robots\" content=\"index, follow, max-snippet:-1, max-image-preview:large, max-video-preview:-1\" \/>\n<link rel=\"canonical\" href=\"https:\/\/educap.io\/fr_fr\/lequilibre-emotionnel-et-social-de-vos-enfants\/\" \/>\n<meta property=\"og:locale\" content=\"fr_FR\" \/>\n<meta property=\"og:type\" content=\"article\" \/>\n<meta property=\"og:title\" content=\"L&#039;\u00e9quilibre \u00e9motionnel et social de vos enfants - Educap\" \/>\n<meta property=\"og:description\" content=\"L&#039;\u00e9quilibre \u00e9motionnel et social de vos enfants est un pilier essentiel de leur d\u00e9veloppement.\" \/>\n<meta property=\"og:url\" content=\"https:\/\/educap.io\/fr_fr\/lequilibre-emotionnel-et-social-de-vos-enfants\/\" \/>\n<meta property=\"og:site_name\" content=\"Educap\" \/>\n<meta property=\"article:publisher\" content=\"https:\/\/www.facebook.com\/educap.io\" \/>\n<meta property=\"article:published_time\" content=\"2024-04-25T07:11:53+00:00\" \/>\n<meta property=\"article:modified_time\" content=\"2024-04-12T19:33:09+00:00\" \/>\n<meta property=\"og:image\" content=\"https:\/\/educap.io\/wp-content\/uploads\/2024\/04\/smiley-little-kids-holding-hands-scaled.jpg\" \/>\n\t<meta property=\"og:image:width\" content=\"2560\" \/>\n\t<meta property=\"og:image:height\" content=\"1707\" \/>\n\t<meta property=\"og:image:type\" content=\"image\/jpeg\" \/>\n<meta name=\"author\" content=\"Julie CENTI\" \/>\n<meta name=\"twitter:card\" content=\"summary_large_image\" \/>\n<meta name=\"twitter:label1\" content=\"\u00c9crit par\" \/>\n\t<meta name=\"twitter:data1\" content=\"Julie CENTI\" \/>\n\t<meta name=\"twitter:label2\" content=\"Dur\u00e9e de lecture estim\u00e9e\" \/>\n\t<meta name=\"twitter:data2\" content=\"3 minutes\" \/>\n<script type=\"application\/ld+json\" class=\"yoast-schema-graph\">{\"@context\":\"https:\/\/schema.org\",\"@graph\":[{\"@type\":\"WebPage\",\"@id\":\"https:\/\/educap.io\/lequilibre-emotionnel-et-social-de-vos-enfants\/\",\"url\":\"https:\/\/educap.io\/lequilibre-emotionnel-et-social-de-vos-enfants\/\",\"name\":\"L'\u00e9quilibre \u00e9motionnel et social de vos enfants - Educap\",\"isPartOf\":{\"@id\":\"https:\/\/educap.io\/#website\"},\"primaryImageOfPage\":{\"@id\":\"https:\/\/educap.io\/lequilibre-emotionnel-et-social-de-vos-enfants\/#primaryimage\"},\"image\":{\"@id\":\"https:\/\/educap.io\/lequilibre-emotionnel-et-social-de-vos-enfants\/#primaryimage\"},\"thumbnailUrl\":\"https:\/\/educap.io\/wp-content\/uploads\/2024\/04\/smiley-little-kids-holding-hands-scaled.jpg\",\"datePublished\":\"2024-04-25T07:11:53+00:00\",\"dateModified\":\"2024-04-12T19:33:09+00:00\",\"author\":{\"@id\":\"https:\/\/educap.io\/#\/schema\/person\/4dffe41e9714c247c451c98157113d60\"},\"description\":\"L'\u00e9quilibre \u00e9motionnel et social de vos enfants est un pilier essentiel de leur d\u00e9veloppement.\",\"breadcrumb\":{\"@id\":\"https:\/\/educap.io\/lequilibre-emotionnel-et-social-de-vos-enfants\/#breadcrumb\"},\"inLanguage\":\"fr-FR\",\"potentialAction\":[{\"@type\":\"ReadAction\",\"target\":[\"https:\/\/educap.io\/lequilibre-emotionnel-et-social-de-vos-enfants\/\"]}]},{\"@type\":\"ImageObject\",\"inLanguage\":\"fr-FR\",\"@id\":\"https:\/\/educap.io\/lequilibre-emotionnel-et-social-de-vos-enfants\/#primaryimage\",\"url\":\"https:\/\/educap.io\/wp-content\/uploads\/2024\/04\/smiley-little-kids-holding-hands-scaled.jpg\",\"contentUrl\":\"https:\/\/educap.io\/wp-content\/uploads\/2024\/04\/smiley-little-kids-holding-hands-scaled.jpg\",\"width\":2560,\"height\":1707,\"caption\":\"L'\u00c9QUILIBRE \u00c9MOTIONNEL ET SOCIAL DE VOS ENFANTS\"},{\"@type\":\"BreadcrumbList\",\"@id\":\"https:\/\/educap.io\/lequilibre-emotionnel-et-social-de-vos-enfants\/#breadcrumb\",\"itemListElement\":[{\"@type\":\"ListItem\",\"position\":1,\"name\":\"Accueil\",\"item\":\"https:\/\/educap.io\/fr_fr\/\"},{\"@type\":\"ListItem\",\"position\":2,\"name\":\"L&rsquo;\u00e9quilibre \u00e9motionnel et social de vos enfants\"}]},{\"@type\":\"WebSite\",\"@id\":\"https:\/\/educap.io\/#website\",\"url\":\"https:\/\/educap.io\/\",\"name\":\"Educap\",\"description\":\"\",\"potentialAction\":[{\"@type\":\"SearchAction\",\"target\":{\"@type\":\"EntryPoint\",\"urlTemplate\":\"https:\/\/educap.io\/?s={search_term_string}\"},\"query-input\":{\"@type\":\"PropertyValueSpecification\",\"valueRequired\":true,\"valueName\":\"search_term_string\"}}],\"inLanguage\":\"fr-FR\"},{\"@type\":\"Person\",\"@id\":\"https:\/\/educap.io\/#\/schema\/person\/4dffe41e9714c247c451c98157113d60\",\"name\":\"Julie CENTI\",\"image\":{\"@type\":\"ImageObject\",\"inLanguage\":\"fr-FR\",\"@id\":\"https:\/\/educap.io\/#\/schema\/person\/image\/\",\"url\":\"https:\/\/secure.gravatar.com\/avatar\/f6ee0f918680eebf0bf9c06fdceae83423496df35825a3bb0ef85fc06548d5a1?s=96&d=mm&r=g\",\"contentUrl\":\"https:\/\/secure.gravatar.com\/avatar\/f6ee0f918680eebf0bf9c06fdceae83423496df35825a3bb0ef85fc06548d5a1?s=96&d=mm&r=g\",\"caption\":\"Julie CENTI\"},\"url\":\"https:\/\/educap.io\/fr_fr\/author\/emna-benfraj\/\"}]}<\/script>\n<!-- \/ Yoast SEO plugin. -->","yoast_head_json":{"title":"L'\u00e9quilibre \u00e9motionnel et social de vos enfants - Educap","description":"L'\u00e9quilibre \u00e9motionnel et social de vos enfants est un pilier essentiel de leur d\u00e9veloppement.","robots":{"index":"index","follow":"follow","max-snippet":"max-snippet:-1","max-image-preview":"max-image-preview:large","max-video-preview":"max-video-preview:-1"},"canonical":"https:\/\/educap.io\/fr_fr\/lequilibre-emotionnel-et-social-de-vos-enfants\/","og_locale":"fr_FR","og_type":"article","og_title":"L'\u00e9quilibre \u00e9motionnel et social de vos enfants - Educap","og_description":"L'\u00e9quilibre \u00e9motionnel et social de vos enfants est un pilier essentiel de leur d\u00e9veloppement.","og_url":"https:\/\/educap.io\/fr_fr\/lequilibre-emotionnel-et-social-de-vos-enfants\/","og_site_name":"Educap","article_publisher":"https:\/\/www.facebook.com\/educap.io","article_published_time":"2024-04-25T07:11:53+00:00","article_modified_time":"2024-04-12T19:33:09+00:00","og_image":[{"width":2560,"height":1707,"url":"https:\/\/educap.io\/wp-content\/uploads\/2024\/04\/smiley-little-kids-holding-hands-scaled.jpg","type":"image\/jpeg"}],"author":"Julie CENTI","twitter_card":"summary_large_image","twitter_misc":{"\u00c9crit par":"Julie CENTI","Dur\u00e9e de lecture estim\u00e9e":"3 minutes"},"schema":{"@context":"https:\/\/schema.org","@graph":[{"@type":"WebPage","@id":"https:\/\/educap.io\/lequilibre-emotionnel-et-social-de-vos-enfants\/","url":"https:\/\/educap.io\/lequilibre-emotionnel-et-social-de-vos-enfants\/","name":"L'\u00e9quilibre \u00e9motionnel et social de vos enfants - Educap","isPartOf":{"@id":"https:\/\/educap.io\/#website"},"primaryImageOfPage":{"@id":"https:\/\/educap.io\/lequilibre-emotionnel-et-social-de-vos-enfants\/#primaryimage"},"image":{"@id":"https:\/\/educap.io\/lequilibre-emotionnel-et-social-de-vos-enfants\/#primaryimage"},"thumbnailUrl":"https:\/\/educap.io\/wp-content\/uploads\/2024\/04\/smiley-little-kids-holding-hands-scaled.jpg","datePublished":"2024-04-25T07:11:53+00:00","dateModified":"2024-04-12T19:33:09+00:00","author":{"@id":"https:\/\/educap.io\/#\/schema\/person\/4dffe41e9714c247c451c98157113d60"},"description":"L'\u00e9quilibre \u00e9motionnel et social de vos enfants est un pilier essentiel de leur d\u00e9veloppement.","breadcrumb":{"@id":"https:\/\/educap.io\/lequilibre-emotionnel-et-social-de-vos-enfants\/#breadcrumb"},"inLanguage":"fr-FR","potentialAction":[{"@type":"ReadAction","target":["https:\/\/educap.io\/lequilibre-emotionnel-et-social-de-vos-enfants\/"]}]},{"@type":"ImageObject","inLanguage":"fr-FR","@id":"https:\/\/educap.io\/lequilibre-emotionnel-et-social-de-vos-enfants\/#primaryimage","url":"https:\/\/educap.io\/wp-content\/uploads\/2024\/04\/smiley-little-kids-holding-hands-scaled.jpg","contentUrl":"https:\/\/educap.io\/wp-content\/uploads\/2024\/04\/smiley-little-kids-holding-hands-scaled.jpg","width":2560,"height":1707,"caption":"L'\u00c9QUILIBRE \u00c9MOTIONNEL ET SOCIAL DE VOS ENFANTS"},{"@type":"BreadcrumbList","@id":"https:\/\/educap.io\/lequilibre-emotionnel-et-social-de-vos-enfants\/#breadcrumb","itemListElement":[{"@type":"ListItem","position":1,"name":"Accueil","item":"https:\/\/educap.io\/fr_fr\/"},{"@type":"ListItem","position":2,"name":"L&rsquo;\u00e9quilibre \u00e9motionnel et social de vos enfants"}]},{"@type":"WebSite","@id":"https:\/\/educap.io\/#website","url":"https:\/\/educap.io\/","name":"Educap","description":"","potentialAction":[{"@type":"SearchAction","target":{"@type":"EntryPoint","urlTemplate":"https:\/\/educap.io\/?s={search_term_string}"},"query-input":{"@type":"PropertyValueSpecification","valueRequired":true,"valueName":"search_term_string"}}],"inLanguage":"fr-FR"},{"@type":"Person","@id":"https:\/\/educap.io\/#\/schema\/person\/4dffe41e9714c247c451c98157113d60","name":"Julie CENTI","image":{"@type":"ImageObject","inLanguage":"fr-FR","@id":"https:\/\/educap.io\/#\/schema\/person\/image\/","url":"https:\/\/secure.gravatar.com\/avatar\/f6ee0f918680eebf0bf9c06fdceae83423496df35825a3bb0ef85fc06548d5a1?s=96&d=mm&r=g","contentUrl":"https:\/\/secure.gravatar.com\/avatar\/f6ee0f918680eebf0bf9c06fdceae83423496df35825a3bb0ef85fc06548d5a1?s=96&d=mm&r=g","caption":"Julie CENTI"},"url":"https:\/\/educap.io\/fr_fr\/author\/emna-benfraj\/"}]}},"_links":{"self":[{"href":"https:\/\/educap.io\/fr_fr\/wp-json\/wp\/v2\/posts\/3495","targetHints":{"allow":["GET"]}}],"collection":[{"href":"https:\/\/educap.io\/fr_fr\/wp-json\/wp\/v2\/posts"}],"about":[{"href":"https:\/\/educap.io\/fr_fr\/wp-json\/wp\/v2\/types\/post"}],"author":[{"embeddable":true,"href":"https:\/\/educap.io\/fr_fr\/wp-json\/wp\/v2\/users\/9"}],"replies":[{"embeddable":true,"href":"https:\/\/educap.io\/fr_fr\/wp-json\/wp\/v2\/comments?post=3495"}],"version-history":[{"count":5,"href":"https:\/\/educap.io\/fr_fr\/wp-json\/wp\/v2\/posts\/3495\/revisions"}],"predecessor-version":[{"id":3558,"href":"https:\/\/educap.io\/fr_fr\/wp-json\/wp\/v2\/posts\/3495\/revisions\/3558"}],"wp:featuredmedia":[{"embeddable":true,"href":"https:\/\/educap.io\/fr_fr\/wp-json\/wp\/v2\/media\/3497"}],"wp:attachment":[{"href":"https:\/\/educap.io\/fr_fr\/wp-json\/wp\/v2\/media?parent=3495"}],"wp:term":[{"taxonomy":"category","embeddable":true,"href":"https:\/\/educap.io\/fr_fr\/wp-json\/wp\/v2\/categories?post=3495"},{"taxonomy":"post_tag","embeddable":true,"href":"https:\/\/educap.io\/fr_fr\/wp-json\/wp\/v2\/tags?post=3495"}],"curies":[{"name":"wp","href":"https:\/\/api.w.org\/{rel}","templated":true}]}}