{"id":1887,"date":"2023-10-12T10:00:00","date_gmt":"2023-10-12T10:00:00","guid":{"rendered":"https:\/\/educap.io\/?p=1887"},"modified":"2023-10-17T10:13:22","modified_gmt":"2023-10-17T10:13:22","slug":"mesurer-limpact-des-voyages-educatifs-et-des-echanges-culturels","status":"publish","type":"post","link":"https:\/\/educap.io\/fr_fr\/mesurer-limpact-des-voyages-educatifs-et-des-echanges-culturels\/","title":{"rendered":"Comment mesurer l&rsquo;impact des voyages \u00e9ducatifs et des \u00e9changes culturels sur les \u00e9l\u00e8ves ?"},"content":{"rendered":"\n<p>Les voyages \u00e9ducatifs et les \u00e9changes culturels offrent une opportunit\u00e9 pr\u00e9cieuse pour les \u00e9l\u00e8ves et les \u00e9tudiants de d\u00e9couvrir le monde, d&rsquo;acqu\u00e9rir de nouvelles perspectives et de d\u00e9velopper des comp\u00e9tences essentielles. Cependant, comment pouvons-nous mesurer l&rsquo;impact r\u00e9el des voyages \u00e9ducatifs et des \u00e9changes culturels sur les \u00e9l\u00e8ves ? Dans cet article, nous explorerons les conseils et astuces pour \u00e9valuer comment ces voyages influencent nos \u00e9l\u00e8ves et \u00e9tudiants, en utilisant une approche simple et accessible \u00e0 tous.<\/p>\n\n\n\n<h2 class=\"wp-block-heading\">Comprendre l&rsquo;impact des voyages \u00e9ducatifs<\/h2>\n\n\n\n<p>Les voyages \u00e9ducatifs ne sont pas seulement des moments de divertissement, ils sont des occasions d&rsquo;apprentissage significatif. Lorsque les \u00e9l\u00e8ves voyagent, ils sont expos\u00e9s \u00e0 de nouvelles cultures, langues, et environnements. Ces exp\u00e9riences suscitent la curiosit\u00e9, favorisent la compr\u00e9hension interculturelle et d\u00e9veloppent des comp\u00e9tences essentielles telles que la communication, la r\u00e9solution de probl\u00e8mes, et la confiance en soi.<\/p>\n\n\n\n<h2 class=\"wp-block-heading\">Les avantages des \u00e9changes culturels<\/h2>\n\n\n\n<p>Les \u00e9changes culturels offrent une immersion totale dans une culture \u00e9trang\u00e8re. Ils permettent aux \u00e9l\u00e8ves de vivre avec des familles d&rsquo;accueil, d&rsquo;apprendre une nouvelle langue, et de participer activement \u00e0 la vie quotidienne de la communaut\u00e9 locale. Cette exp\u00e9rience profonde favorise une compr\u00e9hension authentique de la culture et de ses d\u00e9fis, ce qui conduit souvent \u00e0 une ouverture d&rsquo;esprit et \u00e0 un \u00e9largissement de la perspective.<\/p>\n\n\n\n<h2 class=\"wp-block-heading\">Conseils pour mesurer l&rsquo;impact des voyages \u00e9ducatifs<\/h2>\n\n\n\n<p>Mesurer l&rsquo;impact des voyages \u00e9ducatifs est essentiel pour \u00e9valuer leur efficacit\u00e9 et apporter des am\u00e9liorations. Voici quelques conseils pratiques pour y parvenir :<\/p>\n\n\n\n<p><\/p>\n\n\n\n<h3 class=\"wp-block-heading\"><strong>Astuce n\u00b01 : Les journaux de voyage<\/strong><\/h3>\n\n\n\n<p>Demander aux \u00e9l\u00e8ves de tenir un journal de voyage est un excellent moyen de recueillir des impressions imm\u00e9diates. Ils peuvent y consigner leurs \u00e9motions, leurs d\u00e9couvertes, et leurs r\u00e9flexions. Ces journaux offrent un aper\u00e7u pr\u00e9cieux de l&rsquo;impact \u00e9motionnel et personnel du voyage.<\/p>\n\n\n\n<p><\/p>\n\n\n\n<h3 class=\"wp-block-heading\"><strong>Astuce n\u00b02 : Entretiens individuels<\/strong><\/h3>\n\n\n\n<p>Mener des entretiens individuels avec les \u00e9l\u00e8ves avant et apr\u00e8s le voyage permet de mesurer leur \u00e9volution. Posez-leur des questions ouvertes sur leurs attentes, leurs exp\u00e9riences et les le\u00e7ons apprises. Cela vous aidera \u00e0 \u00e9valuer les changements de perspective et de comp\u00e9tences.<\/p>\n\n\n\n<p><\/p>\n\n\n\n<h3 class=\"wp-block-heading\"><strong>Astuce n\u00b03 : \u00c9valuations pr\u00e9 et post-voyage<\/strong><\/h3>\n\n\n\n<p>Mettez en place des \u00e9valuations avant et apr\u00e8s le voyage pour mesurer les comp\u00e9tences sp\u00e9cifiques que les \u00e9l\u00e8ves ont acquises. Il peut s&rsquo;agir de comp\u00e9tences linguistiques, de comp\u00e9tences sociales, ou de comp\u00e9tences li\u00e9es \u00e0 la destination.<\/p>\n\n\n\n<p><\/p>\n\n\n\n<h3 class=\"wp-block-heading has-text-align-left\"><strong>Astuce n\u00b04 : \u00c9tudier la participation et l&rsquo;engagement<\/strong><\/h3>\n\n\n\n<p>Lors des voyages \u00e9ducatifs, observez attentivement la participation et l&rsquo;engagement des \u00e9l\u00e8ves. Sont-ils actifs dans les activit\u00e9s propos\u00e9es ? Posent-ils des questions pertinentes ? Participent-ils activement aux discussions interculturelles ? Une participation enthousiaste peut indiquer un impact positif sur leur curiosit\u00e9 et leur engagement.<\/p>\n\n\n\n<p><\/p>\n\n\n\n<h3 class=\"wp-block-heading has-text-align-left\"><strong>Astuce n\u00b05 : Analyser les performances acad\u00e9miques<\/strong><\/h3>\n\n\n\n<p>Un moyen de mesurer l&rsquo;impact des voyages \u00e9ducatifs est d&rsquo;analyser les performances acad\u00e9miques des \u00e9l\u00e8ves avant et apr\u00e8s le voyage. Y a-t-il une am\u00e9lioration dans leurs notes ou leurs r\u00e9sultats aux examens ? Cela peut \u00eatre un indicateur cl\u00e9 de la mani\u00e8re dont ces exp\u00e9riences influencent leur \u00e9ducation globale.<\/p>\n\n\n\n<p><\/p>\n\n\n\n<h3 class=\"wp-block-heading\"><strong>Astuce n\u00b06 : Encourager les projets post-voyage<\/strong><\/h3>\n\n\n\n<p>Apr\u00e8s le retour des \u00e9l\u00e8ves, encouragez-les \u00e0 s&rsquo;impliquer dans des projets li\u00e9s \u00e0 leur voyage \u00e9ducatif. Cela pourrait \u00eatre la cr\u00e9ation d&rsquo;un blog, la r\u00e9alisation d&rsquo;une pr\u00e9sentation devant la classe, ou m\u00eame l&rsquo;organisation d&rsquo;activit\u00e9s interculturelles \u00e0 l&rsquo;\u00e9cole. Les projets post-voyage montrent l&rsquo;engagement continu des \u00e9l\u00e8ves et leur d\u00e9sir de partager leurs exp\u00e9riences.<\/p>\n\n\n\n<p><\/p>\n\n\n\n<h3 class=\"wp-block-heading has-text-align-left\"><strong>Astuce n\u00b07 : Suivre la communication interculturelle<\/strong><\/h3>\n\n\n\n<p>Un indicateur important de l&rsquo;impact des voyages \u00e9ducatifs est la capacit\u00e9 des \u00e9l\u00e8ves \u00e0 interagir avec des individus de cultures diff\u00e9rentes. Observez comment ils communiquent, r\u00e9solvent les conflits culturels et \u00e9tablissent des relations. Une am\u00e9lioration de ces comp\u00e9tences est un signe clair de l&rsquo;impact positif de ces voyages.<\/p>\n\n\n\n<p><\/p>\n\n\n\n<h3 class=\"wp-block-heading has-text-align-left\"><strong>Astuce n\u00b08 : Examiner les changements comportementaux<\/strong><\/h3>\n\n\n\n<p>Les voyages \u00e9ducatifs peuvent \u00e9galement influencer le comportement des \u00e9l\u00e8ves. Y a-t-il des changements dans leur comportement quotidien, tels que davantage d&rsquo;ouverture d&rsquo;esprit, de tol\u00e9rance ou de curiosit\u00e9 ? Les enseignants, les parents et les pairs peuvent fournir des informations pr\u00e9cieuses \u00e0 ce sujet.<\/p>\n\n\n\n<p><\/p>\n\n\n\n<h3 class=\"wp-block-heading\"><strong>Astuce n\u00b09 : Encourager les retours d&rsquo;exp\u00e9rience entre pairs<\/strong><\/h3>\n\n\n\n<p>Organisez des s\u00e9ances de partage entre pairs o\u00f9 les \u00e9l\u00e8ves peuvent discuter de leurs exp\u00e9riences de voyage. Cela leur permet de r\u00e9fl\u00e9chir collectivement \u00e0 ce qu&rsquo;ils ont appris et \u00e0 comment cela a chang\u00e9 leur perspective. Ces \u00e9changes favorisent une compr\u00e9hension plus profonde de l&rsquo;impact des voyages \u00e9ducatifs.<\/p>\n\n\n\n<p><\/p>\n\n\n\n<h3 class=\"wp-block-heading\"><strong>Astuce n\u00b010 : Faire appel \u00e0 des professionnels de l&rsquo;\u00e9valuation<\/strong><\/h3>\n\n\n\n<p>Si vous souhaitez une \u00e9valuation plus approfondie, envisagez de faire appel \u00e0 des professionnels de l&rsquo;\u00e9valuation de l&rsquo;\u00e9ducation. Ils peuvent concevoir des enqu\u00eates et des \u00e9tudes sp\u00e9cifiques pour mesurer l&rsquo;impact des voyages \u00e9ducatifs de mani\u00e8re plus scientifique.<\/p>\n\n\n\n<p>En combinant ces astuces avec celles mentionn\u00e9es pr\u00e9c\u00e9demment, vous pourrez obtenir une image compl\u00e8te de l&rsquo;impact des voyages \u00e9ducatifs sur vos \u00e9l\u00e8ves et \u00e9tudiants. Souvenez-vous que l&rsquo;objectif ultime est de garantir que ces exp\u00e9riences apportent une valeur \u00e9ducative inestimable \u00e0 nos jeunes apprenants, tout en leur offrant des opportunit\u00e9s de croissance personnelle et de d\u00e9couverte du monde qui les entoure.<\/p>\n\n\n\n<p><\/p>\n\n\n\n<h2 class=\"wp-block-heading has-text-align-left\">Les avantages \u00e0 long terme pour les \u00e9tudiants<\/h2>\n\n\n\n<p>Les effets positifs des voyages \u00e9ducatifs et des \u00e9changes culturels ne se limitent pas \u00e0 la p\u00e9riode du voyage. Ils se manifestent \u00e9galement \u00e0 long terme. Voici quelques avantages durables pour les \u00e9tudiants :<\/p>\n\n\n\n<ul class=\"wp-block-list\">\n<li><strong>\u00c9largissement de la perspective :<\/strong> Les \u00e9l\u00e8ves d\u00e9veloppent une ouverture d&rsquo;esprit qui les aide \u00e0 comprendre les nuances culturelles et \u00e0 appr\u00e9cier la diversit\u00e9.<\/li>\n\n\n\n<li><strong>Meilleure employabilit\u00e9 :<\/strong> Les comp\u00e9tences acquises lors de ces voyages, telles que la communication interculturelle, sont tr\u00e8s appr\u00e9ci\u00e9es par les employeurs.<\/li>\n\n\n\n<li><strong>\u00c9panouissement personnel :<\/strong> Les voyages \u00e9ducatifs favorisent la confiance en soi et l&rsquo;ind\u00e9pendance, ce qui contribue au bien-\u00eatre g\u00e9n\u00e9ral.<\/li>\n<\/ul>\n\n\n\n<p><\/p>\n\n\n\n<h2 class=\"wp-block-heading\"><strong>Conclusion : l&rsquo;impact transformateur<\/strong><\/h2>\n\n\n\n<p>En conclusion, les voyages \u00e9ducatifs et les \u00e9changes culturels ont un impact transformateur sur les \u00e9l\u00e8ves. Ils favorisent le d\u00e9veloppement de comp\u00e9tences, \u00e9largissent les horizons et offrent des avantages \u00e0 long terme. Mesurer cet impact n\u00e9cessite des approches vari\u00e9es, telles que les journaux de voyage, les entretiens individuels et les \u00e9valuations pr\u00e9 et post-voyage. Ces exp\u00e9riences sont bien plus qu&rsquo;une simple aventure. Elles sont des investissements dans l&rsquo;avenir des \u00e9l\u00e8ves et des \u00e9tudiants.<\/p>\n","protected":false},"excerpt":{"rendered":"<p>Les voyages \u00e9ducatifs et les \u00e9changes culturels offrent une opportunit\u00e9 pr\u00e9cieuse pour les \u00e9l\u00e8ves et les \u00e9tudiants de d\u00e9couvrir le monde, d&rsquo;acqu\u00e9rir de nouvelles perspectives et de d\u00e9velopper des comp\u00e9tences essentielles. Cependant, comment pouvons-nous mesurer l&rsquo;impact r\u00e9el des voyages \u00e9ducatifs et des \u00e9changes culturels sur les \u00e9l\u00e8ves ? Dans cet article, nous explorerons les conseils [&hellip;]<\/p>\n","protected":false},"author":3,"featured_media":1888,"comment_status":"open","ping_status":"open","sticky":false,"template":"","format":"standard","meta":{"footnotes":""},"categories":[1],"tags":[14,116,23,117,115],"class_list":["post-1887","post","type-post","status-publish","format-standard","has-post-thumbnail","hentry","category-blog","tag-apprentissage","tag-echanges-culturels","tag-eleve","tag-impact","tag-voyages-educatifs"],"yoast_head":"<!-- This site is optimized with the Yoast SEO plugin v24.2 - https:\/\/yoast.com\/wordpress\/plugins\/seo\/ -->\n<title>Mesurer l&#039;impact des voyages \u00e9ducatifs et des \u00e9changes culturels<\/title>\n<meta name=\"description\" content=\"Mesurer l&#039;impact des voyages \u00e9ducatifs et des \u00e9changes culturels sur les \u00e9l\u00e8ves, comment mesurer l&#039;impact de ces exp\u00e9riences sur les \u00e9l\u00e8ves ?\" \/>\n<meta name=\"robots\" content=\"index, follow, max-snippet:-1, max-image-preview:large, max-video-preview:-1\" \/>\n<link rel=\"canonical\" href=\"https:\/\/educap.io\/fr_fr\/mesurer-limpact-des-voyages-educatifs-et-des-echanges-culturels\/\" \/>\n<meta property=\"og:locale\" content=\"fr_FR\" \/>\n<meta property=\"og:type\" content=\"article\" \/>\n<meta property=\"og:title\" content=\"Mesurer l&#039;impact des voyages \u00e9ducatifs et des \u00e9changes culturels\" \/>\n<meta property=\"og:description\" content=\"Mesurer l&#039;impact des voyages \u00e9ducatifs et des \u00e9changes culturels sur les \u00e9l\u00e8ves, comment mesurer l&#039;impact de ces exp\u00e9riences sur les \u00e9l\u00e8ves ?\" \/>\n<meta property=\"og:url\" content=\"https:\/\/educap.io\/fr_fr\/mesurer-limpact-des-voyages-educatifs-et-des-echanges-culturels\/\" \/>\n<meta property=\"og:site_name\" content=\"Educap\" \/>\n<meta property=\"article:publisher\" content=\"https:\/\/www.facebook.com\/educap.io\" \/>\n<meta property=\"article:published_time\" content=\"2023-10-12T10:00:00+00:00\" \/>\n<meta property=\"article:modified_time\" content=\"2023-10-17T10:13:22+00:00\" \/>\n<meta property=\"og:image\" content=\"https:\/\/educap.io\/wp-content\/uploads\/2023\/10\/Blog-Educap-2.png\" \/>\n\t<meta property=\"og:image:width\" content=\"1366\" \/>\n\t<meta property=\"og:image:height\" content=\"768\" \/>\n\t<meta property=\"og:image:type\" content=\"image\/png\" \/>\n<meta name=\"author\" content=\"Julie CENTI\" \/>\n<meta name=\"twitter:card\" content=\"summary_large_image\" \/>\n<meta name=\"twitter:label1\" content=\"\u00c9crit par\" \/>\n\t<meta name=\"twitter:data1\" content=\"Julie CENTI\" \/>\n\t<meta name=\"twitter:label2\" content=\"Dur\u00e9e de lecture estim\u00e9e\" \/>\n\t<meta name=\"twitter:data2\" content=\"6 minutes\" \/>\n<script type=\"application\/ld+json\" class=\"yoast-schema-graph\">{\"@context\":\"https:\/\/schema.org\",\"@graph\":[{\"@type\":\"WebPage\",\"@id\":\"https:\/\/educap.io\/mesurer-limpact-des-voyages-educatifs-et-des-echanges-culturels\/\",\"url\":\"https:\/\/educap.io\/mesurer-limpact-des-voyages-educatifs-et-des-echanges-culturels\/\",\"name\":\"Mesurer l'impact des voyages \u00e9ducatifs et des \u00e9changes culturels\",\"isPartOf\":{\"@id\":\"https:\/\/educap.io\/#website\"},\"primaryImageOfPage\":{\"@id\":\"https:\/\/educap.io\/mesurer-limpact-des-voyages-educatifs-et-des-echanges-culturels\/#primaryimage\"},\"image\":{\"@id\":\"https:\/\/educap.io\/mesurer-limpact-des-voyages-educatifs-et-des-echanges-culturels\/#primaryimage\"},\"thumbnailUrl\":\"https:\/\/educap.io\/wp-content\/uploads\/2023\/10\/Blog-Educap-2.png\",\"datePublished\":\"2023-10-12T10:00:00+00:00\",\"dateModified\":\"2023-10-17T10:13:22+00:00\",\"author\":{\"@id\":\"https:\/\/educap.io\/#\/schema\/person\/af1d7ee1c5a45e1e89d8f75d7e92c114\"},\"description\":\"Mesurer l'impact des voyages \u00e9ducatifs et des \u00e9changes culturels sur les \u00e9l\u00e8ves, comment mesurer l'impact de ces exp\u00e9riences sur les \u00e9l\u00e8ves ?\",\"breadcrumb\":{\"@id\":\"https:\/\/educap.io\/mesurer-limpact-des-voyages-educatifs-et-des-echanges-culturels\/#breadcrumb\"},\"inLanguage\":\"fr-FR\",\"potentialAction\":[{\"@type\":\"ReadAction\",\"target\":[\"https:\/\/educap.io\/mesurer-limpact-des-voyages-educatifs-et-des-echanges-culturels\/\"]}]},{\"@type\":\"ImageObject\",\"inLanguage\":\"fr-FR\",\"@id\":\"https:\/\/educap.io\/mesurer-limpact-des-voyages-educatifs-et-des-echanges-culturels\/#primaryimage\",\"url\":\"https:\/\/educap.io\/wp-content\/uploads\/2023\/10\/Blog-Educap-2.png\",\"contentUrl\":\"https:\/\/educap.io\/wp-content\/uploads\/2023\/10\/Blog-Educap-2.png\",\"width\":1366,\"height\":768,\"caption\":\"mesurer l'impact des voyages \u00e9ducatifs\"},{\"@type\":\"BreadcrumbList\",\"@id\":\"https:\/\/educap.io\/mesurer-limpact-des-voyages-educatifs-et-des-echanges-culturels\/#breadcrumb\",\"itemListElement\":[{\"@type\":\"ListItem\",\"position\":1,\"name\":\"Accueil\",\"item\":\"https:\/\/educap.io\/fr_fr\/\"},{\"@type\":\"ListItem\",\"position\":2,\"name\":\"Comment mesurer l&rsquo;impact des voyages \u00e9ducatifs et des \u00e9changes culturels sur les \u00e9l\u00e8ves ?\"}]},{\"@type\":\"WebSite\",\"@id\":\"https:\/\/educap.io\/#website\",\"url\":\"https:\/\/educap.io\/\",\"name\":\"Educap\",\"description\":\"\",\"potentialAction\":[{\"@type\":\"SearchAction\",\"target\":{\"@type\":\"EntryPoint\",\"urlTemplate\":\"https:\/\/educap.io\/?s={search_term_string}\"},\"query-input\":{\"@type\":\"PropertyValueSpecification\",\"valueRequired\":true,\"valueName\":\"search_term_string\"}}],\"inLanguage\":\"fr-FR\"},{\"@type\":\"Person\",\"@id\":\"https:\/\/educap.io\/#\/schema\/person\/af1d7ee1c5a45e1e89d8f75d7e92c114\",\"name\":\"Julie CENTI\",\"image\":{\"@type\":\"ImageObject\",\"inLanguage\":\"fr-FR\",\"@id\":\"https:\/\/educap.io\/#\/schema\/person\/image\/\",\"url\":\"https:\/\/secure.gravatar.com\/avatar\/004044df9ff916f2557184884b7bfa29ede68f0506217a17a729109cd76ee8af?s=96&d=mm&r=g\",\"contentUrl\":\"https:\/\/secure.gravatar.com\/avatar\/004044df9ff916f2557184884b7bfa29ede68f0506217a17a729109cd76ee8af?s=96&d=mm&r=g\",\"caption\":\"Julie CENTI\"},\"sameAs\":[\"https:\/\/educap.io\/\"],\"url\":\"https:\/\/educap.io\/fr_fr\/author\/emna-chacha\/\"}]}<\/script>\n<!-- \/ Yoast SEO plugin. -->","yoast_head_json":{"title":"Mesurer l'impact des voyages \u00e9ducatifs et des \u00e9changes culturels","description":"Mesurer l'impact des voyages \u00e9ducatifs et des \u00e9changes culturels sur les \u00e9l\u00e8ves, comment mesurer l'impact de ces exp\u00e9riences sur les \u00e9l\u00e8ves ?","robots":{"index":"index","follow":"follow","max-snippet":"max-snippet:-1","max-image-preview":"max-image-preview:large","max-video-preview":"max-video-preview:-1"},"canonical":"https:\/\/educap.io\/fr_fr\/mesurer-limpact-des-voyages-educatifs-et-des-echanges-culturels\/","og_locale":"fr_FR","og_type":"article","og_title":"Mesurer l'impact des voyages \u00e9ducatifs et des \u00e9changes culturels","og_description":"Mesurer l'impact des voyages \u00e9ducatifs et des \u00e9changes culturels sur les \u00e9l\u00e8ves, comment mesurer l'impact de ces exp\u00e9riences sur les \u00e9l\u00e8ves ?","og_url":"https:\/\/educap.io\/fr_fr\/mesurer-limpact-des-voyages-educatifs-et-des-echanges-culturels\/","og_site_name":"Educap","article_publisher":"https:\/\/www.facebook.com\/educap.io","article_published_time":"2023-10-12T10:00:00+00:00","article_modified_time":"2023-10-17T10:13:22+00:00","og_image":[{"width":1366,"height":768,"url":"https:\/\/educap.io\/wp-content\/uploads\/2023\/10\/Blog-Educap-2.png","type":"image\/png"}],"author":"Julie CENTI","twitter_card":"summary_large_image","twitter_misc":{"\u00c9crit par":"Julie CENTI","Dur\u00e9e de lecture estim\u00e9e":"6 minutes"},"schema":{"@context":"https:\/\/schema.org","@graph":[{"@type":"WebPage","@id":"https:\/\/educap.io\/mesurer-limpact-des-voyages-educatifs-et-des-echanges-culturels\/","url":"https:\/\/educap.io\/mesurer-limpact-des-voyages-educatifs-et-des-echanges-culturels\/","name":"Mesurer l'impact des voyages \u00e9ducatifs et des \u00e9changes culturels","isPartOf":{"@id":"https:\/\/educap.io\/#website"},"primaryImageOfPage":{"@id":"https:\/\/educap.io\/mesurer-limpact-des-voyages-educatifs-et-des-echanges-culturels\/#primaryimage"},"image":{"@id":"https:\/\/educap.io\/mesurer-limpact-des-voyages-educatifs-et-des-echanges-culturels\/#primaryimage"},"thumbnailUrl":"https:\/\/educap.io\/wp-content\/uploads\/2023\/10\/Blog-Educap-2.png","datePublished":"2023-10-12T10:00:00+00:00","dateModified":"2023-10-17T10:13:22+00:00","author":{"@id":"https:\/\/educap.io\/#\/schema\/person\/af1d7ee1c5a45e1e89d8f75d7e92c114"},"description":"Mesurer l'impact des voyages \u00e9ducatifs et des \u00e9changes culturels sur les \u00e9l\u00e8ves, comment mesurer l'impact de ces exp\u00e9riences sur les \u00e9l\u00e8ves ?","breadcrumb":{"@id":"https:\/\/educap.io\/mesurer-limpact-des-voyages-educatifs-et-des-echanges-culturels\/#breadcrumb"},"inLanguage":"fr-FR","potentialAction":[{"@type":"ReadAction","target":["https:\/\/educap.io\/mesurer-limpact-des-voyages-educatifs-et-des-echanges-culturels\/"]}]},{"@type":"ImageObject","inLanguage":"fr-FR","@id":"https:\/\/educap.io\/mesurer-limpact-des-voyages-educatifs-et-des-echanges-culturels\/#primaryimage","url":"https:\/\/educap.io\/wp-content\/uploads\/2023\/10\/Blog-Educap-2.png","contentUrl":"https:\/\/educap.io\/wp-content\/uploads\/2023\/10\/Blog-Educap-2.png","width":1366,"height":768,"caption":"mesurer l'impact des voyages \u00e9ducatifs"},{"@type":"BreadcrumbList","@id":"https:\/\/educap.io\/mesurer-limpact-des-voyages-educatifs-et-des-echanges-culturels\/#breadcrumb","itemListElement":[{"@type":"ListItem","position":1,"name":"Accueil","item":"https:\/\/educap.io\/fr_fr\/"},{"@type":"ListItem","position":2,"name":"Comment mesurer l&rsquo;impact des voyages \u00e9ducatifs et des \u00e9changes culturels sur les \u00e9l\u00e8ves ?"}]},{"@type":"WebSite","@id":"https:\/\/educap.io\/#website","url":"https:\/\/educap.io\/","name":"Educap","description":"","potentialAction":[{"@type":"SearchAction","target":{"@type":"EntryPoint","urlTemplate":"https:\/\/educap.io\/?s={search_term_string}"},"query-input":{"@type":"PropertyValueSpecification","valueRequired":true,"valueName":"search_term_string"}}],"inLanguage":"fr-FR"},{"@type":"Person","@id":"https:\/\/educap.io\/#\/schema\/person\/af1d7ee1c5a45e1e89d8f75d7e92c114","name":"Julie CENTI","image":{"@type":"ImageObject","inLanguage":"fr-FR","@id":"https:\/\/educap.io\/#\/schema\/person\/image\/","url":"https:\/\/secure.gravatar.com\/avatar\/004044df9ff916f2557184884b7bfa29ede68f0506217a17a729109cd76ee8af?s=96&d=mm&r=g","contentUrl":"https:\/\/secure.gravatar.com\/avatar\/004044df9ff916f2557184884b7bfa29ede68f0506217a17a729109cd76ee8af?s=96&d=mm&r=g","caption":"Julie CENTI"},"sameAs":["https:\/\/educap.io\/"],"url":"https:\/\/educap.io\/fr_fr\/author\/emna-chacha\/"}]}},"_links":{"self":[{"href":"https:\/\/educap.io\/fr_fr\/wp-json\/wp\/v2\/posts\/1887","targetHints":{"allow":["GET"]}}],"collection":[{"href":"https:\/\/educap.io\/fr_fr\/wp-json\/wp\/v2\/posts"}],"about":[{"href":"https:\/\/educap.io\/fr_fr\/wp-json\/wp\/v2\/types\/post"}],"author":[{"embeddable":true,"href":"https:\/\/educap.io\/fr_fr\/wp-json\/wp\/v2\/users\/3"}],"replies":[{"embeddable":true,"href":"https:\/\/educap.io\/fr_fr\/wp-json\/wp\/v2\/comments?post=1887"}],"version-history":[{"count":3,"href":"https:\/\/educap.io\/fr_fr\/wp-json\/wp\/v2\/posts\/1887\/revisions"}],"predecessor-version":[{"id":1891,"href":"https:\/\/educap.io\/fr_fr\/wp-json\/wp\/v2\/posts\/1887\/revisions\/1891"}],"wp:featuredmedia":[{"embeddable":true,"href":"https:\/\/educap.io\/fr_fr\/wp-json\/wp\/v2\/media\/1888"}],"wp:attachment":[{"href":"https:\/\/educap.io\/fr_fr\/wp-json\/wp\/v2\/media?parent=1887"}],"wp:term":[{"taxonomy":"category","embeddable":true,"href":"https:\/\/educap.io\/fr_fr\/wp-json\/wp\/v2\/categories?post=1887"},{"taxonomy":"post_tag","embeddable":true,"href":"https:\/\/educap.io\/fr_fr\/wp-json\/wp\/v2\/tags?post=1887"}],"curies":[{"name":"wp","href":"https:\/\/api.w.org\/{rel}","templated":true}]}}