{"id":1791,"date":"2023-09-25T10:00:00","date_gmt":"2023-09-25T10:00:00","guid":{"rendered":"https:\/\/educap.io\/?p=1791"},"modified":"2023-10-04T14:53:25","modified_gmt":"2023-10-04T14:53:25","slug":"comment-leducation-peut-elle-contribuer-a-la-preparation-des-jeunes-a-relever-les-defis-lies-a-la-mobilite-geographique","status":"publish","type":"post","link":"https:\/\/educap.io\/fr_fr\/comment-leducation-peut-elle-contribuer-a-la-preparation-des-jeunes-a-relever-les-defis-lies-a-la-mobilite-geographique\/","title":{"rendered":"Comment l&rsquo;\u00e9ducation peut-elle contribuer \u00e0 la pr\u00e9paration des jeunes \u00e0 relever les d\u00e9fis li\u00e9s \u00e0 la mobilit\u00e9 g\u00e9ographique ?"},"content":{"rendered":"\n<p>Dans un monde de plus en plus globalis\u00e9, la mobilit\u00e9 g\u00e9ographique \u00e9tudiante est devenue une r\u00e9alit\u00e9 pour de nombreux jeunes. L&rsquo;adaptabilit\u00e9 et la mobilit\u00e9 sont d\u00e9sormais comp\u00e9tences cl\u00e9s pour l&#8217;emploi et les \u00e9tudes \u00e0 l&rsquo;\u00e9tranger, rendant l&rsquo;\u00e9ducation cruciale. L&rsquo;\u00e9ducation forme la jeunesse pour r\u00e9ussir dans un monde en perp\u00e9tuel changement, en d\u00e9veloppant comp\u00e9tences, connaissances et mentalit\u00e9 essentielles.<\/p>\n\n\n\n<h2 class=\"wp-block-heading has-text-align-left\">1. Sensibilisation \u00e0 la diversit\u00e9 culturelle<\/h2>\n\n\n\n<p>Pour pr\u00e9parer les jeunes \u00e0 la mobilit\u00e9, il faut d&rsquo;abord renforcer leur sensibilisation \u00e0 la diversit\u00e9 culturelle. Les \u00e9coles peuvent int\u00e9grer des programmes \u00e9ducatifs qui exposent les \u00e9l\u00e8ves \u00e0 diff\u00e9rentes cultures, langues et coutumes. Cela favorise leur ouverture d&rsquo;esprit envers d&rsquo;autres cultures, une comp\u00e9tence essentielle pour s&rsquo;adapter \u00e0 de nouveaux environnements.<\/p>\n\n\n\n<h2 class=\"wp-block-heading has-text-align-left\">2. Comp\u00e9tences linguistiques<\/h2>\n\n\n\n<p>La ma\u00eetrise de plusieurs langues est un atout majeur pour les jeunes mobiles. Les \u00e9coles peuvent offrir des programmes d&rsquo;enseignement des langues \u00e9trang\u00e8res de haute qualit\u00e9 d\u00e8s le plus jeune \u00e2ge. Les comp\u00e9tences linguistiques facilitent la communication et l&rsquo;int\u00e9gration dans de nouveaux pays et cultures, ce qui r\u00e9duit le stress li\u00e9 \u00e0 la mobilit\u00e9 g\u00e9ographique.<\/p>\n\n\n\n<h2 class=\"wp-block-heading has-text-align-left\">3. Pens\u00e9e critique et r\u00e9solution de probl\u00e8mes<\/h2>\n\n\n\n<p>La mobilit\u00e9 g\u00e9ographique peut pr\u00e9senter des d\u00e9fis impr\u00e9vus. Les jeunes doivent \u00eatre \u00e9quip\u00e9s de comp\u00e9tences en pens\u00e9e critique et en r\u00e9solution de probl\u00e8mes afin de efficacement faire face \u00e0 des situations nouvelles et complexes. L&rsquo;\u00e9ducation peut encourager le d\u00e9veloppement de ces comp\u00e9tences en mettant l&rsquo;accent sur des approches d&rsquo;apprentissage actif et en encourageant les \u00e9l\u00e8ves \u00e0 r\u00e9soudre des probl\u00e8mes du monde r\u00e9el.<\/p>\n\n\n\n<h2 class=\"wp-block-heading has-text-align-left\">4. Adaptabilit\u00e9 et r\u00e9silience<\/h2>\n\n\n\n<p>L&rsquo;adaptabilit\u00e9 est une comp\u00e9tence cl\u00e9 pour les jeunes mobiles. Les \u00e9coles peuvent favoriser l&rsquo;adaptabilit\u00e9 en exposant les \u00e9l\u00e8ves \u00e0 des situations vari\u00e9es, en les encourageant \u00e0 sortir de leur zone de confort et en leur enseignant des strat\u00e9gies pour faire face au changement. La r\u00e9silience \u00e9motionnelle est \u00e9galement d&rsquo;une importance cruciale, car elle aide les jeunes \u00e0 surmonter les d\u00e9fis et, par cons\u00e9quent, \u00e0 rebondir face \u00e0 l&rsquo;adversit\u00e9.<\/p>\n\n\n\n<h2 class=\"wp-block-heading has-text-align-left\">5. Orientation professionnelle internationale<\/h2>\n\n\n\n<p>Pour les jeunes qui envisagent des carri\u00e8res internationales, les \u00e9coles peuvent offrir des programmes d&rsquo;orientation professionnelle internationale. Cela peut inclure des opportunit\u00e9s de stages ou de volontariat \u00e0 l&rsquo;\u00e9tranger, des cours sur le commerce international et la diplomatie, ainsi que des conseils sur les carri\u00e8res internationales, permettant ainsi aux jeunes de mieux se pr\u00e9parer.<\/p>\n\n\n\n<h2 class=\"wp-block-heading has-text-align-left\">6. \u00c9ducation en ligne et apprentissage \u00e0 distance<\/h2>\n\n\n\n<p>L&rsquo;\u00e9ducation en ligne et l&rsquo;apprentissage \u00e0 distance sont devenus des outils pr\u00e9cieux pour les jeunes mobiles. Ils permettent aux \u00e9tudiants de poursuivre leur \u00e9ducation tout en voyageant ou en vivant \u00e0 l&rsquo;\u00e9tranger. Les \u00e9coles peuvent proposer des options flexibles pour r\u00e9pondre aux besoins des \u00e9l\u00e8ves mobiles.<\/p>\n\n\n\n<h2 class=\"wp-block-heading has-text-align-left\">7. Soutien psychologique<\/h2>\n\n\n\n<p>La mobilit\u00e9 g\u00e9ographique peut \u00eatre \u00e9motionnellement difficile, notamment pour les jeunes, cependant, avec le bon soutien, ils peuvent r\u00e9ussir. Les \u00e9coles doivent offrir un soutien psychologique pour aider les \u00e9l\u00e8ves \u00e0 faire face au stress, \u00e0 la solitude et \u00e0 l&rsquo;adaptation \u00e0 de nouveaux environnements. Les services de conseil et de soutien sont essentiels pour le bien-\u00eatre des jeunes mobiles.<\/p>\n\n\n\n<h2 class=\"wp-block-heading has-text-align-left\">8. Pr\u00e9paration administrative<\/h2>\n\n\n\n<p>Enfin, les \u00e9coles peuvent fournir une pr\u00e9paration administrative compl\u00e8te pour aider les jeunes \u00e0 g\u00e9rer efficacement les aspects pratiques de la mobilit\u00e9 g\u00e9ographique. Cela comprend les visas, les permis de s\u00e9jour, la s\u00e9curit\u00e9 sociale, ainsi que la gestion financi\u00e8re.<\/p>\n\n\n\n<p>L&rsquo;\u00e9ducation joue un r\u00f4le central dans la pr\u00e9paration des jeunes \u00e0 relever les d\u00e9fis li\u00e9s \u00e0 la mobilit\u00e9 g\u00e9ographique \u00e9tudiante. En cultivant la diversit\u00e9 culturelle, les jeunes acqui\u00e8rent comp\u00e9tences linguistiques, pens\u00e9e critique, adaptabilit\u00e9, r\u00e9silience pour r\u00e9ussir dans un monde changeant. L&rsquo;\u00e9ducation en ligne, le soutien psychologique et la pr\u00e9paration administrative compl\u00e8tent les comp\u00e9tences pour guider les jeunes dans la mondialisation.<\/p>\n","protected":false},"excerpt":{"rendered":"<p>Dans un monde de plus en plus globalis\u00e9, la mobilit\u00e9 g\u00e9ographique \u00e9tudiante est devenue une r\u00e9alit\u00e9 pour de nombreux jeunes. L&rsquo;adaptabilit\u00e9 et la mobilit\u00e9 sont d\u00e9sormais comp\u00e9tences cl\u00e9s pour l&#8217;emploi et les \u00e9tudes \u00e0 l&rsquo;\u00e9tranger, rendant l&rsquo;\u00e9ducation cruciale. L&rsquo;\u00e9ducation forme la jeunesse pour r\u00e9ussir dans un monde en perp\u00e9tuel changement, en d\u00e9veloppant comp\u00e9tences, connaissances et [&hellip;]<\/p>\n","protected":false},"author":3,"featured_media":1793,"comment_status":"open","ping_status":"open","sticky":false,"template":"","format":"standard","meta":{"footnotes":""},"categories":[1],"tags":[14,34,23,107],"class_list":["post-1791","post","type-post","status-publish","format-standard","has-post-thumbnail","hentry","category-blog","tag-apprentissage","tag-education","tag-eleve","tag-mobilite"],"yoast_head":"<!-- This site is optimized with the Yoast SEO plugin v24.2 - https:\/\/yoast.com\/wordpress\/plugins\/seo\/ -->\n<title>La mobilit\u00e9 g\u00e9ographique \u00e9tudiante : le r\u00f4le de l&#039;\u00e9ducation<\/title>\n<meta name=\"description\" content=\"La mobilit\u00e9 g\u00e9ographique \u00e9tudiante : le r\u00f4le de l&#039;\u00e9ducation \u00e0 la pr\u00e9paration des jeunes \u00e0 relever les d\u00e9fis li\u00e9s \u00e0 la mobilit\u00e9 g\u00e9ographique.\" \/>\n<meta name=\"robots\" content=\"index, follow, max-snippet:-1, max-image-preview:large, max-video-preview:-1\" \/>\n<link rel=\"canonical\" href=\"https:\/\/educap.io\/fr_fr\/comment-leducation-peut-elle-contribuer-a-la-preparation-des-jeunes-a-relever-les-defis-lies-a-la-mobilite-geographique\/\" \/>\n<meta property=\"og:locale\" content=\"fr_FR\" \/>\n<meta property=\"og:type\" content=\"article\" \/>\n<meta property=\"og:title\" content=\"La mobilit\u00e9 g\u00e9ographique \u00e9tudiante : le r\u00f4le de l&#039;\u00e9ducation\" \/>\n<meta property=\"og:description\" content=\"La mobilit\u00e9 g\u00e9ographique \u00e9tudiante : le r\u00f4le de l&#039;\u00e9ducation \u00e0 la pr\u00e9paration des jeunes \u00e0 relever les d\u00e9fis li\u00e9s \u00e0 la mobilit\u00e9 g\u00e9ographique.\" \/>\n<meta property=\"og:url\" content=\"https:\/\/educap.io\/fr_fr\/comment-leducation-peut-elle-contribuer-a-la-preparation-des-jeunes-a-relever-les-defis-lies-a-la-mobilite-geographique\/\" \/>\n<meta property=\"og:site_name\" content=\"Educap\" \/>\n<meta property=\"article:publisher\" content=\"https:\/\/www.facebook.com\/educap.io\" \/>\n<meta property=\"article:published_time\" content=\"2023-09-25T10:00:00+00:00\" \/>\n<meta property=\"article:modified_time\" content=\"2023-10-04T14:53:25+00:00\" \/>\n<meta property=\"og:image\" content=\"https:\/\/educap.io\/wp-content\/uploads\/2023\/09\/Blog-Educap-30.png\" \/>\n\t<meta property=\"og:image:width\" content=\"1366\" \/>\n\t<meta property=\"og:image:height\" content=\"768\" \/>\n\t<meta property=\"og:image:type\" content=\"image\/png\" \/>\n<meta name=\"author\" content=\"Julie CENTI\" \/>\n<meta name=\"twitter:card\" content=\"summary_large_image\" \/>\n<meta name=\"twitter:label1\" content=\"\u00c9crit par\" \/>\n\t<meta name=\"twitter:data1\" content=\"Julie CENTI\" \/>\n\t<meta name=\"twitter:label2\" content=\"Dur\u00e9e de lecture estim\u00e9e\" \/>\n\t<meta name=\"twitter:data2\" content=\"4 minutes\" \/>\n<script type=\"application\/ld+json\" class=\"yoast-schema-graph\">{\"@context\":\"https:\/\/schema.org\",\"@graph\":[{\"@type\":\"WebPage\",\"@id\":\"https:\/\/educap.io\/comment-leducation-peut-elle-contribuer-a-la-preparation-des-jeunes-a-relever-les-defis-lies-a-la-mobilite-geographique\/\",\"url\":\"https:\/\/educap.io\/comment-leducation-peut-elle-contribuer-a-la-preparation-des-jeunes-a-relever-les-defis-lies-a-la-mobilite-geographique\/\",\"name\":\"La mobilit\u00e9 g\u00e9ographique \u00e9tudiante : le r\u00f4le de l'\u00e9ducation\",\"isPartOf\":{\"@id\":\"https:\/\/educap.io\/#website\"},\"primaryImageOfPage\":{\"@id\":\"https:\/\/educap.io\/comment-leducation-peut-elle-contribuer-a-la-preparation-des-jeunes-a-relever-les-defis-lies-a-la-mobilite-geographique\/#primaryimage\"},\"image\":{\"@id\":\"https:\/\/educap.io\/comment-leducation-peut-elle-contribuer-a-la-preparation-des-jeunes-a-relever-les-defis-lies-a-la-mobilite-geographique\/#primaryimage\"},\"thumbnailUrl\":\"https:\/\/educap.io\/wp-content\/uploads\/2023\/09\/Blog-Educap-30.png\",\"datePublished\":\"2023-09-25T10:00:00+00:00\",\"dateModified\":\"2023-10-04T14:53:25+00:00\",\"author\":{\"@id\":\"https:\/\/educap.io\/#\/schema\/person\/af1d7ee1c5a45e1e89d8f75d7e92c114\"},\"description\":\"La mobilit\u00e9 g\u00e9ographique \u00e9tudiante : le r\u00f4le de l'\u00e9ducation \u00e0 la pr\u00e9paration des jeunes \u00e0 relever les d\u00e9fis li\u00e9s \u00e0 la mobilit\u00e9 g\u00e9ographique.\",\"breadcrumb\":{\"@id\":\"https:\/\/educap.io\/comment-leducation-peut-elle-contribuer-a-la-preparation-des-jeunes-a-relever-les-defis-lies-a-la-mobilite-geographique\/#breadcrumb\"},\"inLanguage\":\"fr-FR\",\"potentialAction\":[{\"@type\":\"ReadAction\",\"target\":[\"https:\/\/educap.io\/comment-leducation-peut-elle-contribuer-a-la-preparation-des-jeunes-a-relever-les-defis-lies-a-la-mobilite-geographique\/\"]}]},{\"@type\":\"ImageObject\",\"inLanguage\":\"fr-FR\",\"@id\":\"https:\/\/educap.io\/comment-leducation-peut-elle-contribuer-a-la-preparation-des-jeunes-a-relever-les-defis-lies-a-la-mobilite-geographique\/#primaryimage\",\"url\":\"https:\/\/educap.io\/wp-content\/uploads\/2023\/09\/Blog-Educap-30.png\",\"contentUrl\":\"https:\/\/educap.io\/wp-content\/uploads\/2023\/09\/Blog-Educap-30.png\",\"width\":1366,\"height\":768,\"caption\":\"la mobilit\u00e9 g\u00e9ographique\"},{\"@type\":\"BreadcrumbList\",\"@id\":\"https:\/\/educap.io\/comment-leducation-peut-elle-contribuer-a-la-preparation-des-jeunes-a-relever-les-defis-lies-a-la-mobilite-geographique\/#breadcrumb\",\"itemListElement\":[{\"@type\":\"ListItem\",\"position\":1,\"name\":\"Accueil\",\"item\":\"https:\/\/educap.io\/fr_fr\/\"},{\"@type\":\"ListItem\",\"position\":2,\"name\":\"Comment l&rsquo;\u00e9ducation peut-elle contribuer \u00e0 la pr\u00e9paration des jeunes \u00e0 relever les d\u00e9fis li\u00e9s \u00e0 la mobilit\u00e9 g\u00e9ographique ?\"}]},{\"@type\":\"WebSite\",\"@id\":\"https:\/\/educap.io\/#website\",\"url\":\"https:\/\/educap.io\/\",\"name\":\"Educap\",\"description\":\"\",\"potentialAction\":[{\"@type\":\"SearchAction\",\"target\":{\"@type\":\"EntryPoint\",\"urlTemplate\":\"https:\/\/educap.io\/?s={search_term_string}\"},\"query-input\":{\"@type\":\"PropertyValueSpecification\",\"valueRequired\":true,\"valueName\":\"search_term_string\"}}],\"inLanguage\":\"fr-FR\"},{\"@type\":\"Person\",\"@id\":\"https:\/\/educap.io\/#\/schema\/person\/af1d7ee1c5a45e1e89d8f75d7e92c114\",\"name\":\"Julie CENTI\",\"image\":{\"@type\":\"ImageObject\",\"inLanguage\":\"fr-FR\",\"@id\":\"https:\/\/educap.io\/#\/schema\/person\/image\/\",\"url\":\"https:\/\/secure.gravatar.com\/avatar\/004044df9ff916f2557184884b7bfa29ede68f0506217a17a729109cd76ee8af?s=96&d=mm&r=g\",\"contentUrl\":\"https:\/\/secure.gravatar.com\/avatar\/004044df9ff916f2557184884b7bfa29ede68f0506217a17a729109cd76ee8af?s=96&d=mm&r=g\",\"caption\":\"Julie CENTI\"},\"sameAs\":[\"https:\/\/educap.io\/\"],\"url\":\"https:\/\/educap.io\/fr_fr\/author\/emna-chacha\/\"}]}<\/script>\n<!-- \/ Yoast SEO plugin. -->","yoast_head_json":{"title":"La mobilit\u00e9 g\u00e9ographique \u00e9tudiante : le r\u00f4le de l'\u00e9ducation","description":"La mobilit\u00e9 g\u00e9ographique \u00e9tudiante : le r\u00f4le de l'\u00e9ducation \u00e0 la pr\u00e9paration des jeunes \u00e0 relever les d\u00e9fis li\u00e9s \u00e0 la mobilit\u00e9 g\u00e9ographique.","robots":{"index":"index","follow":"follow","max-snippet":"max-snippet:-1","max-image-preview":"max-image-preview:large","max-video-preview":"max-video-preview:-1"},"canonical":"https:\/\/educap.io\/fr_fr\/comment-leducation-peut-elle-contribuer-a-la-preparation-des-jeunes-a-relever-les-defis-lies-a-la-mobilite-geographique\/","og_locale":"fr_FR","og_type":"article","og_title":"La mobilit\u00e9 g\u00e9ographique \u00e9tudiante : le r\u00f4le de l'\u00e9ducation","og_description":"La mobilit\u00e9 g\u00e9ographique \u00e9tudiante : le r\u00f4le de l'\u00e9ducation \u00e0 la pr\u00e9paration des jeunes \u00e0 relever les d\u00e9fis li\u00e9s \u00e0 la mobilit\u00e9 g\u00e9ographique.","og_url":"https:\/\/educap.io\/fr_fr\/comment-leducation-peut-elle-contribuer-a-la-preparation-des-jeunes-a-relever-les-defis-lies-a-la-mobilite-geographique\/","og_site_name":"Educap","article_publisher":"https:\/\/www.facebook.com\/educap.io","article_published_time":"2023-09-25T10:00:00+00:00","article_modified_time":"2023-10-04T14:53:25+00:00","og_image":[{"width":1366,"height":768,"url":"https:\/\/educap.io\/wp-content\/uploads\/2023\/09\/Blog-Educap-30.png","type":"image\/png"}],"author":"Julie CENTI","twitter_card":"summary_large_image","twitter_misc":{"\u00c9crit par":"Julie CENTI","Dur\u00e9e de lecture estim\u00e9e":"4 minutes"},"schema":{"@context":"https:\/\/schema.org","@graph":[{"@type":"WebPage","@id":"https:\/\/educap.io\/comment-leducation-peut-elle-contribuer-a-la-preparation-des-jeunes-a-relever-les-defis-lies-a-la-mobilite-geographique\/","url":"https:\/\/educap.io\/comment-leducation-peut-elle-contribuer-a-la-preparation-des-jeunes-a-relever-les-defis-lies-a-la-mobilite-geographique\/","name":"La mobilit\u00e9 g\u00e9ographique \u00e9tudiante : le r\u00f4le de l'\u00e9ducation","isPartOf":{"@id":"https:\/\/educap.io\/#website"},"primaryImageOfPage":{"@id":"https:\/\/educap.io\/comment-leducation-peut-elle-contribuer-a-la-preparation-des-jeunes-a-relever-les-defis-lies-a-la-mobilite-geographique\/#primaryimage"},"image":{"@id":"https:\/\/educap.io\/comment-leducation-peut-elle-contribuer-a-la-preparation-des-jeunes-a-relever-les-defis-lies-a-la-mobilite-geographique\/#primaryimage"},"thumbnailUrl":"https:\/\/educap.io\/wp-content\/uploads\/2023\/09\/Blog-Educap-30.png","datePublished":"2023-09-25T10:00:00+00:00","dateModified":"2023-10-04T14:53:25+00:00","author":{"@id":"https:\/\/educap.io\/#\/schema\/person\/af1d7ee1c5a45e1e89d8f75d7e92c114"},"description":"La mobilit\u00e9 g\u00e9ographique \u00e9tudiante : le r\u00f4le de l'\u00e9ducation \u00e0 la pr\u00e9paration des jeunes \u00e0 relever les d\u00e9fis li\u00e9s \u00e0 la mobilit\u00e9 g\u00e9ographique.","breadcrumb":{"@id":"https:\/\/educap.io\/comment-leducation-peut-elle-contribuer-a-la-preparation-des-jeunes-a-relever-les-defis-lies-a-la-mobilite-geographique\/#breadcrumb"},"inLanguage":"fr-FR","potentialAction":[{"@type":"ReadAction","target":["https:\/\/educap.io\/comment-leducation-peut-elle-contribuer-a-la-preparation-des-jeunes-a-relever-les-defis-lies-a-la-mobilite-geographique\/"]}]},{"@type":"ImageObject","inLanguage":"fr-FR","@id":"https:\/\/educap.io\/comment-leducation-peut-elle-contribuer-a-la-preparation-des-jeunes-a-relever-les-defis-lies-a-la-mobilite-geographique\/#primaryimage","url":"https:\/\/educap.io\/wp-content\/uploads\/2023\/09\/Blog-Educap-30.png","contentUrl":"https:\/\/educap.io\/wp-content\/uploads\/2023\/09\/Blog-Educap-30.png","width":1366,"height":768,"caption":"la mobilit\u00e9 g\u00e9ographique"},{"@type":"BreadcrumbList","@id":"https:\/\/educap.io\/comment-leducation-peut-elle-contribuer-a-la-preparation-des-jeunes-a-relever-les-defis-lies-a-la-mobilite-geographique\/#breadcrumb","itemListElement":[{"@type":"ListItem","position":1,"name":"Accueil","item":"https:\/\/educap.io\/fr_fr\/"},{"@type":"ListItem","position":2,"name":"Comment l&rsquo;\u00e9ducation peut-elle contribuer \u00e0 la pr\u00e9paration des jeunes \u00e0 relever les d\u00e9fis li\u00e9s \u00e0 la mobilit\u00e9 g\u00e9ographique ?"}]},{"@type":"WebSite","@id":"https:\/\/educap.io\/#website","url":"https:\/\/educap.io\/","name":"Educap","description":"","potentialAction":[{"@type":"SearchAction","target":{"@type":"EntryPoint","urlTemplate":"https:\/\/educap.io\/?s={search_term_string}"},"query-input":{"@type":"PropertyValueSpecification","valueRequired":true,"valueName":"search_term_string"}}],"inLanguage":"fr-FR"},{"@type":"Person","@id":"https:\/\/educap.io\/#\/schema\/person\/af1d7ee1c5a45e1e89d8f75d7e92c114","name":"Julie CENTI","image":{"@type":"ImageObject","inLanguage":"fr-FR","@id":"https:\/\/educap.io\/#\/schema\/person\/image\/","url":"https:\/\/secure.gravatar.com\/avatar\/004044df9ff916f2557184884b7bfa29ede68f0506217a17a729109cd76ee8af?s=96&d=mm&r=g","contentUrl":"https:\/\/secure.gravatar.com\/avatar\/004044df9ff916f2557184884b7bfa29ede68f0506217a17a729109cd76ee8af?s=96&d=mm&r=g","caption":"Julie CENTI"},"sameAs":["https:\/\/educap.io\/"],"url":"https:\/\/educap.io\/fr_fr\/author\/emna-chacha\/"}]}},"_links":{"self":[{"href":"https:\/\/educap.io\/fr_fr\/wp-json\/wp\/v2\/posts\/1791","targetHints":{"allow":["GET"]}}],"collection":[{"href":"https:\/\/educap.io\/fr_fr\/wp-json\/wp\/v2\/posts"}],"about":[{"href":"https:\/\/educap.io\/fr_fr\/wp-json\/wp\/v2\/types\/post"}],"author":[{"embeddable":true,"href":"https:\/\/educap.io\/fr_fr\/wp-json\/wp\/v2\/users\/3"}],"replies":[{"embeddable":true,"href":"https:\/\/educap.io\/fr_fr\/wp-json\/wp\/v2\/comments?post=1791"}],"version-history":[{"count":3,"href":"https:\/\/educap.io\/fr_fr\/wp-json\/wp\/v2\/posts\/1791\/revisions"}],"predecessor-version":[{"id":1834,"href":"https:\/\/educap.io\/fr_fr\/wp-json\/wp\/v2\/posts\/1791\/revisions\/1834"}],"wp:featuredmedia":[{"embeddable":true,"href":"https:\/\/educap.io\/fr_fr\/wp-json\/wp\/v2\/media\/1793"}],"wp:attachment":[{"href":"https:\/\/educap.io\/fr_fr\/wp-json\/wp\/v2\/media?parent=1791"}],"wp:term":[{"taxonomy":"category","embeddable":true,"href":"https:\/\/educap.io\/fr_fr\/wp-json\/wp\/v2\/categories?post=1791"},{"taxonomy":"post_tag","embeddable":true,"href":"https:\/\/educap.io\/fr_fr\/wp-json\/wp\/v2\/tags?post=1791"}],"curies":[{"name":"wp","href":"https:\/\/api.w.org\/{rel}","templated":true}]}}