{"id":5487,"date":"2025-06-24T10:00:00","date_gmt":"2025-06-24T10:00:00","guid":{"rendered":"https:\/\/educap.io\/?p=5487"},"modified":"2025-08-06T09:48:27","modified_gmt":"2025-08-06T09:48:27","slug":"les-troubles-de-lapprentissage-comprendre-pour-mieux-accompagner","status":"publish","type":"post","link":"https:\/\/educap.io\/en\/les-troubles-de-lapprentissage-comprendre-pour-mieux-accompagner\/","title":{"rendered":"Les troubles de l\u2019apprentissage : comprendre pour mieux accompagner"},"content":{"rendered":"<div data-elementor-type=\"wp-post\" data-elementor-id=\"5487\" class=\"elementor elementor-5487\" data-elementor-post-type=\"post\">\n\t\t\t\t\t\t<section class=\"elementor-section elementor-top-section elementor-element elementor-element-ab195dd elementor-section-boxed elementor-section-height-default elementor-section-height-default\" data-id=\"ab195dd\" data-element_type=\"section\">\n\t\t\t\t\t\t<div class=\"elementor-container elementor-column-gap-default\">\n\t\t\t\t\t<div class=\"elementor-column elementor-col-100 elementor-top-column elementor-element elementor-element-18aefae\" data-id=\"18aefae\" data-element_type=\"column\">\n\t\t\t<div class=\"elementor-widget-wrap elementor-element-populated\">\n\t\t\t\t\t\t<div class=\"elementor-element elementor-element-07e8c06 elementor-widget elementor-widget-image\" data-id=\"07e8c06\" data-element_type=\"widget\" data-widget_type=\"image.default\">\n\t\t\t\t<div class=\"elementor-widget-container\">\n\t\t\t\t\t\t\t\t\t\t\t\t\t\t\t<img fetchpriority=\"high\" decoding=\"async\" width=\"700\" height=\"477\" src=\"https:\/\/educap.io\/wp-content\/uploads\/2025\/06\/dys4-700x477-1.png\" class=\"attachment-large size-large wp-image-5499\" alt=\"\" srcset=\"https:\/\/educap.io\/wp-content\/uploads\/2025\/06\/dys4-700x477-1.png 700w, https:\/\/educap.io\/wp-content\/uploads\/2025\/06\/dys4-700x477-1-300x204.png 300w, https:\/\/educap.io\/wp-content\/uploads\/2025\/06\/dys4-700x477-1-18x12.png 18w\" sizes=\"(max-width: 700px) 100vw, 700px\" \/>\t\t\t\t\t\t\t\t\t\t\t\t\t\t\t<\/div>\n\t\t\t\t<\/div>\n\t\t\t\t\t<\/div>\n\t\t<\/div>\n\t\t\t\t\t<\/div>\n\t\t<\/section>\n\t\t\t\t<section class=\"elementor-section elementor-top-section elementor-element elementor-element-3c52658 elementor-section-boxed elementor-section-height-default elementor-section-height-default\" data-id=\"3c52658\" data-element_type=\"section\">\n\t\t\t\t\t\t<div class=\"elementor-container elementor-column-gap-default\">\n\t\t\t\t\t<div class=\"elementor-column elementor-col-100 elementor-top-column elementor-element elementor-element-bd0a620\" data-id=\"bd0a620\" data-element_type=\"column\">\n\t\t\t<div class=\"elementor-widget-wrap elementor-element-populated\">\n\t\t\t\t\t\t<div class=\"elementor-element elementor-element-8971256 elementor-widget elementor-widget-heading\" data-id=\"8971256\" data-element_type=\"widget\" data-widget_type=\"heading.default\">\n\t\t\t\t<div class=\"elementor-widget-container\">\n\t\t\t\t\t<h2 class=\"elementor-heading-title elementor-size-default\"><h2 style=\"font-family: Inter, sans-serif\">Introduction<\/h2><\/h2>\t\t\t\t<\/div>\n\t\t\t\t<\/div>\n\t\t\t\t\t<\/div>\n\t\t<\/div>\n\t\t\t\t\t<\/div>\n\t\t<\/section>\n\t\t\t\t<section class=\"elementor-section elementor-top-section elementor-element elementor-element-ff5f39b elementor-section-boxed elementor-section-height-default elementor-section-height-default\" data-id=\"ff5f39b\" data-element_type=\"section\">\n\t\t\t\t\t\t<div class=\"elementor-container elementor-column-gap-default\">\n\t\t\t\t\t<div class=\"elementor-column elementor-col-100 elementor-top-column elementor-element elementor-element-24f74d2d\" data-id=\"24f74d2d\" data-element_type=\"column\">\n\t\t\t<div class=\"elementor-widget-wrap elementor-element-populated\">\n\t\t\t\t\t\t<div class=\"elementor-element elementor-element-7a8a4564 elementor-widget elementor-widget-text-editor\" data-id=\"7a8a4564\" data-element_type=\"widget\" data-widget_type=\"text-editor.default\">\n\t\t\t\t<div class=\"elementor-widget-container\">\n\t\t\t\t\t\t\t\t\t\n<p>Les troubles de l\u2019apprentissage regroupent un ensemble de difficult\u00e9s neurologiques sp\u00e9cifiques qui affectent la capacit\u00e9 d\u2019un enfant \u00e0 apprendre dans certaines mati\u00e8res, malgr\u00e9 une intelligence normale ou sup\u00e9rieure \u00e0 la moyenne.<\/p>\n\n\n\n<h3 class=\"wp-block-heading\">Les troubles les plus fr\u00e9quents :<\/h3>\n\n\n\n<ul class=\"wp-block-list\">\n<li><strong>Dyslexie<\/strong> : difficult\u00e9 \u00e0 lire et \u00e0 reconna\u00eetre les mots,<\/li>\n\n\n\n<li><strong>Dyscalculie<\/strong> : trouble du calcul et de la compr\u00e9hension des nombres,<\/li>\n\n\n\n<li><strong>Dysgraphie<\/strong> : trouble de l\u2019\u00e9criture, souvent lente et difficile,<\/li>\n\n\n\n<li><strong>Dyspraxie<\/strong> : trouble de la coordination motrice,<\/li>\n\n\n\n<li><strong>TDAH (trouble d\u00e9ficit de l\u2019attention avec hyperactivit\u00e9)<\/strong> : difficult\u00e9 \u00e0 maintenir l\u2019attention et \u00e0 contr\u00f4ler les impulsions.<\/li>\n<\/ul>\n\n\n\n<p>Ces troubles ne sont pas des \u00ab lacunes \u00bb ou un manque de volont\u00e9. Ils n\u00e9cessitent des strat\u00e9gies p\u00e9dagogiques adapt\u00e9es pour permettre \u00e0 l\u2019enfant de progresser.<\/p>\n\n\n\n<h2 class=\"wp-block-heading\">Les enjeux de l\u2019inclusion des \u00e9l\u00e8ves avec troubles de l\u2019apprentissage<\/h2>\n\n\n\n<p>Les \u00e9l\u00e8ves concern\u00e9s font face \u00e0 plusieurs obstacles dans le syst\u00e8me scolaire traditionnel :<\/p>\n\n\n\n<ul class=\"wp-block-list\">\n<li><strong>Manque de reconnaissance<\/strong> : souvent, leurs difficult\u00e9s ne sont pas imm\u00e9diatement d\u00e9tect\u00e9es,<\/li>\n\n\n\n<li><strong>Absence d\u2019adaptations<\/strong> : programmes et \u00e9valuations non adapt\u00e9s \u00e0 leurs besoins sp\u00e9cifiques,<\/li>\n\n\n\n<li><strong>Risques d\u2019exclusion sociale<\/strong> : sentiment d\u2019\u00e9chec, isolement, d\u00e9crochage scolaire,<\/li>\n\n\n\n<li><strong>Stress et anxi\u00e9t\u00e9<\/strong> li\u00e9s aux exigences scolaires non adapt\u00e9es.<\/li>\n<\/ul>\n\n\n\n<p>L\u2019\u00e9cole inclusive vise donc \u00e0 transformer ces obstacles en leviers de r\u00e9ussite, pour que ces \u00e9l\u00e8ves b\u00e9n\u00e9ficient d\u2019un accompagnement \u00e9galitaire.<\/p>\n\n\n\n<h2 class=\"wp-block-heading\">Les troubles de l\u2019apprentissage: Solutions p\u00e9dagogiques pour une \u00e9cole vraiment inclusive<\/h2>\n\n\n\n<h3 class=\"wp-block-heading\">1. Identification et diagnostic pr\u00e9coce<\/h3>\n\n\n\n<p>La d\u00e9tection rapide des troubles est la premi\u00e8re \u00e9tape. Les enseignants doivent \u00eatre form\u00e9s pour rep\u00e9rer les signes de difficult\u00e9s et orienter vers des sp\u00e9cialistes (orthophonistes, psychologues scolaires).<\/p>\n\n\n\n<h3 class=\"wp-block-heading\">2. Am\u00e9nagements p\u00e9dagogiques<\/h3>\n\n\n\n<ul class=\"wp-block-list\">\n<li><strong>Adaptation des supports<\/strong> : textes simplifi\u00e9s, polices adapt\u00e9es (ex : OpenDyslexic), enregistrements audio,<\/li>\n\n\n\n<li><strong>Utilisation d\u2019outils num\u00e9riques<\/strong> : logiciels de lecture vocale, correcteurs orthographiques, tablettes interactives,<\/li>\n\n\n\n<li><strong>Temps suppl\u00e9mentaire<\/strong> lors des \u00e9valuations,<\/li>\n\n\n\n<li><strong>Possibilit\u00e9 d\u2019\u00e9valuer autrement<\/strong> (oral au lieu de l\u2019\u00e9crit, projets pratiques&#8230;).<\/li>\n<\/ul>\n\n\n\n<h3 class=\"wp-block-heading\">3. Les troubles de l\u2019apprentissage: Formation des enseignants<\/h3>\n\n\n\n<p>L\u2019inclusion n\u00e9cessite que les enseignants comprennent les troubles de l\u2019apprentissage et disposent de m\u00e9thodes p\u00e9dagogiques adapt\u00e9es. La formation continue est essentielle pour :<\/p>\n\n\n\n<ul class=\"wp-block-list\">\n<li>Savoir diff\u00e9rencier ses approches,<\/li>\n\n\n\n<li>G\u00e9rer la diversit\u00e9 des \u00e9l\u00e8ves en classe,<\/li>\n\n\n\n<li>Collaborer avec les \u00e9quipes sp\u00e9cialis\u00e9es.<\/li>\n<\/ul>\n\n\n\n<h3 class=\"wp-block-heading\">4. Travail collaboratif entre tous les acteurs<\/h3>\n\n\n\n<p>Parents, enseignants, psychologues scolaires, \u00e9ducateurs sp\u00e9cialis\u00e9s et \u00e9l\u00e8ves doivent travailler ensemble pour construire un projet \u00e9ducatif individualis\u00e9 (PEI) qui correspond aux besoins de chaque enfant.<\/p>\n\n\n\n<h2 class=\"wp-block-heading\">Le r\u00f4le cl\u00e9 des outils num\u00e9riques dans l\u2019inclusion<\/h2>\n\n\n\n<p>Les technologies \u00e9ducatives ouvrent de nouvelles perspectives pour l\u2019inclusion. Elles permettent de compenser certaines difficult\u00e9s et de valoriser les comp\u00e9tences des \u00e9l\u00e8ves.<\/p>\n\n\n\n<p>Par exemple :<\/p>\n\n\n\n<ul class=\"wp-block-list\">\n<li><strong>Logiciels de synth\u00e8se vocale<\/strong> pour aider \u00e0 la lecture,<\/li>\n\n\n\n<li><strong>Applications d\u2019organisation et de planification<\/strong> pour les \u00e9l\u00e8ves avec TDAH,<\/li>\n\n\n\n<li><strong>Jeux \u00e9ducatifs adapt\u00e9s<\/strong> pour travailler le calcul ou la coordination motrice,<\/li>\n\n\n\n<li><strong>Plateformes p\u00e9dagogiques comme <a href=\"http:\/\/educap.io\/en\/\">Educap.io<\/a><\/strong> qui permettent un suivi personnalis\u00e9 des progr\u00e8s.<\/li>\n<\/ul>\n\n\n\n<p>Ces outils favorisent l\u2019autonomie et la motivation des \u00e9l\u00e8ves, tout en facilitant le travail des enseignants.<\/p>\n\n\n\n<h2 class=\"wp-block-heading\">Sensibilisation et changement de regard<\/h2>\n\n\n\n<p>Pour que l\u2019\u00e9cole inclusive soit une r\u00e9alit\u00e9, il faut aussi changer les mentalit\u00e9s.<\/p>\n\n\n\n<ul class=\"wp-block-list\">\n<li><strong>Sensibiliser les \u00e9l\u00e8ves<\/strong> \u00e0 la diversit\u00e9 pour favoriser la solidarit\u00e9 et pr\u00e9venir le harc\u00e8lement,<\/li>\n\n\n\n<li><strong>Valoriser les r\u00e9ussites de tous<\/strong> en adaptant les crit\u00e8res d\u2019\u00e9valuation,<\/li>\n\n\n\n<li><strong>Promouvoir une culture scolaire bienveillante<\/strong> o\u00f9 chacun trouve sa place.<\/li>\n<\/ul>\n\n\n\n<p>L\u2019inclusion n\u2019est pas seulement une question d\u2019am\u00e9nagements techniques, mais surtout d\u2019une volont\u00e9 collective d\u2019accueillir et d\u2019accompagner la diff\u00e9rence.<\/p>\n\n\n\n<h2 class=\"wp-block-heading\">Les troubles de l\u2019apprentissage: Exemples de bonnes pratiques \u00e0 l\u2019\u00e9cole<\/h2>\n\n\n\n<ul class=\"wp-block-list\">\n<li>Mise en place de <strong>groupes de travail en petits effectifs<\/strong> pour certains \u00e9l\u00e8ves,<\/li>\n\n\n\n<li>Cr\u00e9ation de <strong>coins calmes<\/strong> et espaces de d\u00e9tente pour g\u00e9rer le stress,<\/li>\n\n\n\n<li>Utilisation de <strong>cahiers de communication<\/strong> entre parents et enseignants,<\/li>\n\n\n\n<li>Organisation r\u00e9guli\u00e8re de <strong>r\u00e9unions pluridisciplinaires<\/strong> pour ajuster les aides.<\/li>\n<\/ul>\n\n\n\n<p>Ces actions concr\u00e8tes permettent d\u2019instaurer un environnement serein et propice \u00e0 la r\u00e9ussite de tous.<\/p>\n\n\n\n<h2 class=\"wp-block-heading\">Conclusion<\/h2>\n\n\n\n<p>L\u2019\u00e9cole inclusive est une n\u00e9cessit\u00e9 pour construire un syst\u00e8me \u00e9ducatif juste et \u00e9quitable. L\u2019int\u00e9gration des \u00e9l\u00e8ves avec troubles de l\u2019apprentissage demande une mobilisation collective, des ressources adapt\u00e9es et une \u00e9volution des pratiques p\u00e9dagogiques.<\/p>\n\n\n\n<p>Avec une d\u00e9tection pr\u00e9coce, des am\u00e9nagements cibl\u00e9s, des formations pour les enseignants et l\u2019appui des technologies num\u00e9riques, il est possible d\u2019offrir \u00e0 chaque \u00e9l\u00e8ve la chance de s\u2019\u00e9panouir et de r\u00e9ussir.<\/p>\n\n\n\n<p>L\u2019inclusion, ce n\u2019est pas seulement accueillir la diff\u00e9rence, c\u2019est la consid\u00e9rer comme une richesse pour l\u2019\u00e9cole de demain.<\/p>\n\n\n\n<p><\/p>\n\t\t\t\t\t\t\t\t<\/div>\n\t\t\t\t<\/div>\n\t\t\t\t\t<\/div>\n\t\t<\/div>\n\t\t\t\t\t<\/div>\n\t\t<\/section>\n\t\t\t\t<section class=\"elementor-section elementor-top-section elementor-element elementor-element-7d00845 elementor-section-boxed elementor-section-height-default elementor-section-height-default\" data-id=\"7d00845\" data-element_type=\"section\">\n\t\t\t\t\t\t<div class=\"elementor-container elementor-column-gap-default\">\n\t\t\t\t\t<div class=\"elementor-column elementor-col-100 elementor-top-column elementor-element elementor-element-15b8eb0\" data-id=\"15b8eb0\" data-element_type=\"column\">\n\t\t\t<div class=\"elementor-widget-wrap elementor-element-populated\">\n\t\t\t\t\t\t<div class=\"elementor-element elementor-element-245d971 elementor-widget elementor-widget-image\" data-id=\"245d971\" data-element_type=\"widget\" data-widget_type=\"image.default\">\n\t\t\t\t<div class=\"elementor-widget-container\">\n\t\t\t\t\t\t\t\t\t\t\t\t\t\t\t<img decoding=\"async\" src=\"https:\/\/educap.io\/wp-content\/plugins\/elementor\/assets\/images\/placeholder.png\" title=\"\" alt=\"\" loading=\"lazy\" \/>\t\t\t\t\t\t\t\t\t\t\t\t\t\t\t<\/div>\n\t\t\t\t<\/div>\n\t\t\t\t\t<\/div>\n\t\t<\/div>\n\t\t\t\t\t<\/div>\n\t\t<\/section>\n\t\t\t\t<section class=\"elementor-section elementor-top-section elementor-element elementor-element-df54fed elementor-section-boxed elementor-section-height-default elementor-section-height-default\" data-id=\"df54fed\" data-element_type=\"section\">\n\t\t\t\t\t\t<div class=\"elementor-container elementor-column-gap-default\">\n\t\t\t\t\t<div class=\"elementor-column elementor-col-100 elementor-top-column elementor-element elementor-element-28774a7\" data-id=\"28774a7\" data-element_type=\"column\">\n\t\t\t<div class=\"elementor-widget-wrap elementor-element-populated\">\n\t\t\t\t\t\t<div class=\"elementor-element elementor-element-86c6b5a elementor-widget elementor-widget-heading\" data-id=\"86c6b5a\" data-element_type=\"widget\" data-widget_type=\"heading.default\">\n\t\t\t\t<div class=\"elementor-widget-container\">\n\t\t\t\t\t<h2 class=\"elementor-heading-title elementor-size-default\">Ajoutez votre titre ici<\/h2>\t\t\t\t<\/div>\n\t\t\t\t<\/div>\n\t\t\t\t\t<\/div>\n\t\t<\/div>\n\t\t\t\t\t<\/div>\n\t\t<\/section>\n\t\t\t\t<\/div>","protected":false},"excerpt":{"rendered":"<p>Introduction Les troubles de l\u2019apprentissage regroupent un ensemble de difficult\u00e9s neurologiques sp\u00e9cifiques qui affectent la capacit\u00e9 d\u2019un enfant \u00e0 apprendre dans certaines mati\u00e8res, malgr\u00e9 une intelligence normale ou sup\u00e9rieure \u00e0 la moyenne. Les troubles les plus fr\u00e9quents : Ces troubles ne sont pas des \u00ab lacunes \u00bb ou un manque de volont\u00e9. Ils n\u00e9cessitent des [&hellip;]<\/p>","protected":false},"author":9,"featured_media":5489,"comment_status":"open","ping_status":"open","sticky":false,"template":"","format":"standard","meta":{"footnotes":""},"categories":[1],"tags":[14,34,23,18,46,45],"class_list":["post-5487","post","type-post","status-publish","format-standard","has-post-thumbnail","hentry","category-blog","tag-apprentissage","tag-education","tag-eleve","tag-etablissement-scolaire","tag-numerique","tag-optimisation"],"yoast_head":"<!-- This site is optimized with the Yoast SEO plugin v24.2 - https:\/\/yoast.com\/wordpress\/plugins\/seo\/ -->\n<title>Les troubles de l\u2019apprentissage<\/title>\n<meta name=\"description\" content=\"D\u00e9couvrez comment l\u2019\u00e9cole inclusive int\u00e8gre les \u00e9l\u00e8ves avec troubles de l\u2019apprentissage (dyslexie, TDAH, dyspraxie) gr\u00e2ce \u00e0 des solutions p\u00e9dagogiques adapt\u00e9es, des outils num\u00e9riques et une collaboration renforc\u00e9e entre enseignants et familles.\" \/>\n<meta name=\"robots\" content=\"index, follow, max-snippet:-1, max-image-preview:large, max-video-preview:-1\" \/>\n<link rel=\"canonical\" href=\"https:\/\/educap.io\/en\/les-troubles-de-lapprentissage-comprendre-pour-mieux-accompagner\/\" \/>\n<meta property=\"og:locale\" content=\"en_US\" \/>\n<meta property=\"og:type\" content=\"article\" \/>\n<meta property=\"og:title\" content=\"Les troubles de l\u2019apprentissage\" \/>\n<meta property=\"og:description\" content=\"D\u00e9couvrez comment l\u2019\u00e9cole inclusive int\u00e8gre les \u00e9l\u00e8ves avec troubles de l\u2019apprentissage (dyslexie, TDAH, dyspraxie) gr\u00e2ce \u00e0 des solutions p\u00e9dagogiques adapt\u00e9es, des outils num\u00e9riques et une collaboration renforc\u00e9e entre enseignants et familles.\" \/>\n<meta property=\"og:url\" content=\"https:\/\/educap.io\/en\/les-troubles-de-lapprentissage-comprendre-pour-mieux-accompagner\/\" \/>\n<meta property=\"og:site_name\" content=\"Educap\" \/>\n<meta property=\"article:publisher\" content=\"https:\/\/www.facebook.com\/educap.io\" \/>\n<meta property=\"article:published_time\" content=\"2025-06-24T10:00:00+00:00\" \/>\n<meta property=\"article:modified_time\" content=\"2025-08-06T09:48:27+00:00\" \/>\n<meta property=\"og:image\" content=\"https:\/\/educap.io\/wp-content\/uploads\/2025\/06\/dys4.png\" \/>\n\t<meta property=\"og:image:width\" content=\"720\" \/>\n\t<meta property=\"og:image:height\" content=\"477\" \/>\n\t<meta property=\"og:image:type\" content=\"image\/png\" \/>\n<meta name=\"author\" content=\"Julie CENTI\" \/>\n<meta name=\"twitter:card\" content=\"summary_large_image\" \/>\n<meta name=\"twitter:label1\" content=\"Written by\" \/>\n\t<meta name=\"twitter:data1\" content=\"Julie CENTI\" \/>\n\t<meta name=\"twitter:label2\" content=\"Est. reading time\" \/>\n\t<meta name=\"twitter:data2\" content=\"4 minutes\" \/>\n<script type=\"application\/ld+json\" class=\"yoast-schema-graph\">{\"@context\":\"https:\/\/schema.org\",\"@graph\":[{\"@type\":\"WebPage\",\"@id\":\"https:\/\/educap.io\/fr_fr\/les-troubles-de-lapprentissage-comprendre-pour-mieux-accompagner\/\",\"url\":\"https:\/\/educap.io\/fr_fr\/les-troubles-de-lapprentissage-comprendre-pour-mieux-accompagner\/\",\"name\":\"Les troubles de l\u2019apprentissage\",\"isPartOf\":{\"@id\":\"https:\/\/educap.io\/#website\"},\"primaryImageOfPage\":{\"@id\":\"https:\/\/educap.io\/fr_fr\/les-troubles-de-lapprentissage-comprendre-pour-mieux-accompagner\/#primaryimage\"},\"image\":{\"@id\":\"https:\/\/educap.io\/fr_fr\/les-troubles-de-lapprentissage-comprendre-pour-mieux-accompagner\/#primaryimage\"},\"thumbnailUrl\":\"https:\/\/educap.io\/wp-content\/uploads\/2025\/06\/dys4.png\",\"datePublished\":\"2025-06-24T10:00:00+00:00\",\"dateModified\":\"2025-08-06T09:48:27+00:00\",\"author\":{\"@id\":\"https:\/\/educap.io\/#\/schema\/person\/4dffe41e9714c247c451c98157113d60\"},\"description\":\"D\u00e9couvrez comment l\u2019\u00e9cole inclusive int\u00e8gre les \u00e9l\u00e8ves avec troubles de l\u2019apprentissage (dyslexie, TDAH, dyspraxie) gr\u00e2ce \u00e0 des solutions p\u00e9dagogiques adapt\u00e9es, des outils num\u00e9riques et une collaboration renforc\u00e9e entre enseignants et familles.\",\"breadcrumb\":{\"@id\":\"https:\/\/educap.io\/fr_fr\/les-troubles-de-lapprentissage-comprendre-pour-mieux-accompagner\/#breadcrumb\"},\"inLanguage\":\"en-US\",\"potentialAction\":[{\"@type\":\"ReadAction\",\"target\":[\"https:\/\/educap.io\/fr_fr\/les-troubles-de-lapprentissage-comprendre-pour-mieux-accompagner\/\"]}]},{\"@type\":\"ImageObject\",\"inLanguage\":\"en-US\",\"@id\":\"https:\/\/educap.io\/fr_fr\/les-troubles-de-lapprentissage-comprendre-pour-mieux-accompagner\/#primaryimage\",\"url\":\"https:\/\/educap.io\/wp-content\/uploads\/2025\/06\/dys4.png\",\"contentUrl\":\"https:\/\/educap.io\/wp-content\/uploads\/2025\/06\/dys4.png\",\"width\":720,\"height\":477},{\"@type\":\"BreadcrumbList\",\"@id\":\"https:\/\/educap.io\/fr_fr\/les-troubles-de-lapprentissage-comprendre-pour-mieux-accompagner\/#breadcrumb\",\"itemListElement\":[{\"@type\":\"ListItem\",\"position\":1,\"name\":\"Accueil\",\"item\":\"https:\/\/educap.io\/fr_fr\/\"},{\"@type\":\"ListItem\",\"position\":2,\"name\":\"Les troubles de l\u2019apprentissage : comprendre pour mieux accompagner\"}]},{\"@type\":\"WebSite\",\"@id\":\"https:\/\/educap.io\/#website\",\"url\":\"https:\/\/educap.io\/\",\"name\":\"Educap\",\"description\":\"\",\"potentialAction\":[{\"@type\":\"SearchAction\",\"target\":{\"@type\":\"EntryPoint\",\"urlTemplate\":\"https:\/\/educap.io\/?s={search_term_string}\"},\"query-input\":{\"@type\":\"PropertyValueSpecification\",\"valueRequired\":true,\"valueName\":\"search_term_string\"}}],\"inLanguage\":\"en-US\"},{\"@type\":\"Person\",\"@id\":\"https:\/\/educap.io\/#\/schema\/person\/4dffe41e9714c247c451c98157113d60\",\"name\":\"Julie CENTI\",\"image\":{\"@type\":\"ImageObject\",\"inLanguage\":\"en-US\",\"@id\":\"https:\/\/educap.io\/#\/schema\/person\/image\/\",\"url\":\"https:\/\/secure.gravatar.com\/avatar\/f6ee0f918680eebf0bf9c06fdceae83423496df35825a3bb0ef85fc06548d5a1?s=96&d=mm&r=g\",\"contentUrl\":\"https:\/\/secure.gravatar.com\/avatar\/f6ee0f918680eebf0bf9c06fdceae83423496df35825a3bb0ef85fc06548d5a1?s=96&d=mm&r=g\",\"caption\":\"Julie CENTI\"},\"url\":\"https:\/\/educap.io\/en\/author\/emna-benfraj\/\"}]}<\/script>\n<!-- \/ Yoast SEO plugin. -->","yoast_head_json":{"title":"Les troubles de l\u2019apprentissage","description":"D\u00e9couvrez comment l\u2019\u00e9cole inclusive int\u00e8gre les \u00e9l\u00e8ves avec troubles de l\u2019apprentissage (dyslexie, TDAH, dyspraxie) gr\u00e2ce \u00e0 des solutions p\u00e9dagogiques adapt\u00e9es, des outils num\u00e9riques et une collaboration renforc\u00e9e entre enseignants et familles.","robots":{"index":"index","follow":"follow","max-snippet":"max-snippet:-1","max-image-preview":"max-image-preview:large","max-video-preview":"max-video-preview:-1"},"canonical":"https:\/\/educap.io\/en\/les-troubles-de-lapprentissage-comprendre-pour-mieux-accompagner\/","og_locale":"en_US","og_type":"article","og_title":"Les troubles de l\u2019apprentissage","og_description":"D\u00e9couvrez comment l\u2019\u00e9cole inclusive int\u00e8gre les \u00e9l\u00e8ves avec troubles de l\u2019apprentissage (dyslexie, TDAH, dyspraxie) gr\u00e2ce \u00e0 des solutions p\u00e9dagogiques adapt\u00e9es, des outils num\u00e9riques et une collaboration renforc\u00e9e entre enseignants et familles.","og_url":"https:\/\/educap.io\/en\/les-troubles-de-lapprentissage-comprendre-pour-mieux-accompagner\/","og_site_name":"Educap","article_publisher":"https:\/\/www.facebook.com\/educap.io","article_published_time":"2025-06-24T10:00:00+00:00","article_modified_time":"2025-08-06T09:48:27+00:00","og_image":[{"width":720,"height":477,"url":"https:\/\/educap.io\/wp-content\/uploads\/2025\/06\/dys4.png","type":"image\/png"}],"author":"Julie CENTI","twitter_card":"summary_large_image","twitter_misc":{"Written by":"Julie CENTI","Est. reading time":"4 minutes"},"schema":{"@context":"https:\/\/schema.org","@graph":[{"@type":"WebPage","@id":"https:\/\/educap.io\/fr_fr\/les-troubles-de-lapprentissage-comprendre-pour-mieux-accompagner\/","url":"https:\/\/educap.io\/fr_fr\/les-troubles-de-lapprentissage-comprendre-pour-mieux-accompagner\/","name":"Les troubles de l\u2019apprentissage","isPartOf":{"@id":"https:\/\/educap.io\/#website"},"primaryImageOfPage":{"@id":"https:\/\/educap.io\/fr_fr\/les-troubles-de-lapprentissage-comprendre-pour-mieux-accompagner\/#primaryimage"},"image":{"@id":"https:\/\/educap.io\/fr_fr\/les-troubles-de-lapprentissage-comprendre-pour-mieux-accompagner\/#primaryimage"},"thumbnailUrl":"https:\/\/educap.io\/wp-content\/uploads\/2025\/06\/dys4.png","datePublished":"2025-06-24T10:00:00+00:00","dateModified":"2025-08-06T09:48:27+00:00","author":{"@id":"https:\/\/educap.io\/#\/schema\/person\/4dffe41e9714c247c451c98157113d60"},"description":"D\u00e9couvrez comment l\u2019\u00e9cole inclusive int\u00e8gre les \u00e9l\u00e8ves avec troubles de l\u2019apprentissage (dyslexie, TDAH, dyspraxie) gr\u00e2ce \u00e0 des solutions p\u00e9dagogiques adapt\u00e9es, des outils num\u00e9riques et une collaboration renforc\u00e9e entre enseignants et familles.","breadcrumb":{"@id":"https:\/\/educap.io\/fr_fr\/les-troubles-de-lapprentissage-comprendre-pour-mieux-accompagner\/#breadcrumb"},"inLanguage":"en-US","potentialAction":[{"@type":"ReadAction","target":["https:\/\/educap.io\/fr_fr\/les-troubles-de-lapprentissage-comprendre-pour-mieux-accompagner\/"]}]},{"@type":"ImageObject","inLanguage":"en-US","@id":"https:\/\/educap.io\/fr_fr\/les-troubles-de-lapprentissage-comprendre-pour-mieux-accompagner\/#primaryimage","url":"https:\/\/educap.io\/wp-content\/uploads\/2025\/06\/dys4.png","contentUrl":"https:\/\/educap.io\/wp-content\/uploads\/2025\/06\/dys4.png","width":720,"height":477},{"@type":"BreadcrumbList","@id":"https:\/\/educap.io\/fr_fr\/les-troubles-de-lapprentissage-comprendre-pour-mieux-accompagner\/#breadcrumb","itemListElement":[{"@type":"ListItem","position":1,"name":"Accueil","item":"https:\/\/educap.io\/fr_fr\/"},{"@type":"ListItem","position":2,"name":"Les troubles de l\u2019apprentissage : comprendre pour mieux accompagner"}]},{"@type":"WebSite","@id":"https:\/\/educap.io\/#website","url":"https:\/\/educap.io\/","name":"Educap","description":"","potentialAction":[{"@type":"SearchAction","target":{"@type":"EntryPoint","urlTemplate":"https:\/\/educap.io\/?s={search_term_string}"},"query-input":{"@type":"PropertyValueSpecification","valueRequired":true,"valueName":"search_term_string"}}],"inLanguage":"en-US"},{"@type":"Person","@id":"https:\/\/educap.io\/#\/schema\/person\/4dffe41e9714c247c451c98157113d60","name":"Julie CENTI","image":{"@type":"ImageObject","inLanguage":"en-US","@id":"https:\/\/educap.io\/#\/schema\/person\/image\/","url":"https:\/\/secure.gravatar.com\/avatar\/f6ee0f918680eebf0bf9c06fdceae83423496df35825a3bb0ef85fc06548d5a1?s=96&d=mm&r=g","contentUrl":"https:\/\/secure.gravatar.com\/avatar\/f6ee0f918680eebf0bf9c06fdceae83423496df35825a3bb0ef85fc06548d5a1?s=96&d=mm&r=g","caption":"Julie CENTI"},"url":"https:\/\/educap.io\/en\/author\/emna-benfraj\/"}]}},"_links":{"self":[{"href":"https:\/\/educap.io\/en\/wp-json\/wp\/v2\/posts\/5487","targetHints":{"allow":["GET"]}}],"collection":[{"href":"https:\/\/educap.io\/en\/wp-json\/wp\/v2\/posts"}],"about":[{"href":"https:\/\/educap.io\/en\/wp-json\/wp\/v2\/types\/post"}],"author":[{"embeddable":true,"href":"https:\/\/educap.io\/en\/wp-json\/wp\/v2\/users\/9"}],"replies":[{"embeddable":true,"href":"https:\/\/educap.io\/en\/wp-json\/wp\/v2\/comments?post=5487"}],"version-history":[{"count":10,"href":"https:\/\/educap.io\/en\/wp-json\/wp\/v2\/posts\/5487\/revisions"}],"predecessor-version":[{"id":5590,"href":"https:\/\/educap.io\/en\/wp-json\/wp\/v2\/posts\/5487\/revisions\/5590"}],"wp:featuredmedia":[{"embeddable":true,"href":"https:\/\/educap.io\/en\/wp-json\/wp\/v2\/media\/5489"}],"wp:attachment":[{"href":"https:\/\/educap.io\/en\/wp-json\/wp\/v2\/media?parent=5487"}],"wp:term":[{"taxonomy":"category","embeddable":true,"href":"https:\/\/educap.io\/en\/wp-json\/wp\/v2\/categories?post=5487"},{"taxonomy":"post_tag","embeddable":true,"href":"https:\/\/educap.io\/en\/wp-json\/wp\/v2\/tags?post=5487"}],"curies":[{"name":"wp","href":"https:\/\/api.w.org\/{rel}","templated":true}]}}