{"id":5483,"date":"2025-06-19T13:51:23","date_gmt":"2025-06-19T13:51:23","guid":{"rendered":"https:\/\/educap.io\/?p=5483"},"modified":"2025-08-06T09:58:53","modified_gmt":"2025-08-06T09:58:53","slug":"inclusion-scolaire-des-eleves-a-besoins-specifiques","status":"publish","type":"post","link":"https:\/\/educap.io\/en\/inclusion-scolaire-des-eleves-a-besoins-specifiques\/","title":{"rendered":"L\u2019inclusion scolaire des \u00e9l\u00e8ves \u00e0 besoins sp\u00e9cifiques"},"content":{"rendered":"<div data-elementor-type=\"wp-post\" data-elementor-id=\"5483\" class=\"elementor elementor-5483\" data-elementor-post-type=\"post\">\n\t\t\t\t\t\t<section class=\"elementor-section elementor-top-section elementor-element elementor-element-36497999 elementor-section-boxed elementor-section-height-default elementor-section-height-default\" data-id=\"36497999\" data-element_type=\"section\">\n\t\t\t\t\t\t<div class=\"elementor-container elementor-column-gap-default\">\n\t\t\t\t\t<div class=\"elementor-column elementor-col-100 elementor-top-column elementor-element elementor-element-477513dd\" data-id=\"477513dd\" data-element_type=\"column\">\n\t\t\t<div class=\"elementor-widget-wrap elementor-element-populated\">\n\t\t\t\t\t\t<div class=\"elementor-element elementor-element-66903d8c elementor-widget elementor-widget-text-editor\" data-id=\"66903d8c\" data-element_type=\"widget\" data-widget_type=\"text-editor.default\">\n\t\t\t\t<div class=\"elementor-widget-container\">\n\t\t\t\t\t\t\t\t\t\n<figure class=\"wp-block-image size-large is-resized\"><img fetchpriority=\"high\" decoding=\"async\" width=\"1024\" height=\"558\" src=\"https:\/\/educap.io\/wp-content\/uploads\/2025\/06\/73-ecole-inclusive-png-33867-1024x558.png\" alt=\"L\u2019inclusion scolaire des \u00e9l\u00e8ves \u00e0 besoins sp\u00e9cifiques\" class=\"wp-image-5484\" style=\"width:586px;height:auto\" srcset=\"https:\/\/educap.io\/wp-content\/uploads\/2025\/06\/73-ecole-inclusive-png-33867-1024x558.png 1024w, https:\/\/educap.io\/wp-content\/uploads\/2025\/06\/73-ecole-inclusive-png-33867-300x163.png 300w, https:\/\/educap.io\/wp-content\/uploads\/2025\/06\/73-ecole-inclusive-png-33867-768x418.png 768w, https:\/\/educap.io\/wp-content\/uploads\/2025\/06\/73-ecole-inclusive-png-33867-18x10.png 18w, https:\/\/educap.io\/wp-content\/uploads\/2025\/06\/73-ecole-inclusive-png-33867.png 1340w\" sizes=\"(max-width: 1024px) 100vw, 1024px\" \/><\/figure>\n\n\n\n<h2 class=\"wp-block-heading\">Pourquoi l\u2019inclusion scolaire est un enjeu majeur<\/h2>\n\n\n\n<p>Tous les enfants ont le droit d\u2019apprendre dans de bonnes conditions.<\/p>\n\n\n\n<p>Mais pour les \u00e9l\u00e8ves atteints de troubles de l\u2019apprentissage comme la dyslexie, ou de troubles du spectre autistique (TSA), l\u2019\u00e9cole peut devenir un v\u00e9ritable d\u00e9fi. Ils doivent souvent s\u2019adapter \u00e0 une m\u00e9thode unique, sans tenir compte de leurs besoins sp\u00e9cifiques.<\/p>\n\n\n\n<p>\ud83d\udc49 R\u00e9sultat : sentiment d\u2019exclusion, difficult\u00e9s scolaires, perte de confiance.<\/p>\n\n\n\n<p>L&rsquo;inclusion scolaire des \u00e9l\u00e8ves \u00e0 besoins sp\u00e9cifiques \u00e0 changer cela. Elle consiste \u00e0 adapter l\u2019environnement scolaire pour permettre \u00e0 <strong>chaque \u00e9l\u00e8ve d\u2019apprendre \u00e0 son rythme<\/strong>, selon ses capacit\u00e9s.<\/p>\n\n\n\n<h2 class=\"wp-block-heading\">Une p\u00e9dagogie diff\u00e9renci\u00e9e pour r\u00e9pondre aux besoins de tous<\/h2>\n\n\n\n<p>Adopter une p\u00e9dagogie inclusive, c\u2019est offrir \u00e0 chaque enfant :<\/p>\n\n\n\n<ul class=\"wp-block-list\">\n<li>Des outils adapt\u00e9s \u00e0 son profil.<\/li>\n\n\n\n<li>Un suivi personnalis\u00e9 de ses progr\u00e8s.<\/li>\n\n\n\n<li>Une \u00e9valuation juste et bienveillante.<\/li>\n\n\n\n<li>Un cadre scolaire rassurant et compr\u00e9hensif.<\/li>\n<\/ul>\n\n\n\n<p>Ces pratiques b\u00e9n\u00e9ficient <strong>\u00e0 tous les \u00e9l\u00e8ves<\/strong>, pas seulement \u00e0 ceux ayant des besoins particuliers.<\/p>\n\n\n\n<h2 class=\"wp-block-heading\">Le num\u00e9rique comme levier d\u2019inclusion<\/h2>\n\n\n\n<p>Les solutions num\u00e9riques offrent aujourd\u2019hui des outils puissants pour r\u00e9pondre aux besoins sp\u00e9cifiques des \u00e9l\u00e8ves.<\/p>\n\n\n\n<figure class=\"wp-block-table\"><table class=\"has-fixed-layout\"><tbody><tr><td class=\"has-text-align-left\" data-align=\"left\"><strong> Les \u00e9l\u00e8ves dyslexiques<\/strong><\/td><td class=\"has-text-align-left\" data-align=\"left\"><strong>Les \u00e9l\u00e8ves autistes<\/strong><\/td><td class=\"has-text-align-left\" data-align=\"left\"><strong>Tous les \u00e9l\u00e8ves en difficult\u00e9 <\/strong><\/td><\/tr><tr><td class=\"has-text-align-left\" data-align=\"left\">&#8211; Affichage du texte avec une police sp\u00e9ciale (OpenDyslexic).<br>&#8211; Lecture audio automatique des consignes et le\u00e7ons.<br>&#8211; Couleurs et contrastes personnalisables pour un meilleur confort visuel.<\/td><td class=\"has-text-align-left\" data-align=\"left\">&#8211; Emplois du temps visuels et structur\u00e9s.<br>&#8211; Utilisation d\u2019images, pictogrammes et vid\u00e9os.<br>&#8211; Interfaces simples, claires et sans distraction.<\/td><td class=\"has-text-align-left\" data-align=\"left\">&#8211; Supports interactifs et ludiques (quiz, vid\u00e9os, exercices audio).<br>&#8211; Feedback imm\u00e9diat et valorisant.<br>&#8211; Suivi des progr\u00e8s en temps r\u00e9el.<\/td><\/tr><\/tbody><\/table><\/figure>\n\n\n\n<h2 class=\"wp-block-heading\"><a href=\"https:\/\/educap.io\/en\/\">Educap.io<\/a> : une plateforme inclusive par nature<\/h2>\n\n\n\n<p>Educap.io est une plateforme num\u00e9rique pens\u00e9e pour une gestion scolaire moderne, fluide\u2026 et inclusive.<\/p>\n\n\n\n<p>Voici comment elle soutient l\u2019inclusion au quotidien :<\/p>\n\n\n\n<h3 class=\"wp-block-heading\">1. Suivi individualis\u00e9 des \u00e9l\u00e8ves \u00e0 besoins sp\u00e9cifiques<\/h3>\n\n\n\n<p>Chaque \u00e9l\u00e8ve a un profil d\u00e9di\u00e9. Les enseignants peuvent suivre les notes, remarques, comportements, et ajuster les contenus selon les besoins.<\/p>\n\n\n\n<h3 class=\"wp-block-heading\">2. L&rsquo;inclusion scolaire des \u00e9l\u00e8ves \u00e0 besoins sp\u00e9cifiques: Acc\u00e8s simplifi\u00e9 aux ressources p\u00e9dagogiques<\/h3>\n\n\n\n<p>Les \u00e9l\u00e8ves peuvent consulter leurs le\u00e7ons, devoirs et supports sous plusieurs formats (texte, audio, visuel).<\/p>\n\n\n\n<h3 class=\"wp-block-heading\">3. Communication facilit\u00e9e avec les parents<\/h3>\n\n\n\n<p>Gr\u00e2ce aux notifications, rappels et messagerie int\u00e9gr\u00e9e, les familles sont inform\u00e9es, m\u00eame si elles ont des difficult\u00e9s \u00e0 lire ou comprendre les outils classiques.<\/p>\n\n\n\n<h3 class=\"wp-block-heading\">4. Formation des enseignants<\/h3>\n\n\n\n<p>Educap.io accompagne les \u00e9coles avec des sessions de formation pour apprendre \u00e0 utiliser les outils inclusifs de la plateforme et adopter une p\u00e9dagogie diff\u00e9renci\u00e9e.<\/p>\n\n\n\n<h2 class=\"wp-block-heading\">L&rsquo;inclusion scolaire des \u00e9l\u00e8ves \u00e0 besoins sp\u00e9cifiques: Une \u00e9cole plus juste, c\u2019est possible<\/h2>\n\n\n\n<p>L\u2019inclusion ne doit pas \u00eatre une contrainte. C\u2019est <strong>une opportunit\u00e9 d\u2019enseigner autrement<\/strong> et de faire briller chaque \u00e9l\u00e8ve selon ses forces.<\/p>\n\n\n\n<p>Gr\u00e2ce au num\u00e9rique et \u00e0 des plateformes comme <strong>Educap.io<\/strong>, les \u00e9coles peuvent aujourd\u2019hui :<\/p>\n\n\n\n<ul class=\"wp-block-list\">\n<li>R\u00e9duire les in\u00e9galit\u00e9s.<\/li>\n\n\n\n<li>Mieux r\u00e9pondre \u00e0 la diversit\u00e9 des profils.<\/li>\n\n\n\n<li>Favoriser la r\u00e9ussite de tous.<\/li>\n<\/ul>\n\n\n\n<h2 class=\"wp-block-heading\">Conclusion : Un num\u00e9rique au service de l\u2019\u00e9galit\u00e9<\/h2>\n\n\n\n<p>Inclusion, personnalisation, accompagnement : ce sont les piliers d\u2019une \u00e9cole moderne.<\/p>\n\n\n\n<p>Chez<a href=\"https:\/\/educap.io\/en\/\"> Educap.io<\/a>, nous croyons qu\u2019<strong>aucun \u00e9l\u00e8ve ne doit \u00eatre laiss\u00e9 de c\u00f4t\u00e9<\/strong>. Gr\u00e2ce \u00e0 des solutions simples, accessibles et intuitives, notre mission est de donner \u00e0 chaque enfant <strong>les moyens de r\u00e9ussir, \u00e0 sa fa\u00e7on<\/strong>.<\/p>\n\n\n\n<p><\/p>\n\t\t\t\t\t\t\t\t<\/div>\n\t\t\t\t<\/div>\n\t\t\t\t<div class=\"elementor-element elementor-element-534f1e5 elementor-widget elementor-widget-tp-blog-listout\" data-id=\"534f1e5\" data-element_type=\"widget\" data-widget_type=\"tp-blog-listout.default\">\n\t\t\t\t<div class=\"elementor-widget-container\">\n\t\t\t\t\t<div id=\"pt-plus-blog-post-list\" class=\"blog-list post69eec61bc40af  list-isotope  blog-style-1 hover-image-style-1\"  data-layout-type=\"fitRows\"   data-id=\"post69eec61bc40af\" data-style=\"style-1\"  data-enable-isotope=\"1\"><div id=\"post69eec61bc40af\" class=\"tp-row post-inner-loop post69eec61bc40af\"><div class=\"grid-item metro-item tp-col-lg-4 tp-col-md-4 tp-col-sm-6 tp-col-6\"><article id=\"post-22907\" class=\"post-22907 post type-post status-publish format-standard has-post-thumbnail hentry category-blog\">\r\n\t<div class=\"blog-list-content\">\r\n\t\t\t\t<div class=\"post-content-image\">\r\n\t\t\t<a href=\"https:\/\/educap.io\/en\/adolescent-gerer-ecrans-revisions\/\">\r\n\t\t\t\t<div class=\"blog-featured-image\">\r\n<span class=\"thumb-wrap\">\r\n\t<img decoding=\"async\" width=\"496\" height=\"342\" src=\"https:\/\/educap.io\/wp-content\/uploads\/2026\/04\/Screenshot-from-2026-04-08-09-31-28-1.png\" class=\"attachment-tp-image-grid size-tp-image-grid\" alt=\"Adolescent et \u00e9crans : 8 conseils pour g\u00e9rer les r\u00e9visions\" \/><\/span>\r\n<\/div>\r\n\t\t\t<\/a>\r\n\t\t<\/div>\r\n\t\t\t\t<div class=\"post-content-bottom\">\r\n\t\t\t\t\t\t\t<div class=\"post-meta-info style-1\">\r\n\t\t\t\t\t<span class=\"meta-date\"><a href=\"https:\/\/educap.io\/en\/adolescent-gerer-ecrans-revisions\/\"><span class=\"entry-date\">April 23, 2026<\/span><\/a><\/span>\r\n<\/a><\/span>\r\n\t\t\t\t\t<span>|<\/span> <span class=\"post-author\">\r\n\t\t\t\t\t\tBy  \r\n\t\t\t\t\t\t<a href=\"https:\/\/educap.io\/en\/author\/amal-baniwaialys-group-com\/\" rel=\"author\" class=\"fn\">\r\n\t\t\t\t\t\tJulie CENTI\t\t\t<\/a><\/span>\r\n\t\t\t\t<\/div>\r\n\t\t\t\t<h3 class=\"post-title\">\r\n\t<a href=\"https:\/\/educap.io\/en\/adolescent-gerer-ecrans-revisions\/\">Adolescent et \u00e9crans : 8 conseils pour g\u00e9rer les r\u00e9visions<\/a>\r\n<\/h3>\r\n\t\t\t<div class=\"post-hover-content\">\r\n\t\t\t\t\r\n<div class=\"entry-content\">\r\n\t<p>G\u00e9rer un adolescent et les \u00e9crans pendant les r\u00e9visions est un d\u00e9fi quotidien pour de nombreux parents. Entre les notifications constantes, les r\u00e9seaux sociaux et les vid\u00e9os captivantes, capter...<\/p>\r\n<\/div>\r\n\t\t\t<\/div>\r\n\t\t<\/div>\r\n\t\t\t<\/div>\r\n<\/article>\r\n<\/div><div class=\"grid-item metro-item tp-col-lg-4 tp-col-md-4 tp-col-sm-6 tp-col-6\"><article id=\"post-22902\" class=\"post-22902 post type-post status-publish format-standard has-post-thumbnail hentry category-blog\">\r\n\t<div class=\"blog-list-content\">\r\n\t\t\t\t<div class=\"post-content-image\">\r\n\t\t\t<a href=\"https:\/\/educap.io\/en\/plateforme-suivi-scolaire\/\">\r\n\t\t\t\t<div class=\"blog-featured-image\">\r\n<span class=\"thumb-wrap\">\r\n\t<img decoding=\"async\" width=\"700\" height=\"700\" src=\"https:\/\/educap.io\/wp-content\/uploads\/2026\/04\/Gemini_Generated_Image_87o6xm87o6xm87o6-700x700.png\" class=\"attachment-tp-image-grid size-tp-image-grid\" alt=\"Plateforme suivi scolaire : pourquoi adopter une solution digitale ?\" \/><\/span>\r\n<\/div>\r\n\t\t\t<\/a>\r\n\t\t<\/div>\r\n\t\t\t\t<div class=\"post-content-bottom\">\r\n\t\t\t\t\t\t\t<div class=\"post-meta-info style-1\">\r\n\t\t\t\t\t<span class=\"meta-date\"><a href=\"https:\/\/educap.io\/en\/plateforme-suivi-scolaire\/\"><span class=\"entry-date\">April 20, 2026<\/span><\/a><\/span>\r\n<\/a><\/span>\r\n\t\t\t\t\t<span>|<\/span> <span class=\"post-author\">\r\n\t\t\t\t\t\tBy  \r\n\t\t\t\t\t\t<a href=\"https:\/\/educap.io\/en\/author\/amal-baniwaialys-group-com\/\" rel=\"author\" class=\"fn\">\r\n\t\t\t\t\t\tJulie CENTI\t\t\t<\/a><\/span>\r\n\t\t\t\t<\/div>\r\n\t\t\t\t<h3 class=\"post-title\">\r\n\t<a href=\"https:\/\/educap.io\/en\/plateforme-suivi-scolaire\/\">Pourquoi les \u00e9tablissements doivent digitaliser leur suivi scolaire ?<\/a>\r\n<\/h3>\r\n\t\t\t<div class=\"post-hover-content\">\r\n\t\t\t\t\r\n<div class=\"entry-content\">\r\n\t<p>Aujourd\u2019hui, adopter une plateforme suivi scolaire est devenu essentiel pour les \u00e9tablissements \u00e9ducatifs souhaitant am\u00e9liorer la communication avec les parents et assurer un suivi efficace des \u00e9l\u00e8ves. Face aux...<\/p>\r\n<\/div>\r\n\t\t\t<\/div>\r\n\t\t<\/div>\r\n\t\t\t<\/div>\r\n<\/article>\r\n<\/div><div class=\"grid-item metro-item tp-col-lg-4 tp-col-md-4 tp-col-sm-6 tp-col-6\"><article id=\"post-22897\" class=\"post-22897 post type-post status-publish format-standard has-post-thumbnail hentry category-blog\">\r\n\t<div class=\"blog-list-content\">\r\n\t\t\t\t<div class=\"post-content-image\">\r\n\t\t\t<a href=\"https:\/\/educap.io\/en\/rencontrer-professeurs-enfant\/\">\r\n\t\t\t\t<div class=\"blog-featured-image\">\r\n<span class=\"thumb-wrap\">\r\n\t<img loading=\"lazy\" decoding=\"async\" width=\"700\" height=\"700\" src=\"https:\/\/educap.io\/wp-content\/uploads\/2026\/04\/ChatGPT-Image-6-avr.-2026-12_25_43-700x700.png\" class=\"attachment-tp-image-grid size-tp-image-grid\" alt=\"rencontrer les professeurs de son enfant est essentiel pour sa r\u00e9ussite scolaire\" \/><\/span>\r\n<\/div>\r\n\t\t\t<\/a>\r\n\t\t<\/div>\r\n\t\t\t\t<div class=\"post-content-bottom\">\r\n\t\t\t\t\t\t\t<div class=\"post-meta-info style-1\">\r\n\t\t\t\t\t<span class=\"meta-date\"><a href=\"https:\/\/educap.io\/en\/rencontrer-professeurs-enfant\/\"><span class=\"entry-date\">April 16, 2026<\/span><\/a><\/span>\r\n<\/a><\/span>\r\n\t\t\t\t\t<span>|<\/span> <span class=\"post-author\">\r\n\t\t\t\t\t\tBy  \r\n\t\t\t\t\t\t<a href=\"https:\/\/educap.io\/en\/author\/amal-baniwaialys-group-com\/\" rel=\"author\" class=\"fn\">\r\n\t\t\t\t\t\tJulie CENTI\t\t\t<\/a><\/span>\r\n\t\t\t\t<\/div>\r\n\t\t\t\t<h3 class=\"post-title\">\r\n\t<a href=\"https:\/\/educap.io\/en\/rencontrer-professeurs-enfant\/\">Pourquoi est-il important de rencontrer les professeurs de son enfant en tant que parent ?<\/a>\r\n<\/h3>\r\n\t\t\t<div class=\"post-hover-content\">\r\n\t\t\t\t\r\n<div class=\"entry-content\">\r\n\t<p>Rencontrer les professeurs de son enfant est une \u00e9tape cl\u00e9 pour suivre sa scolarit\u00e9 et l\u2019aider \u00e0 progresser. Ces \u00e9changes permettent aux parents de mieux comprendre ses points forts,...<\/p>\r\n<\/div>\r\n\t\t\t<\/div>\r\n\t\t<\/div>\r\n\t\t\t<\/div>\r\n<\/article>\r\n<\/div><div class=\"grid-item metro-item tp-col-lg-4 tp-col-md-4 tp-col-sm-6 tp-col-6\"><article id=\"post-22892\" class=\"post-22892 post type-post status-publish format-standard has-post-thumbnail hentry category-blog\">\r\n\t<div class=\"blog-list-content\">\r\n\t\t\t\t<div class=\"post-content-image\">\r\n\t\t\t<a href=\"https:\/\/educap.io\/en\/devoirs-a-la-maison-avantages-limites-educap\/\">\r\n\t\t\t\t<div class=\"blog-featured-image\">\r\n<span class=\"thumb-wrap\">\r\n\t<img loading=\"lazy\" decoding=\"async\" width=\"700\" height=\"700\" src=\"https:\/\/educap.io\/wp-content\/uploads\/2026\/04\/ChatGPT-Image-3-avr.-2026-10_28_22-700x700.png\" class=\"attachment-tp-image-grid size-tp-image-grid\" alt=\"Devoirs \u00e0 la maison\" \/><\/span>\r\n<\/div>\r\n\t\t\t<\/a>\r\n\t\t<\/div>\r\n\t\t\t\t<div class=\"post-content-bottom\">\r\n\t\t\t\t\t\t\t<div class=\"post-meta-info style-1\">\r\n\t\t\t\t\t<span class=\"meta-date\"><a href=\"https:\/\/educap.io\/en\/devoirs-a-la-maison-avantages-limites-educap\/\"><span class=\"entry-date\">April 13, 2026<\/span><\/a><\/span>\r\n<\/a><\/span>\r\n\t\t\t\t\t<span>|<\/span> <span class=\"post-author\">\r\n\t\t\t\t\t\tBy  \r\n\t\t\t\t\t\t<a href=\"https:\/\/educap.io\/en\/author\/amal-baniwaialys-group-com\/\" rel=\"author\" class=\"fn\">\r\n\t\t\t\t\t\tJulie CENTI\t\t\t<\/a><\/span>\r\n\t\t\t\t<\/div>\r\n\t\t\t\t<h3 class=\"post-title\">\r\n\t<a href=\"https:\/\/educap.io\/en\/devoirs-a-la-maison-avantages-limites-educap\/\">Faut-il vraiment donner des devoirs \u00e0 la maison ?<\/a>\r\n<\/h3>\r\n\t\t\t<div class=\"post-hover-content\">\r\n\t\t\t\t\r\n<div class=\"entry-content\">\r\n\t<p>Les devoirs \u00e0 la maison font partie du quotidien scolaire depuis des g\u00e9n\u00e9rations. Pourtant, aujourd\u2019hui, une question revient de plus en plus souvent : sont-ils r\u00e9ellement utiles \u00e0 l\u2019apprentissage...<\/p>\r\n<\/div>\r\n\t\t\t<\/div>\r\n\t\t<\/div>\r\n\t\t\t<\/div>\r\n<\/article>\r\n<\/div><div class=\"grid-item metro-item tp-col-lg-4 tp-col-md-4 tp-col-sm-6 tp-col-6\"><article id=\"post-22887\" class=\"post-22887 post type-post status-publish format-standard has-post-thumbnail hentry category-blog\">\r\n\t<div class=\"blog-list-content\">\r\n\t\t\t\t<div class=\"post-content-image\">\r\n\t\t\t<a href=\"https:\/\/educap.io\/en\/importance-reunions-parents-professeurs\/\">\r\n\t\t\t\t<div class=\"blog-featured-image\">\r\n<span class=\"thumb-wrap\">\r\n\t<img loading=\"lazy\" decoding=\"async\" width=\"700\" height=\"700\" src=\"https:\/\/educap.io\/wp-content\/uploads\/2026\/03\/ChatGPT-Image-Mar-24-2026-09_45_35-AM-700x700.png\" class=\"attachment-tp-image-grid size-tp-image-grid\" alt=\"L\u2019importance des r\u00e9unions parents-professeurs\" \/><\/span>\r\n<\/div>\r\n\t\t\t<\/a>\r\n\t\t<\/div>\r\n\t\t\t\t<div class=\"post-content-bottom\">\r\n\t\t\t\t\t\t\t<div class=\"post-meta-info style-1\">\r\n\t\t\t\t\t<span class=\"meta-date\"><a href=\"https:\/\/educap.io\/en\/importance-reunions-parents-professeurs\/\"><span class=\"entry-date\">April 9, 2026<\/span><\/a><\/span>\r\n<\/a><\/span>\r\n\t\t\t\t\t<span>|<\/span> <span class=\"post-author\">\r\n\t\t\t\t\t\tBy  \r\n\t\t\t\t\t\t<a href=\"https:\/\/educap.io\/en\/author\/amal-baniwaialys-group-com\/\" rel=\"author\" class=\"fn\">\r\n\t\t\t\t\t\tJulie CENTI\t\t\t<\/a><\/span>\r\n\t\t\t\t<\/div>\r\n\t\t\t\t<h3 class=\"post-title\">\r\n\t<a href=\"https:\/\/educap.io\/en\/importance-reunions-parents-professeurs\/\">L\u2019importance des r\u00e9unions parents-professeurs : un pilier de la r\u00e9ussite scolaire<\/a>\r\n<\/h3>\r\n\t\t\t<div class=\"post-hover-content\">\r\n\t\t\t\t\r\n<div class=\"entry-content\">\r\n\t<p>Dans le parcours scolaire d\u2019un enfant, la communication entre les parents et les enseignants joue un r\u00f4le essentiel. Les r\u00e9unions parents-professeurs ne sont pas simplement un moment d\u2019\u00e9change rapide...<\/p>\r\n<\/div>\r\n\t\t\t<\/div>\r\n\t\t<\/div>\r\n\t\t\t<\/div>\r\n<\/article>\r\n<\/div><div class=\"grid-item metro-item tp-col-lg-4 tp-col-md-4 tp-col-sm-6 tp-col-6\"><article id=\"post-11444\" class=\"post-11444 post type-post status-publish format-standard has-post-thumbnail hentry category-blog\">\r\n\t<div class=\"blog-list-content\">\r\n\t\t\t\t<div class=\"post-content-image\">\r\n\t\t\t<a href=\"https:\/\/educap.io\/en\/signes-stress-scolaire-accompagnement\/\">\r\n\t\t\t\t<div class=\"blog-featured-image\">\r\n<span class=\"thumb-wrap\">\r\n\t<img loading=\"lazy\" decoding=\"async\" width=\"700\" height=\"700\" src=\"https:\/\/educap.io\/wp-content\/uploads\/2026\/03\/70c7b639-ce87-4e80-bd85-4bffedfc0e27-700x700.jpg\" class=\"attachment-tp-image-grid size-tp-image-grid\" alt=\"Signes stress scolaire : comment agir ?\" \/><\/span>\r\n<\/div>\r\n\t\t\t<\/a>\r\n\t\t<\/div>\r\n\t\t\t\t<div class=\"post-content-bottom\">\r\n\t\t\t\t\t\t\t<div class=\"post-meta-info style-1\">\r\n\t\t\t\t\t<span class=\"meta-date\"><a href=\"https:\/\/educap.io\/en\/signes-stress-scolaire-accompagnement\/\"><span class=\"entry-date\">April 6, 2026<\/span><\/a><\/span>\r\n<\/a><\/span>\r\n\t\t\t\t\t<span>|<\/span> <span class=\"post-author\">\r\n\t\t\t\t\t\tBy  \r\n\t\t\t\t\t\t<a href=\"https:\/\/educap.io\/en\/author\/amal-baniwaialys-group-com\/\" rel=\"author\" class=\"fn\">\r\n\t\t\t\t\t\tJulie CENTI\t\t\t<\/a><\/span>\r\n\t\t\t\t<\/div>\r\n\t\t\t\t<h3 class=\"post-title\">\r\n\t<a href=\"https:\/\/educap.io\/en\/signes-stress-scolaire-accompagnement\/\">Signes stress scolaire : comment les reconna\u00eetre et accompagner l&rsquo;\u00e9l\u00e8ve ?<\/a>\r\n<\/h3>\r\n\t\t\t<div class=\"post-hover-content\">\r\n\t\t\t\t\r\n<div class=\"entry-content\">\r\n\t<p>De plus en plus d&rsquo;\u00e9l\u00e8ves font face \u00e0 une pression acad\u00e9mique croissante, rendant leur parcours parfois difficile. En tant que parents ou enseignants, savoir identifier rapidement les&nbsp;signes stress scolaire&nbsp;est...<\/p>\r\n<\/div>\r\n\t\t\t<\/div>\r\n\t\t<\/div>\r\n\t\t\t<\/div>\r\n<\/article>\r\n<\/div><div class=\"grid-item metro-item tp-col-lg-4 tp-col-md-4 tp-col-sm-6 tp-col-6\"><article id=\"post-6516\" class=\"post-6516 post type-post status-publish format-standard has-post-thumbnail hentry category-blog\">\r\n\t<div class=\"blog-list-content\">\r\n\t\t\t\t<div class=\"post-content-image\">\r\n\t\t\t<a href=\"https:\/\/educap.io\/en\/confiance-en-soi-eleves-suivi-personnalise\/\">\r\n\t\t\t\t<div class=\"blog-featured-image\">\r\n<span class=\"thumb-wrap\">\r\n\t<img loading=\"lazy\" decoding=\"async\" width=\"700\" height=\"700\" src=\"https:\/\/educap.io\/wp-content\/uploads\/2026\/03\/grok-image-209690bc-83ca-4e6c-bb54-28a3d2cbe71d-700x700.jpg\" class=\"attachment-tp-image-grid size-tp-image-grid\" alt=\"confiance en soi des \u00e9l\u00e8ves\" \/><\/span>\r\n<\/div>\r\n\t\t\t<\/a>\r\n\t\t<\/div>\r\n\t\t\t\t<div class=\"post-content-bottom\">\r\n\t\t\t\t\t\t\t<div class=\"post-meta-info style-1\">\r\n\t\t\t\t\t<span class=\"meta-date\"><a href=\"https:\/\/educap.io\/en\/confiance-en-soi-eleves-suivi-personnalise\/\"><span class=\"entry-date\">April 2, 2026<\/span><\/a><\/span>\r\n<\/a><\/span>\r\n\t\t\t\t\t<span>|<\/span> <span class=\"post-author\">\r\n\t\t\t\t\t\tBy  \r\n\t\t\t\t\t\t<a href=\"https:\/\/educap.io\/en\/author\/amal-baniwaialys-group-com\/\" rel=\"author\" class=\"fn\">\r\n\t\t\t\t\t\tJulie CENTI\t\t\t<\/a><\/span>\r\n\t\t\t\t<\/div>\r\n\t\t\t\t<h3 class=\"post-title\">\r\n\t<a href=\"https:\/\/educap.io\/en\/confiance-en-soi-eleves-suivi-personnalise\/\">Favoriser la confiance en soi des \u00e9l\u00e8ves gr\u00e2ce au suivi personnalis\u00e9<\/a>\r\n<\/h3>\r\n\t\t\t<div class=\"post-hover-content\">\r\n\t\t\t\t\r\n<div class=\"entry-content\">\r\n\t<p>La confiance en soi des \u00e9l\u00e8ves joue un r\u00f4le essentiel dans leur r\u00e9ussite scolaire. Un \u00e9l\u00e8ve qui croit en ses capacit\u00e9s participe davantage en classe, ose poser des questions...<\/p>\r\n<\/div>\r\n\t\t\t<\/div>\r\n\t\t<\/div>\r\n\t\t\t<\/div>\r\n<\/article>\r\n<\/div><div class=\"grid-item metro-item tp-col-lg-4 tp-col-md-4 tp-col-sm-6 tp-col-6\"><article id=\"post-5806\" class=\"post-5806 post type-post status-publish format-standard has-post-thumbnail hentry category-blog\">\r\n\t<div class=\"blog-list-content\">\r\n\t\t\t\t<div class=\"post-content-image\">\r\n\t\t\t<a href=\"https:\/\/educap.io\/en\/inscription-en-ligne-ecole\/\">\r\n\t\t\t\t<div class=\"blog-featured-image\">\r\n<span class=\"thumb-wrap\">\r\n\t<img loading=\"lazy\" decoding=\"async\" width=\"584\" height=\"700\" src=\"https:\/\/educap.io\/wp-content\/uploads\/2026\/03\/Screenshot-from-2026-03-03-09-40-43-584x700.png\" class=\"attachment-tp-image-grid size-tp-image-grid\" alt=\"Inscription en ligne \u00e9cole\" \/><\/span>\r\n<\/div>\r\n\t\t\t<\/a>\r\n\t\t<\/div>\r\n\t\t\t\t<div class=\"post-content-bottom\">\r\n\t\t\t\t\t\t\t<div class=\"post-meta-info style-1\">\r\n\t\t\t\t\t<span class=\"meta-date\"><a href=\"https:\/\/educap.io\/en\/inscription-en-ligne-ecole\/\"><span class=\"entry-date\">March 30, 2026<\/span><\/a><\/span>\r\n<\/a><\/span>\r\n\t\t\t\t\t<span>|<\/span> <span class=\"post-author\">\r\n\t\t\t\t\t\tBy  \r\n\t\t\t\t\t\t<a href=\"https:\/\/educap.io\/en\/author\/amal-baniwaialys-group-com\/\" rel=\"author\" class=\"fn\">\r\n\t\t\t\t\t\tJulie CENTI\t\t\t<\/a><\/span>\r\n\t\t\t\t<\/div>\r\n\t\t\t\t<h3 class=\"post-title\">\r\n\t<a href=\"https:\/\/educap.io\/en\/inscription-en-ligne-ecole\/\">Inscription en ligne \u00e9cole : comment transformer un casse-t\u00eate administratif en atout majeur ?<\/a>\r\n<\/h3>\r\n\t\t\t<div class=\"post-hover-content\">\r\n\t\t\t\t\r\n<div class=\"entry-content\">\r\n\t<p>L\u2019inscription en ligne \u00e9cole est aujourd\u2019hui la solution incontournable pour simplifier la gestion des inscriptions scolaires. Chaque ann\u00e9e, la p\u00e9riode d\u2019inscription est redout\u00e9e par le personnel administratif : montagnes...<\/p>\r\n<\/div>\r\n\t\t\t<\/div>\r\n\t\t<\/div>\r\n\t\t\t<\/div>\r\n<\/article>\r\n<\/div><div class=\"grid-item metro-item tp-col-lg-4 tp-col-md-4 tp-col-sm-6 tp-col-6\"><article id=\"post-5799\" class=\"post-5799 post type-post status-publish format-standard has-post-thumbnail hentry category-blog\">\r\n\t<div class=\"blog-list-content\">\r\n\t\t\t\t<div class=\"post-content-image\">\r\n\t\t\t<a href=\"https:\/\/educap.io\/en\/le-meilleur-logiciel-de-gestion-scolaire\/\">\r\n\t\t\t\t<div class=\"blog-featured-image\">\r\n<span class=\"thumb-wrap\">\r\n\t<img loading=\"lazy\" decoding=\"async\" width=\"410\" height=\"123\" src=\"https:\/\/educap.io\/wp-content\/uploads\/2026\/03\/images.png\" class=\"attachment-tp-image-grid size-tp-image-grid\" alt=\"le meilleur logiciel de gestion scolaire tout-en-un pour simplifier la vie de votre \u00e9tablissement\" \/><\/span>\r\n<\/div>\r\n\t\t\t<\/a>\r\n\t\t<\/div>\r\n\t\t\t\t<div class=\"post-content-bottom\">\r\n\t\t\t\t\t\t\t<div class=\"post-meta-info style-1\">\r\n\t\t\t\t\t<span class=\"meta-date\"><a href=\"https:\/\/educap.io\/en\/le-meilleur-logiciel-de-gestion-scolaire\/\"><span class=\"entry-date\">March 26, 2026<\/span><\/a><\/span>\r\n<\/a><\/span>\r\n\t\t\t\t\t<span>|<\/span> <span class=\"post-author\">\r\n\t\t\t\t\t\tBy  \r\n\t\t\t\t\t\t<a href=\"https:\/\/educap.io\/en\/author\/amal-baniwaialys-group-com\/\" rel=\"author\" class=\"fn\">\r\n\t\t\t\t\t\tJulie CENTI\t\t\t<\/a><\/span>\r\n\t\t\t\t<\/div>\r\n\t\t\t\t<h3 class=\"post-title\">\r\n\t<a href=\"https:\/\/educap.io\/en\/le-meilleur-logiciel-de-gestion-scolaire\/\">Educap : la solution intelligente pour moderniser la gestion de votre \u00e9tablissement scolaire<\/a>\r\n<\/h3>\r\n\t\t\t<div class=\"post-hover-content\">\r\n\t\t\t\t\r\n<div class=\"entry-content\">\r\n\t<p>Le meilleur logiciel la gestion d\u2019un \u00e9tablissement scolaire est aujourd\u2019hui bien plus complexe qu\u2019auparavant. Elle ne se limite plus aux inscriptions et \u00e0 l\u2019\u00e9dition des bulletins. Les directions doivent...<\/p>\r\n<\/div>\r\n\t\t\t<\/div>\r\n\t\t<\/div>\r\n\t\t\t<\/div>\r\n<\/article>\r\n<\/div><\/div><div class=\"ajax_load_more\"><a class=\"post-load-more\" data-layout=\"grid\" data-offset-posts=\"\" data-load-class=\"post69eec61bc40af\" data-display_post=\"9\" data-post_load_more=\"3\" data-loaded_posts=\"All done!\" data-tp_loading_text=\"Chargement...\" data-page=\"1\" data-total_page=\"88\" data-loadattr= 'RTN5S052QzkrbGprcmhSWGt2WGN3RjRhWjI2eGV6bjVMa2xqbzhma3dvRXlIcGR4ZS82ZldDdHdCalRJWlVYTHhsUFh2ZEoxU0VRc09iemZaRC9TcllHZ2o2Umw1d25zbk1rTXRDTURTekxUWXF5RE1XdnN1b2VVZVJBU0lpaXlHWWtiRzZVRDJLRnpQNEc3S2ZheEVoMm5MT2VNSk4xSnhzMmowSGZxMitwaFpKeGRsQnFZZm12TUI5amZiOTNrV00yYXVkZzRUT2Fxcy9uUzY3QlZBaGE1RTJZNEpjMWZPcTNEU3N3Tms0eFZsTTV4SXVmSU5QR3p5L0UwamFhT2JWMnc2TVVTSis3MXlCVnNhMEhEcy9WU0EvejFmK3BBM2pieXA4bjk4Y3UwWXZXWkJjVW9jYkRBaUxwSVNaTGlMQzlEMnRNcU1JeHZ0Z204TDJNcGhNVGYveFFtSHVZL3hWbWZQNmE4NXcrbjhUZktWT2RRZUY5MTdxUDgvRENxVlJBUEZYWHlpcDkzN2JkTFFHc3RHR0pnVmo0R2ovazJJQ3F1ZGZoNkdPSzhkM3N1Z0YzVzloUDBXKyt1c3VpZHlxWU9GVEVSQVhmS0VuTGlYM0x4TzRJWGp6bmZWbDhPY0Y5bE9NczJmcEx6MWRSdlNCZHZsVzdtU0M0cHdDRDlIK29xaHF0dmtKVXNVWGFQYmx0ZTUzTUFWRDVRZG1HcFVXSFAxaEI2ZmlzaHYzOWJHVVI4NVBqckxvYzRid05wUWF5VDl3dEdNT0prR2NZR2xoTElVeGZ4ZU9CeVhrSVRza1Q3WVAvMWc0aVZpNHJtZnd0QWljK3l3QWRzODhEOFIzVkJXc0FYS3hUUnZ6NU5Tcm5BT1E9PQ=='>Charger plus<\/a><\/div><\/div>\t\t\t\t<\/div>\n\t\t\t\t<\/div>\n\t\t\t\t\t<\/div>\n\t\t<\/div>\n\t\t\t\t\t<\/div>\n\t\t<\/section>\n\t\t\t\t<\/div>","protected":false},"excerpt":{"rendered":"<p>Pourquoi l\u2019inclusion scolaire est un enjeu majeur Tous les enfants ont le droit d\u2019apprendre dans de bonnes conditions. Mais pour les \u00e9l\u00e8ves atteints de troubles de l\u2019apprentissage comme la dyslexie, ou de troubles du spectre autistique (TSA), l\u2019\u00e9cole peut devenir un v\u00e9ritable d\u00e9fi. Ils doivent souvent s\u2019adapter \u00e0 une m\u00e9thode unique, sans tenir compte de [&hellip;]<\/p>","protected":false},"author":9,"featured_media":5484,"comment_status":"open","ping_status":"open","sticky":false,"template":"","format":"standard","meta":{"footnotes":""},"categories":[1],"tags":[20,34,23,21,18,13,45],"class_list":["post-5483","post","type-post","status-publish","format-standard","has-post-thumbnail","hentry","category-blog","tag-collaboration","tag-education","tag-eleve","tag-enseignant","tag-etablissement-scolaire","tag-gestion-scolaire","tag-optimisation"],"yoast_head":"<!-- This site is optimized with the Yoast SEO plugin v24.2 - https:\/\/yoast.com\/wordpress\/plugins\/seo\/ -->\n<title>L\u2019inclusion scolaire des \u00e9l\u00e8ves \u00e0 besoins sp\u00e9cifiques - Educap<\/title>\n<meta name=\"description\" content=\"Comment l&#039;inclusion scolaire des \u00e9l\u00e8ves \u00e0 besoins sp\u00e9cifiques peut int\u00e9grer les \u00e9l\u00e8ves dyslexiques, autistes dans l\u2019\u00e9cole ? D\u00e9couvrez comment le num\u00e9rique et Educap.io peuvent favoriser une p\u00e9dagogie inclusive et accessible \u00e0 tous.\" \/>\n<meta name=\"robots\" content=\"index, follow, max-snippet:-1, max-image-preview:large, max-video-preview:-1\" \/>\n<link rel=\"canonical\" href=\"https:\/\/educap.io\/en\/inclusion-scolaire-des-eleves-a-besoins-specifiques\/\" \/>\n<meta property=\"og:locale\" content=\"en_US\" \/>\n<meta property=\"og:type\" content=\"article\" \/>\n<meta property=\"og:title\" content=\"L\u2019inclusion scolaire des \u00e9l\u00e8ves \u00e0 besoins sp\u00e9cifiques - Educap\" \/>\n<meta property=\"og:description\" content=\"Comment l&#039;inclusion scolaire des \u00e9l\u00e8ves \u00e0 besoins sp\u00e9cifiques peut int\u00e9grer les \u00e9l\u00e8ves dyslexiques, autistes dans l\u2019\u00e9cole ? D\u00e9couvrez comment le num\u00e9rique et Educap.io peuvent favoriser une p\u00e9dagogie inclusive et accessible \u00e0 tous.\" \/>\n<meta property=\"og:url\" content=\"https:\/\/educap.io\/en\/inclusion-scolaire-des-eleves-a-besoins-specifiques\/\" \/>\n<meta property=\"og:site_name\" content=\"Educap\" \/>\n<meta property=\"article:publisher\" content=\"https:\/\/www.facebook.com\/educap.io\" \/>\n<meta property=\"article:published_time\" content=\"2025-06-19T13:51:23+00:00\" \/>\n<meta property=\"article:modified_time\" content=\"2025-08-06T09:58:53+00:00\" \/>\n<meta property=\"og:image\" content=\"https:\/\/educap.io\/wp-content\/uploads\/2025\/06\/73-ecole-inclusive-png-33867.png\" \/>\n\t<meta property=\"og:image:width\" content=\"1340\" \/>\n\t<meta property=\"og:image:height\" content=\"730\" \/>\n\t<meta property=\"og:image:type\" content=\"image\/png\" \/>\n<meta name=\"author\" content=\"Julie CENTI\" \/>\n<meta name=\"twitter:card\" content=\"summary_large_image\" \/>\n<meta name=\"twitter:label1\" content=\"Written by\" \/>\n\t<meta name=\"twitter:data1\" content=\"Julie CENTI\" \/>\n\t<meta name=\"twitter:label2\" content=\"Est. reading time\" \/>\n\t<meta name=\"twitter:data2\" content=\"7 minutes\" \/>\n<script type=\"application\/ld+json\" class=\"yoast-schema-graph\">{\"@context\":\"https:\/\/schema.org\",\"@graph\":[{\"@type\":\"WebPage\",\"@id\":\"https:\/\/educap.io\/fr_fr\/inclusion-scolaire-des-eleves-a-besoins-specifiques\/\",\"url\":\"https:\/\/educap.io\/fr_fr\/inclusion-scolaire-des-eleves-a-besoins-specifiques\/\",\"name\":\"L\u2019inclusion scolaire des \u00e9l\u00e8ves \u00e0 besoins sp\u00e9cifiques - Educap\",\"isPartOf\":{\"@id\":\"https:\/\/educap.io\/#website\"},\"primaryImageOfPage\":{\"@id\":\"https:\/\/educap.io\/fr_fr\/inclusion-scolaire-des-eleves-a-besoins-specifiques\/#primaryimage\"},\"image\":{\"@id\":\"https:\/\/educap.io\/fr_fr\/inclusion-scolaire-des-eleves-a-besoins-specifiques\/#primaryimage\"},\"thumbnailUrl\":\"https:\/\/educap.io\/wp-content\/uploads\/2025\/06\/73-ecole-inclusive-png-33867.png\",\"datePublished\":\"2025-06-19T13:51:23+00:00\",\"dateModified\":\"2025-08-06T09:58:53+00:00\",\"author\":{\"@id\":\"https:\/\/educap.io\/#\/schema\/person\/4dffe41e9714c247c451c98157113d60\"},\"description\":\"Comment l'inclusion scolaire des \u00e9l\u00e8ves \u00e0 besoins sp\u00e9cifiques peut int\u00e9grer les \u00e9l\u00e8ves dyslexiques, autistes dans l\u2019\u00e9cole ? D\u00e9couvrez comment le num\u00e9rique et Educap.io peuvent favoriser une p\u00e9dagogie inclusive et accessible \u00e0 tous.\",\"breadcrumb\":{\"@id\":\"https:\/\/educap.io\/fr_fr\/inclusion-scolaire-des-eleves-a-besoins-specifiques\/#breadcrumb\"},\"inLanguage\":\"en-US\",\"potentialAction\":[{\"@type\":\"ReadAction\",\"target\":[\"https:\/\/educap.io\/fr_fr\/inclusion-scolaire-des-eleves-a-besoins-specifiques\/\"]}]},{\"@type\":\"ImageObject\",\"inLanguage\":\"en-US\",\"@id\":\"https:\/\/educap.io\/fr_fr\/inclusion-scolaire-des-eleves-a-besoins-specifiques\/#primaryimage\",\"url\":\"https:\/\/educap.io\/wp-content\/uploads\/2025\/06\/73-ecole-inclusive-png-33867.png\",\"contentUrl\":\"https:\/\/educap.io\/wp-content\/uploads\/2025\/06\/73-ecole-inclusive-png-33867.png\",\"width\":1340,\"height\":730},{\"@type\":\"BreadcrumbList\",\"@id\":\"https:\/\/educap.io\/fr_fr\/inclusion-scolaire-des-eleves-a-besoins-specifiques\/#breadcrumb\",\"itemListElement\":[{\"@type\":\"ListItem\",\"position\":1,\"name\":\"Accueil\",\"item\":\"https:\/\/educap.io\/fr_fr\/\"},{\"@type\":\"ListItem\",\"position\":2,\"name\":\"L\u2019inclusion scolaire des \u00e9l\u00e8ves \u00e0 besoins sp\u00e9cifiques\"}]},{\"@type\":\"WebSite\",\"@id\":\"https:\/\/educap.io\/#website\",\"url\":\"https:\/\/educap.io\/\",\"name\":\"Educap\",\"description\":\"\",\"potentialAction\":[{\"@type\":\"SearchAction\",\"target\":{\"@type\":\"EntryPoint\",\"urlTemplate\":\"https:\/\/educap.io\/?s={search_term_string}\"},\"query-input\":{\"@type\":\"PropertyValueSpecification\",\"valueRequired\":true,\"valueName\":\"search_term_string\"}}],\"inLanguage\":\"en-US\"},{\"@type\":\"Person\",\"@id\":\"https:\/\/educap.io\/#\/schema\/person\/4dffe41e9714c247c451c98157113d60\",\"name\":\"Julie CENTI\",\"image\":{\"@type\":\"ImageObject\",\"inLanguage\":\"en-US\",\"@id\":\"https:\/\/educap.io\/#\/schema\/person\/image\/\",\"url\":\"https:\/\/secure.gravatar.com\/avatar\/f6ee0f918680eebf0bf9c06fdceae83423496df35825a3bb0ef85fc06548d5a1?s=96&d=mm&r=g\",\"contentUrl\":\"https:\/\/secure.gravatar.com\/avatar\/f6ee0f918680eebf0bf9c06fdceae83423496df35825a3bb0ef85fc06548d5a1?s=96&d=mm&r=g\",\"caption\":\"Julie CENTI\"},\"url\":\"https:\/\/educap.io\/en\/author\/emna-benfraj\/\"}]}<\/script>\n<!-- \/ Yoast SEO plugin. -->","yoast_head_json":{"title":"L\u2019inclusion scolaire des \u00e9l\u00e8ves \u00e0 besoins sp\u00e9cifiques - Educap","description":"Comment l'inclusion scolaire des \u00e9l\u00e8ves \u00e0 besoins sp\u00e9cifiques peut int\u00e9grer les \u00e9l\u00e8ves dyslexiques, autistes dans l\u2019\u00e9cole ? D\u00e9couvrez comment le num\u00e9rique et Educap.io peuvent favoriser une p\u00e9dagogie inclusive et accessible \u00e0 tous.","robots":{"index":"index","follow":"follow","max-snippet":"max-snippet:-1","max-image-preview":"max-image-preview:large","max-video-preview":"max-video-preview:-1"},"canonical":"https:\/\/educap.io\/en\/inclusion-scolaire-des-eleves-a-besoins-specifiques\/","og_locale":"en_US","og_type":"article","og_title":"L\u2019inclusion scolaire des \u00e9l\u00e8ves \u00e0 besoins sp\u00e9cifiques - Educap","og_description":"Comment l'inclusion scolaire des \u00e9l\u00e8ves \u00e0 besoins sp\u00e9cifiques peut int\u00e9grer les \u00e9l\u00e8ves dyslexiques, autistes dans l\u2019\u00e9cole ? D\u00e9couvrez comment le num\u00e9rique et Educap.io peuvent favoriser une p\u00e9dagogie inclusive et accessible \u00e0 tous.","og_url":"https:\/\/educap.io\/en\/inclusion-scolaire-des-eleves-a-besoins-specifiques\/","og_site_name":"Educap","article_publisher":"https:\/\/www.facebook.com\/educap.io","article_published_time":"2025-06-19T13:51:23+00:00","article_modified_time":"2025-08-06T09:58:53+00:00","og_image":[{"width":1340,"height":730,"url":"https:\/\/educap.io\/wp-content\/uploads\/2025\/06\/73-ecole-inclusive-png-33867.png","type":"image\/png"}],"author":"Julie CENTI","twitter_card":"summary_large_image","twitter_misc":{"Written by":"Julie CENTI","Est. reading time":"7 minutes"},"schema":{"@context":"https:\/\/schema.org","@graph":[{"@type":"WebPage","@id":"https:\/\/educap.io\/fr_fr\/inclusion-scolaire-des-eleves-a-besoins-specifiques\/","url":"https:\/\/educap.io\/fr_fr\/inclusion-scolaire-des-eleves-a-besoins-specifiques\/","name":"L\u2019inclusion scolaire des \u00e9l\u00e8ves \u00e0 besoins sp\u00e9cifiques - Educap","isPartOf":{"@id":"https:\/\/educap.io\/#website"},"primaryImageOfPage":{"@id":"https:\/\/educap.io\/fr_fr\/inclusion-scolaire-des-eleves-a-besoins-specifiques\/#primaryimage"},"image":{"@id":"https:\/\/educap.io\/fr_fr\/inclusion-scolaire-des-eleves-a-besoins-specifiques\/#primaryimage"},"thumbnailUrl":"https:\/\/educap.io\/wp-content\/uploads\/2025\/06\/73-ecole-inclusive-png-33867.png","datePublished":"2025-06-19T13:51:23+00:00","dateModified":"2025-08-06T09:58:53+00:00","author":{"@id":"https:\/\/educap.io\/#\/schema\/person\/4dffe41e9714c247c451c98157113d60"},"description":"Comment l'inclusion scolaire des \u00e9l\u00e8ves \u00e0 besoins sp\u00e9cifiques peut int\u00e9grer les \u00e9l\u00e8ves dyslexiques, autistes dans l\u2019\u00e9cole ? D\u00e9couvrez comment le num\u00e9rique et Educap.io peuvent favoriser une p\u00e9dagogie inclusive et accessible \u00e0 tous.","breadcrumb":{"@id":"https:\/\/educap.io\/fr_fr\/inclusion-scolaire-des-eleves-a-besoins-specifiques\/#breadcrumb"},"inLanguage":"en-US","potentialAction":[{"@type":"ReadAction","target":["https:\/\/educap.io\/fr_fr\/inclusion-scolaire-des-eleves-a-besoins-specifiques\/"]}]},{"@type":"ImageObject","inLanguage":"en-US","@id":"https:\/\/educap.io\/fr_fr\/inclusion-scolaire-des-eleves-a-besoins-specifiques\/#primaryimage","url":"https:\/\/educap.io\/wp-content\/uploads\/2025\/06\/73-ecole-inclusive-png-33867.png","contentUrl":"https:\/\/educap.io\/wp-content\/uploads\/2025\/06\/73-ecole-inclusive-png-33867.png","width":1340,"height":730},{"@type":"BreadcrumbList","@id":"https:\/\/educap.io\/fr_fr\/inclusion-scolaire-des-eleves-a-besoins-specifiques\/#breadcrumb","itemListElement":[{"@type":"ListItem","position":1,"name":"Accueil","item":"https:\/\/educap.io\/fr_fr\/"},{"@type":"ListItem","position":2,"name":"L\u2019inclusion scolaire des \u00e9l\u00e8ves \u00e0 besoins sp\u00e9cifiques"}]},{"@type":"WebSite","@id":"https:\/\/educap.io\/#website","url":"https:\/\/educap.io\/","name":"Educap","description":"","potentialAction":[{"@type":"SearchAction","target":{"@type":"EntryPoint","urlTemplate":"https:\/\/educap.io\/?s={search_term_string}"},"query-input":{"@type":"PropertyValueSpecification","valueRequired":true,"valueName":"search_term_string"}}],"inLanguage":"en-US"},{"@type":"Person","@id":"https:\/\/educap.io\/#\/schema\/person\/4dffe41e9714c247c451c98157113d60","name":"Julie CENTI","image":{"@type":"ImageObject","inLanguage":"en-US","@id":"https:\/\/educap.io\/#\/schema\/person\/image\/","url":"https:\/\/secure.gravatar.com\/avatar\/f6ee0f918680eebf0bf9c06fdceae83423496df35825a3bb0ef85fc06548d5a1?s=96&d=mm&r=g","contentUrl":"https:\/\/secure.gravatar.com\/avatar\/f6ee0f918680eebf0bf9c06fdceae83423496df35825a3bb0ef85fc06548d5a1?s=96&d=mm&r=g","caption":"Julie CENTI"},"url":"https:\/\/educap.io\/en\/author\/emna-benfraj\/"}]}},"_links":{"self":[{"href":"https:\/\/educap.io\/en\/wp-json\/wp\/v2\/posts\/5483","targetHints":{"allow":["GET"]}}],"collection":[{"href":"https:\/\/educap.io\/en\/wp-json\/wp\/v2\/posts"}],"about":[{"href":"https:\/\/educap.io\/en\/wp-json\/wp\/v2\/types\/post"}],"author":[{"embeddable":true,"href":"https:\/\/educap.io\/en\/wp-json\/wp\/v2\/users\/9"}],"replies":[{"embeddable":true,"href":"https:\/\/educap.io\/en\/wp-json\/wp\/v2\/comments?post=5483"}],"version-history":[{"count":4,"href":"https:\/\/educap.io\/en\/wp-json\/wp\/v2\/posts\/5483\/revisions"}],"predecessor-version":[{"id":5599,"href":"https:\/\/educap.io\/en\/wp-json\/wp\/v2\/posts\/5483\/revisions\/5599"}],"wp:featuredmedia":[{"embeddable":true,"href":"https:\/\/educap.io\/en\/wp-json\/wp\/v2\/media\/5484"}],"wp:attachment":[{"href":"https:\/\/educap.io\/en\/wp-json\/wp\/v2\/media?parent=5483"}],"wp:term":[{"taxonomy":"category","embeddable":true,"href":"https:\/\/educap.io\/en\/wp-json\/wp\/v2\/categories?post=5483"},{"taxonomy":"post_tag","embeddable":true,"href":"https:\/\/educap.io\/en\/wp-json\/wp\/v2\/tags?post=5483"}],"curies":[{"name":"wp","href":"https:\/\/api.w.org\/{rel}","templated":true}]}}