{"id":5142,"date":"2024-12-10T10:00:00","date_gmt":"2024-12-10T10:00:00","guid":{"rendered":"https:\/\/educap.io\/?p=5142"},"modified":"2024-12-02T10:03:57","modified_gmt":"2024-12-02T10:03:57","slug":"reduire-le-stress-des-eleves-avec-la-pleine-conscience","status":"publish","type":"post","link":"https:\/\/educap.io\/en\/reduire-le-stress-des-eleves-avec-la-pleine-conscience\/","title":{"rendered":"R\u00e9duire le stress des \u00e9l\u00e8ves avec la pleine conscience"},"content":{"rendered":"<figure class=\"wp-block-image size-full is-resized\"><img fetchpriority=\"high\" decoding=\"async\" width=\"1000\" height=\"667\" src=\"https:\/\/educap.io\/wp-content\/uploads\/2024\/12\/shutterstock_254415664-e1543949196370.jpg\" alt=\"\" class=\"wp-image-5143\" style=\"width:507px;height:auto\" srcset=\"https:\/\/educap.io\/wp-content\/uploads\/2024\/12\/shutterstock_254415664-e1543949196370.jpg 1000w, https:\/\/educap.io\/wp-content\/uploads\/2024\/12\/shutterstock_254415664-e1543949196370-300x200.jpg 300w, https:\/\/educap.io\/wp-content\/uploads\/2024\/12\/shutterstock_254415664-e1543949196370-768x512.jpg 768w\" sizes=\"(max-width: 1000px) 100vw, 1000px\" \/><\/figure>\n\n\n\n<p>Le stress scolaire est une r\u00e9alit\u00e9 \u00e0 laquelle de nombreux \u00e9l\u00e8ves font face. Pression des r\u00e9sultats, surcharge de travail, environnement comp\u00e9titif autant de facteurs qui peuvent nuire \u00e0 leur bien-\u00eatre et \u00e0 leur capacit\u00e9 d\u2019apprentissage. Heureusement, des outils simples comme la m\u00e9ditation et la pleine conscience peuvent transformer l\u2019exp\u00e9rience scolaire. En cultivant un esprit calme et centr\u00e9, les \u00e9l\u00e8ves d\u00e9veloppent des ressources pour mieux g\u00e9rer leurs \u00e9motions et leurs d\u00e9fis quotidiens.<\/p>\n\n\n\n<h3 class=\"wp-block-heading\">Comprendre l&rsquo;impact du stress sur les \u00e9l\u00e8ves<\/h3>\n\n\n\n<p>Le stress scolaire ne se limite pas \u00e0 un inconfort passager. Il peut entra\u00eener des sympt\u00f4mes physiques (maux de t\u00eate, fatigue), \u00e9motionnels (anxi\u00e9t\u00e9, irritabilit\u00e9) et cognitifs (difficult\u00e9 de concentration, oublis fr\u00e9quents). \u00c0 long terme, cela peut compromettre les performances acad\u00e9miques et le d\u00e9veloppement personnel.<\/p>\n\n\n\n<p>Les neurosciences montrent que des pratiques comme la m\u00e9ditation et la pleine conscience activent les zones du cerveau associ\u00e9es \u00e0 la r\u00e9gulation des \u00e9motions et \u00e0 la gestion du stress. En int\u00e9grant ces techniques au quotidien, les \u00e9l\u00e8ves peuvent retrouver un \u00e9quilibre et se concentrer pleinement sur leurs apprentissages.<\/p>\n\n\n\n<h3 class=\"wp-block-heading\">Qu\u2019est-ce que la pleine conscience ?<\/h3>\n\n\n\n<p>La pleine conscience, ou <em>mindfulness<\/em>, consiste \u00e0 porter intentionnellement son attention sur le moment pr\u00e9sent, sans jugement. Cette pratique encourage \u00e0 accueillir ses pens\u00e9es et ses \u00e9motions avec bienveillance, r\u00e9duisant ainsi les ruminations et l\u2019anxi\u00e9t\u00e9.<\/p>\n\n\n\n<h4 class=\"wp-block-heading\">Ses bienfaits pour les \u00e9l\u00e8ves :<\/h4>\n\n\n\n<ul class=\"wp-block-list\">\n<li><strong>R\u00e9duction de l\u2019anxi\u00e9t\u00e9<\/strong> : Les exercices de respiration et de recentrage diminuent les pens\u00e9es stressantes.<\/li>\n\n\n\n<li><strong>Am\u00e9lioration de la concentration<\/strong> : En \u00e9tant pleinement pr\u00e9sents, les \u00e9l\u00e8ves assimilent mieux les informations.<\/li>\n\n\n\n<li><strong>Renforcement de l\u2019estime de soi<\/strong> : La pratique r\u00e9guli\u00e8re aide \u00e0 d\u00e9velopper une attitude positive envers soi-m\u00eame.<\/li>\n<\/ul>\n\n\n\n<h3 class=\"wp-block-heading\">Techniques simples pour introduire la m\u00e9ditation \u00e0 l\u2019\u00e9cole<\/h3>\n\n\n\n<ol class=\"wp-block-list\">\n<li><strong>La respiration consciente<\/strong><br>Une technique accessible pour tous les \u00e2ges. Les \u00e9l\u00e8ves ferment les yeux, inspirent profond\u00e9ment par le nez, puis expirent lentement par la bouche. Cette pratique peut \u00eatre r\u00e9alis\u00e9e en d\u00e9but de journ\u00e9e ou avant un examen pour apaiser les tensions.<\/li>\n\n\n\n<li><strong>Le scan corporel<\/strong><br>Cette m\u00e9thode invite les \u00e9l\u00e8ves \u00e0 porter leur attention sur diff\u00e9rentes parties de leur corps, en commen\u00e7ant par les pieds jusqu\u2019\u00e0 la t\u00eate. Elle aide \u00e0 rel\u00e2cher les tensions physiques et mentales.<\/li>\n\n\n\n<li><strong>La m\u00e9ditation guid\u00e9e<\/strong><br>Des applications ou des enseignants form\u00e9s peuvent guider des s\u00e9ances courtes o\u00f9 les \u00e9l\u00e8ves visualisent un endroit calme et s\u00e9curisant. Ces exercices stimulent leur imagination tout en favorisant la d\u00e9tente.<\/li>\n\n\n\n<li><strong>Moments de gratitude<\/strong><br>En demandant aux \u00e9l\u00e8ves de r\u00e9fl\u00e9chir \u00e0 trois choses positives de leur journ\u00e9e, on oriente leur esprit vers des pens\u00e9es constructives et apaisantes.<\/li>\n<\/ol>\n\n\n\n<h3 class=\"wp-block-heading\">Int\u00e9grer la pleine conscience dans l\u2019environnement scolaire pour reduire le stress des \u00e9l\u00e8ves<\/h3>\n\n\n\n<p>La cl\u00e9 du succ\u00e8s est d\u2019int\u00e9grer ces pratiques de mani\u00e8re fluide dans la journ\u00e9e des \u00e9l\u00e8ves.<\/p>\n\n\n\n<h4 class=\"wp-block-heading\">Quelques suggestions pratiques :<\/h4>\n\n\n\n<ul class=\"wp-block-list\">\n<li><strong>D\u00e9buter la journ\u00e9e par une courte m\u00e9ditation<\/strong> : Cela peut devenir un rituel apaisant pour toute la classe.<\/li>\n\n\n\n<li><strong>Cr\u00e9er des espaces de calme<\/strong> : Une salle d\u00e9di\u00e9e o\u00f9 les \u00e9l\u00e8ves peuvent se recentrer pendant les pauses.<\/li>\n\n\n\n<li><strong>Former les enseignants<\/strong> : Des ateliers de pleine conscience leur permettent d\u2019accompagner efficacement leurs \u00e9l\u00e8ves.<\/li>\n<\/ul>\n\n\n\n<h3 class=\"wp-block-heading\">Les r\u00e9sultats parlent d\u2019eux-m\u00eames<\/h3>\n\n\n\n<p>Des \u00e9tudes montrent que les \u00e9coles qui adoptent des programmes de pleine conscience constatent une baisse des conflits en classe, une am\u00e9lioration des performances acad\u00e9miques et une ambiance g\u00e9n\u00e9rale plus positive. Ces pratiques ne sont pas uniquement b\u00e9n\u00e9fiques sur le plan individuel, mais elles renforcent \u00e9galement la coh\u00e9sion du groupe.<\/p>\n\n\n\n<h3 class=\"wp-block-heading\">Passez \u00e0 l\u2019action avec Educap.io<\/h3>\n\n\n\n<p>Chez <strong>Educap.io<\/strong>, nous croyons en une \u00e9ducation qui place le bien-\u00eatre des \u00e9l\u00e8ves au c\u0153ur de ses priorit\u00e9s. Nos solutions innovantes permettent aux \u00e9tablissements scolaires de cr\u00e9er un environnement favorable \u00e0 la r\u00e9ussite et \u00e0 l\u2019\u00e9panouissement.<\/p>\n\n\n\n<p>\ud83d\udc49 <a href=\"https:\/\/educap.io\/en\/\">D\u00e9couvrez nos outils pour r\u00e9volutionner l\u2019\u00e9ducation<\/a><\/p>","protected":false},"excerpt":{"rendered":"<p>Le stress scolaire est une r\u00e9alit\u00e9 \u00e0 laquelle de nombreux \u00e9l\u00e8ves font face. Pression des r\u00e9sultats, surcharge de travail, environnement comp\u00e9titif autant de facteurs qui peuvent nuire \u00e0 leur bien-\u00eatre et \u00e0 leur capacit\u00e9 d\u2019apprentissage. Heureusement, des outils simples comme la m\u00e9ditation et la pleine conscience peuvent transformer l\u2019exp\u00e9rience scolaire. En cultivant un esprit calme [&hellip;]<\/p>","protected":false},"author":9,"featured_media":5143,"comment_status":"open","ping_status":"open","sticky":false,"template":"","format":"standard","meta":{"footnotes":""},"categories":[1],"tags":[],"class_list":["post-5142","post","type-post","status-publish","format-standard","has-post-thumbnail","hentry","category-blog"],"yoast_head":"<!-- This site is optimized with the Yoast SEO plugin v24.2 - https:\/\/yoast.com\/wordpress\/plugins\/seo\/ -->\n<title>R\u00e9duire le stress des \u00e9l\u00e8ves avec la pleine conscience - Educap<\/title>\n<meta name=\"description\" content=\"Apprenez comment la m\u00e9ditation et la pleine conscience aident les \u00e9l\u00e8ves \u00e0 g\u00e9rer leur stress, am\u00e9liorer leur concentration et favoriser leur bien-\u00eatre scolaire.\" \/>\n<meta name=\"robots\" content=\"index, follow, max-snippet:-1, max-image-preview:large, max-video-preview:-1\" \/>\n<link rel=\"canonical\" href=\"https:\/\/educap.io\/en\/reduire-le-stress-des-eleves-avec-la-pleine-conscience\/\" \/>\n<meta property=\"og:locale\" content=\"en_US\" \/>\n<meta property=\"og:type\" content=\"article\" \/>\n<meta property=\"og:title\" content=\"R\u00e9duire le stress des \u00e9l\u00e8ves avec la pleine conscience - Educap\" \/>\n<meta property=\"og:description\" content=\"Apprenez comment la m\u00e9ditation et la pleine conscience aident les \u00e9l\u00e8ves \u00e0 g\u00e9rer leur stress, am\u00e9liorer leur concentration et favoriser leur bien-\u00eatre scolaire.\" \/>\n<meta property=\"og:url\" content=\"https:\/\/educap.io\/en\/reduire-le-stress-des-eleves-avec-la-pleine-conscience\/\" \/>\n<meta property=\"og:site_name\" content=\"Educap\" \/>\n<meta property=\"article:publisher\" content=\"https:\/\/www.facebook.com\/educap.io\" \/>\n<meta property=\"article:published_time\" content=\"2024-12-10T10:00:00+00:00\" \/>\n<meta property=\"article:modified_time\" content=\"2024-12-02T10:03:57+00:00\" \/>\n<meta property=\"og:image\" content=\"https:\/\/educap.io\/wp-content\/uploads\/2024\/12\/shutterstock_254415664-e1543949196370.jpg\" \/>\n\t<meta property=\"og:image:width\" content=\"1000\" \/>\n\t<meta property=\"og:image:height\" content=\"667\" \/>\n\t<meta property=\"og:image:type\" content=\"image\/jpeg\" \/>\n<meta name=\"author\" content=\"Julie CENTI\" \/>\n<meta name=\"twitter:card\" content=\"summary_large_image\" \/>\n<meta name=\"twitter:label1\" content=\"Written by\" \/>\n\t<meta name=\"twitter:data1\" content=\"Julie CENTI\" \/>\n\t<meta name=\"twitter:label2\" content=\"Est. reading time\" \/>\n\t<meta name=\"twitter:data2\" content=\"4 minutes\" \/>\n<script type=\"application\/ld+json\" class=\"yoast-schema-graph\">{\"@context\":\"https:\/\/schema.org\",\"@graph\":[{\"@type\":\"WebPage\",\"@id\":\"https:\/\/educap.io\/reduire-le-stress-des-eleves-avec-la-pleine-conscience\/\",\"url\":\"https:\/\/educap.io\/reduire-le-stress-des-eleves-avec-la-pleine-conscience\/\",\"name\":\"R\u00e9duire le stress des \u00e9l\u00e8ves avec la pleine conscience - Educap\",\"isPartOf\":{\"@id\":\"https:\/\/educap.io\/#website\"},\"primaryImageOfPage\":{\"@id\":\"https:\/\/educap.io\/reduire-le-stress-des-eleves-avec-la-pleine-conscience\/#primaryimage\"},\"image\":{\"@id\":\"https:\/\/educap.io\/reduire-le-stress-des-eleves-avec-la-pleine-conscience\/#primaryimage\"},\"thumbnailUrl\":\"https:\/\/educap.io\/wp-content\/uploads\/2024\/12\/shutterstock_254415664-e1543949196370.jpg\",\"datePublished\":\"2024-12-10T10:00:00+00:00\",\"dateModified\":\"2024-12-02T10:03:57+00:00\",\"author\":{\"@id\":\"https:\/\/educap.io\/#\/schema\/person\/4dffe41e9714c247c451c98157113d60\"},\"description\":\"Apprenez comment la m\u00e9ditation et la pleine conscience aident les \u00e9l\u00e8ves \u00e0 g\u00e9rer leur stress, am\u00e9liorer leur concentration et favoriser leur bien-\u00eatre scolaire.\",\"breadcrumb\":{\"@id\":\"https:\/\/educap.io\/reduire-le-stress-des-eleves-avec-la-pleine-conscience\/#breadcrumb\"},\"inLanguage\":\"en-US\",\"potentialAction\":[{\"@type\":\"ReadAction\",\"target\":[\"https:\/\/educap.io\/reduire-le-stress-des-eleves-avec-la-pleine-conscience\/\"]}]},{\"@type\":\"ImageObject\",\"inLanguage\":\"en-US\",\"@id\":\"https:\/\/educap.io\/reduire-le-stress-des-eleves-avec-la-pleine-conscience\/#primaryimage\",\"url\":\"https:\/\/educap.io\/wp-content\/uploads\/2024\/12\/shutterstock_254415664-e1543949196370.jpg\",\"contentUrl\":\"https:\/\/educap.io\/wp-content\/uploads\/2024\/12\/shutterstock_254415664-e1543949196370.jpg\",\"width\":1000,\"height\":667},{\"@type\":\"BreadcrumbList\",\"@id\":\"https:\/\/educap.io\/reduire-le-stress-des-eleves-avec-la-pleine-conscience\/#breadcrumb\",\"itemListElement\":[{\"@type\":\"ListItem\",\"position\":1,\"name\":\"Accueil\",\"item\":\"https:\/\/educap.io\/fr_fr\/\"},{\"@type\":\"ListItem\",\"position\":2,\"name\":\"R\u00e9duire le stress des \u00e9l\u00e8ves avec la pleine conscience\"}]},{\"@type\":\"WebSite\",\"@id\":\"https:\/\/educap.io\/#website\",\"url\":\"https:\/\/educap.io\/\",\"name\":\"Educap\",\"description\":\"\",\"potentialAction\":[{\"@type\":\"SearchAction\",\"target\":{\"@type\":\"EntryPoint\",\"urlTemplate\":\"https:\/\/educap.io\/?s={search_term_string}\"},\"query-input\":{\"@type\":\"PropertyValueSpecification\",\"valueRequired\":true,\"valueName\":\"search_term_string\"}}],\"inLanguage\":\"en-US\"},{\"@type\":\"Person\",\"@id\":\"https:\/\/educap.io\/#\/schema\/person\/4dffe41e9714c247c451c98157113d60\",\"name\":\"Julie CENTI\",\"image\":{\"@type\":\"ImageObject\",\"inLanguage\":\"en-US\",\"@id\":\"https:\/\/educap.io\/#\/schema\/person\/image\/\",\"url\":\"https:\/\/secure.gravatar.com\/avatar\/f6ee0f918680eebf0bf9c06fdceae83423496df35825a3bb0ef85fc06548d5a1?s=96&d=mm&r=g\",\"contentUrl\":\"https:\/\/secure.gravatar.com\/avatar\/f6ee0f918680eebf0bf9c06fdceae83423496df35825a3bb0ef85fc06548d5a1?s=96&d=mm&r=g\",\"caption\":\"Julie CENTI\"},\"url\":\"https:\/\/educap.io\/en\/author\/emna-benfraj\/\"}]}<\/script>\n<!-- \/ Yoast SEO plugin. -->","yoast_head_json":{"title":"R\u00e9duire le stress des \u00e9l\u00e8ves avec la pleine conscience - Educap","description":"Apprenez comment la m\u00e9ditation et la pleine conscience aident les \u00e9l\u00e8ves \u00e0 g\u00e9rer leur stress, am\u00e9liorer leur concentration et favoriser leur bien-\u00eatre scolaire.","robots":{"index":"index","follow":"follow","max-snippet":"max-snippet:-1","max-image-preview":"max-image-preview:large","max-video-preview":"max-video-preview:-1"},"canonical":"https:\/\/educap.io\/en\/reduire-le-stress-des-eleves-avec-la-pleine-conscience\/","og_locale":"en_US","og_type":"article","og_title":"R\u00e9duire le stress des \u00e9l\u00e8ves avec la pleine conscience - Educap","og_description":"Apprenez comment la m\u00e9ditation et la pleine conscience aident les \u00e9l\u00e8ves \u00e0 g\u00e9rer leur stress, am\u00e9liorer leur concentration et favoriser leur bien-\u00eatre scolaire.","og_url":"https:\/\/educap.io\/en\/reduire-le-stress-des-eleves-avec-la-pleine-conscience\/","og_site_name":"Educap","article_publisher":"https:\/\/www.facebook.com\/educap.io","article_published_time":"2024-12-10T10:00:00+00:00","article_modified_time":"2024-12-02T10:03:57+00:00","og_image":[{"width":1000,"height":667,"url":"https:\/\/educap.io\/wp-content\/uploads\/2024\/12\/shutterstock_254415664-e1543949196370.jpg","type":"image\/jpeg"}],"author":"Julie CENTI","twitter_card":"summary_large_image","twitter_misc":{"Written by":"Julie CENTI","Est. reading time":"4 minutes"},"schema":{"@context":"https:\/\/schema.org","@graph":[{"@type":"WebPage","@id":"https:\/\/educap.io\/reduire-le-stress-des-eleves-avec-la-pleine-conscience\/","url":"https:\/\/educap.io\/reduire-le-stress-des-eleves-avec-la-pleine-conscience\/","name":"R\u00e9duire le stress des \u00e9l\u00e8ves avec la pleine conscience - Educap","isPartOf":{"@id":"https:\/\/educap.io\/#website"},"primaryImageOfPage":{"@id":"https:\/\/educap.io\/reduire-le-stress-des-eleves-avec-la-pleine-conscience\/#primaryimage"},"image":{"@id":"https:\/\/educap.io\/reduire-le-stress-des-eleves-avec-la-pleine-conscience\/#primaryimage"},"thumbnailUrl":"https:\/\/educap.io\/wp-content\/uploads\/2024\/12\/shutterstock_254415664-e1543949196370.jpg","datePublished":"2024-12-10T10:00:00+00:00","dateModified":"2024-12-02T10:03:57+00:00","author":{"@id":"https:\/\/educap.io\/#\/schema\/person\/4dffe41e9714c247c451c98157113d60"},"description":"Apprenez comment la m\u00e9ditation et la pleine conscience aident les \u00e9l\u00e8ves \u00e0 g\u00e9rer leur stress, am\u00e9liorer leur concentration et favoriser leur bien-\u00eatre scolaire.","breadcrumb":{"@id":"https:\/\/educap.io\/reduire-le-stress-des-eleves-avec-la-pleine-conscience\/#breadcrumb"},"inLanguage":"en-US","potentialAction":[{"@type":"ReadAction","target":["https:\/\/educap.io\/reduire-le-stress-des-eleves-avec-la-pleine-conscience\/"]}]},{"@type":"ImageObject","inLanguage":"en-US","@id":"https:\/\/educap.io\/reduire-le-stress-des-eleves-avec-la-pleine-conscience\/#primaryimage","url":"https:\/\/educap.io\/wp-content\/uploads\/2024\/12\/shutterstock_254415664-e1543949196370.jpg","contentUrl":"https:\/\/educap.io\/wp-content\/uploads\/2024\/12\/shutterstock_254415664-e1543949196370.jpg","width":1000,"height":667},{"@type":"BreadcrumbList","@id":"https:\/\/educap.io\/reduire-le-stress-des-eleves-avec-la-pleine-conscience\/#breadcrumb","itemListElement":[{"@type":"ListItem","position":1,"name":"Accueil","item":"https:\/\/educap.io\/fr_fr\/"},{"@type":"ListItem","position":2,"name":"R\u00e9duire le stress des \u00e9l\u00e8ves avec la pleine conscience"}]},{"@type":"WebSite","@id":"https:\/\/educap.io\/#website","url":"https:\/\/educap.io\/","name":"Educap","description":"","potentialAction":[{"@type":"SearchAction","target":{"@type":"EntryPoint","urlTemplate":"https:\/\/educap.io\/?s={search_term_string}"},"query-input":{"@type":"PropertyValueSpecification","valueRequired":true,"valueName":"search_term_string"}}],"inLanguage":"en-US"},{"@type":"Person","@id":"https:\/\/educap.io\/#\/schema\/person\/4dffe41e9714c247c451c98157113d60","name":"Julie CENTI","image":{"@type":"ImageObject","inLanguage":"en-US","@id":"https:\/\/educap.io\/#\/schema\/person\/image\/","url":"https:\/\/secure.gravatar.com\/avatar\/f6ee0f918680eebf0bf9c06fdceae83423496df35825a3bb0ef85fc06548d5a1?s=96&d=mm&r=g","contentUrl":"https:\/\/secure.gravatar.com\/avatar\/f6ee0f918680eebf0bf9c06fdceae83423496df35825a3bb0ef85fc06548d5a1?s=96&d=mm&r=g","caption":"Julie CENTI"},"url":"https:\/\/educap.io\/en\/author\/emna-benfraj\/"}]}},"_links":{"self":[{"href":"https:\/\/educap.io\/en\/wp-json\/wp\/v2\/posts\/5142","targetHints":{"allow":["GET"]}}],"collection":[{"href":"https:\/\/educap.io\/en\/wp-json\/wp\/v2\/posts"}],"about":[{"href":"https:\/\/educap.io\/en\/wp-json\/wp\/v2\/types\/post"}],"author":[{"embeddable":true,"href":"https:\/\/educap.io\/en\/wp-json\/wp\/v2\/users\/9"}],"replies":[{"embeddable":true,"href":"https:\/\/educap.io\/en\/wp-json\/wp\/v2\/comments?post=5142"}],"version-history":[{"count":1,"href":"https:\/\/educap.io\/en\/wp-json\/wp\/v2\/posts\/5142\/revisions"}],"predecessor-version":[{"id":5144,"href":"https:\/\/educap.io\/en\/wp-json\/wp\/v2\/posts\/5142\/revisions\/5144"}],"wp:featuredmedia":[{"embeddable":true,"href":"https:\/\/educap.io\/en\/wp-json\/wp\/v2\/media\/5143"}],"wp:attachment":[{"href":"https:\/\/educap.io\/en\/wp-json\/wp\/v2\/media?parent=5142"}],"wp:term":[{"taxonomy":"category","embeddable":true,"href":"https:\/\/educap.io\/en\/wp-json\/wp\/v2\/categories?post=5142"},{"taxonomy":"post_tag","embeddable":true,"href":"https:\/\/educap.io\/en\/wp-json\/wp\/v2\/tags?post=5142"}],"curies":[{"name":"wp","href":"https:\/\/api.w.org\/{rel}","templated":true}]}}