{"id":3630,"date":"2024-03-14T16:20:56","date_gmt":"2024-03-14T16:20:56","guid":{"rendered":"https:\/\/educap.io\/?p=3630"},"modified":"2024-05-31T11:14:09","modified_gmt":"2024-05-31T11:14:09","slug":"lequite-en-education-un-defi-majeur-et-une-necessite-imperieuse","status":"publish","type":"post","link":"https:\/\/educap.io\/en\/lequite-en-education-un-defi-majeur-et-une-necessite-imperieuse\/","title":{"rendered":"L&rsquo;\u00e9quit\u00e9 en \u00e9ducation : un d\u00e9fi majeur et une n\u00e9cessit\u00e9 imp\u00e9rieuse"},"content":{"rendered":"<h2 class=\"wp-block-heading\">L&rsquo;\u00e9ducation, un droit pour tous : relever les d\u00e9fis de l&rsquo;\u00e9quit\u00e9 et de l&rsquo;inclusion<\/h2>\n\n\n\n<p>L&rsquo;\u00e9ducation est souvent pr\u00e9sent\u00e9e comme l&rsquo;outil indispensable pour briser le cycle de la pauvret\u00e9 et cr\u00e9er un monde plus juste et \u00e9quitable. Pourtant, force est de constater que l&rsquo;acc\u00e8s \u00e0 une \u00e9ducation de qualit\u00e9 n&rsquo;est pas \u00e9quitablement r\u00e9parti, ce qui entra\u00eene des in\u00e9galit\u00e9s sociales et \u00e9conomiques persistantes. Cet article a pour objectif d&rsquo;explorer les d\u00e9fis de l&rsquo;\u00e9quit\u00e9 en \u00e9ducation et de proposer des solutions possibles pour promouvoir un syst\u00e8me \u00e9ducatif plus juste et inclusif.<\/p>\n\n\n\n<figure class=\"wp-block-image size-large\"><img fetchpriority=\"high\" decoding=\"async\" width=\"1024\" height=\"682\" src=\"https:\/\/educap.io\/wp-content\/uploads\/2024\/04\/Syntrio-Equality-vs-Equity-Blog-Icon-1024x682.webp\" alt=\" \" class=\"wp-image-3632\" srcset=\"https:\/\/educap.io\/wp-content\/uploads\/2024\/04\/Syntrio-Equality-vs-Equity-Blog-Icon-1024x682.webp 1024w, https:\/\/educap.io\/wp-content\/uploads\/2024\/04\/Syntrio-Equality-vs-Equity-Blog-Icon-300x200.webp 300w, https:\/\/educap.io\/wp-content\/uploads\/2024\/04\/Syntrio-Equality-vs-Equity-Blog-Icon-768x512.webp 768w, https:\/\/educap.io\/wp-content\/uploads\/2024\/04\/Syntrio-Equality-vs-Equity-Blog-Icon.webp 1180w\" sizes=\"(max-width: 1024px) 100vw, 1024px\" \/><\/figure>\n\n\n\n<h3 class=\"wp-block-heading\"><strong>1. Les d\u00e9fis de l&rsquo;\u00e9quit\u00e9 en \u00e9ducation : un constat amer<\/strong><\/h3>\n\n\n\n<p>Les obstacles \u00e0 une \u00e9ducation \u00e9quitable sont nombreux et complexes. Ils prennent racine dans des r\u00e9alit\u00e9s sociales, \u00e9conomiques et politiques profond\u00e9ment ancr\u00e9es, et se manifestent de multiples fa\u00e7ons :<\/p>\n\n\n\n<p><strong>1.1. Des in\u00e9galit\u00e9s socio-\u00e9conomiques criantes<\/strong><\/p>\n\n\n\n<ul class=\"wp-block-list\">\n<li><strong>Pauvret\u00e9 :<\/strong>\u00a0Les \u00e9l\u00e8ves issus de milieux d\u00e9favoris\u00e9s sont souvent confront\u00e9s \u00e0 des difficult\u00e9s mat\u00e9rielles qui entravent leur apprentissage. Certains manquent de fournitures, d&rsquo;autres luttent avec la concentration due \u00e0 la faim ou au sommeil. De plus, l&rsquo;acc\u00e8s limit\u00e9 aux technologies \u00e9ducatives peut \u00eatre un d\u00e9fi pour certains \u00e9tudiants.<\/li>\n\n\n\n<li><strong>Discrimination:<\/strong>\u00a0 La discrimination peut limiter l&rsquo;acc\u00e8s \u00e0 l&rsquo;\u00e9ducation et affecter l&rsquo;estime de soi des \u00e9l\u00e8ves.<\/li>\n<\/ul>\n\n\n\n<p><strong>1.2. Un syst\u00e8me \u00e9ducatif d\u00e9faillant<\/strong><\/p>\n\n\n\n<ul class=\"wp-block-list\">\n<li><strong>Infrastructures in\u00e9gales :<\/strong>\u00a0La qualit\u00e9 des \u00e9coles varie consid\u00e9rablement d&rsquo;une r\u00e9gion \u00e0 l&rsquo;autre et d&rsquo;une ville \u00e0 l&rsquo;autre. <\/li>\n\n\n\n<li>Les \u00e9l\u00e8ves des zones rurales ou d\u00e9favoris\u00e9es fr\u00e9quentent souvent des \u00e9coles sous-financ\u00e9es, aux ressources et infrastructures limit\u00e9es.<\/li>\n\n\n\n<li><strong>Manque d&rsquo;enseignants qualifi\u00e9s :<\/strong>\u00a0<br>La p\u00e9nurie d&rsquo;enseignants, surtout dans les zones d\u00e9favoris\u00e9es, nuit \u00e0 la qualit\u00e9 de l&rsquo;enseignement. Les effectifs charg\u00e9s limitent la personnalisation de l&rsquo;apprentissage.<\/li>\n\n\n\n<li><strong>P\u00e9dagogies inadapt\u00e9es :<\/strong>\u00a0Les m\u00e9thodes d&rsquo;enseignement classiques ne conviennent pas \u00e0 tous les \u00e9l\u00e8ves, surtout ceux d\u00e9favoris\u00e9s. Elles privil\u00e9gient souvent l&rsquo;apprentissage passif et la m\u00e9morisation.<\/li>\n<\/ul>\n\n\n\n<p><strong>1.3. Des cons\u00e9quences dramatiques<\/strong><\/p>\n\n\n\n<p>Ces in\u00e9galit\u00e9s dans l&rsquo;acc\u00e8s \u00e0 une \u00e9ducation de qualit\u00e9 ont des cons\u00e9quences dramatiques pour la soci\u00e9t\u00e9.:<br>Les \u00e9l\u00e8ves d\u00e9favoris\u00e9s ont plus de chances d&rsquo;abandonner, r\u00e9duisant leurs opportunit\u00e9s professionnelles et sociales. <\/p>\n\n\n\n<ul class=\"wp-block-list\">\n<li>Le manque de qualifications cr\u00e9e des difficult\u00e9s d&#8217;emploi et augmente le risque de pauvret\u00e9.<\/li>\n\n\n\n<li>Les in\u00e9galit\u00e9s \u00e9ducatives alimentent les in\u00e9galit\u00e9s sociales, perp\u00e9tuant un cercle vicieux de pauvret\u00e9 et d&rsquo;exclusion.<\/li>\n<\/ul>\n\n\n\n<h3 class=\"wp-block-heading\"><strong>2. Vers un syst\u00e8me \u00e9ducatif plus juste et inclusif : des solutions pour un avenir meilleur<\/strong><\/h3>\n\n\n\n<h4 class=\"wp-block-heading\"><br><strong>En raison de ces d\u00e9fis, il est imp\u00e9ratif de mettre en \u0153uvre des solutions concr\u00e8tes et multidimensionnelles pour promouvoir l&rsquo;\u00e9quit\u00e9 \u00e9ducative. <\/strong><\/h4>\n\n\n\n<p><strong>2.1. Investir dans l&rsquo;\u00e9ducation : une condition sine qua non<\/strong><\/p>\n\n\n\n<ul class=\"wp-block-list\">\n<li>Augmenter les investissements en \u00e9ducation, sp\u00e9cifiquement dans les \u00e9coles d\u00e9favoris\u00e9es, garantissant des ressources ad\u00e9quates. <br>Des classes moins nombreuses favorisent une meilleure attention des enseignants et une personnalisation de l&rsquo;apprentissage.<\/li>\n\n\n\n<li>Mettre en place des programmes de formation de qualit\u00e9 pour les enseignants, ax\u00e9s sur l&rsquo;inclusivit\u00e9 et la diversit\u00e9.<\/li>\n<\/ul>\n\n\n\n<p><strong>2.2. Promouvoir une \u00e9ducation inclusive : la diversit\u00e9 au service de la r\u00e9ussite (suite)<\/strong><\/p>\n\n\n\n<ul class=\"wp-block-list\">\n<li><strong>Former les enseignants \u00e0 la p\u00e9dagogie inclusive :<\/strong>\u00a0Former les enseignants \u00e0 cr\u00e9er des environnements d&rsquo;apprentissage inclusifs, r\u00e9pondant aux besoins divers des \u00e9l\u00e8ves. Cela comprend l&rsquo;\u00e9laboration d&rsquo;approches p\u00e9dagogiques diff\u00e9renci\u00e9es, la promotion de la collaboration entre \u00e9l\u00e8ves et l&rsquo;adaptation des \u00e9valuations.<\/li>\n\n\n\n<li><strong>Favoriser la mixit\u00e9 sociale :<\/strong>\u00a0La mixit\u00e9 sociale enrichit les environnements d&rsquo;apprentissage, rompt avec la s\u00e9gr\u00e9gation, stimulant tous les \u00e9l\u00e8ves..<\/li>\n<\/ul>\n\n\n\n<p><strong>2.3. Lutter contre les discriminations : b\u00e2tir un climat scolaire respectueux<\/strong><\/p>\n\n\n\n<ul class=\"wp-block-list\">\n<li><br>\u00c9laborer des politiques antidiscriminatoires strictes, incluant des codes de conduite et des protocoles de signalement. <br>Organiser des formations pour sensibiliser \u00e9l\u00e8ves, enseignants, personnel et parents \u00e0 la discrimination et aux pr\u00e9jug\u00e9s.<\/li>\n\n\n\n<li>Favoriser la tol\u00e9rance, le respect des diff\u00e9rences et la valorisation de la diversit\u00e9 \u00e0<a href=\"https:\/\/educap.io\/en\/comment-etablir-un-climat-scolaire-positif-dans-votre-etablissement\/\"> l&rsquo;\u00e9cole<\/a>. <\/li>\n<\/ul>\n\n\n\n<p><strong>2.4. Renforcer la participation des parents et de la communaut\u00e9 : un partenariat pour la r\u00e9ussite<\/strong><\/p>\n\n\n\n<ul class=\"wp-block-list\">\n<li><strong>Impliquer les parents dans la vie scolaire :<\/strong>&nbsp;Mettre en place des programmes de soutien et de formation pour les parents afin qu&rsquo;ils puissent accompagner leurs enfants dans leur scolarit\u00e9.<\/li>\n\n\n\n<li><strong>D\u00e9velopper des partenariats avec les acteurs locaux :<\/strong>&nbsp;Collaborer avec les biblioth\u00e8ques, les associations culturelles et sportives, les entreprises locales pour offrir aux \u00e9l\u00e8ves des activit\u00e9s et des ressources enrichissantes en dehors de l&rsquo;\u00e9cole.<\/li>\n\n\n\n<li><strong>Valoriser les initiatives citoyennes :<\/strong>&nbsp;Encourager les initiatives citoyennes et les projets associatifs qui contribuent \u00e0 la lutte contre les in\u00e9galit\u00e9s \u00e9ducatives.<\/li>\n<\/ul>\n\n\n\n<h2 class=\"wp-block-heading\"><strong>Conclusion : l&rsquo;\u00e9quit\u00e9 en \u00e9ducation, un combat permanent pour un avenir meilleur<\/strong><\/h2>\n\n\n\n<p>L&rsquo;\u00e9quit\u00e9 en \u00e9ducation est un combat permanent qui n\u00e9cessite un engagement \u00e0 long terme de la part des gouvernements, des institutions scolaires, des enseignants, des parents et de la soci\u00e9t\u00e9 dans son ensemble. En investissant dans l&rsquo;\u00e9ducation, en promouvant l&rsquo;inclusion, en luttant contre les discriminations et en renfor\u00e7ant la participation de tous les acteurs, nous pouvons construire un syst\u00e8me \u00e9ducatif plus juste et plus \u00e9quitable qui offre \u00e0 chaque enfant la chance de s&rsquo;\u00e9panouir et de r\u00e9aliser son plein potentiel. Un tel syst\u00e8me \u00e9ducatif est essentiel pour b\u00e2tir une soci\u00e9t\u00e9 plus inclusive, plus prosp\u00e8re et plus juste pour tous.<\/p>","protected":false},"excerpt":{"rendered":"<p>L&rsquo;\u00e9quit\u00e9 en \u00e9ducation : un d\u00e9fi majeur et une n\u00e9cessit\u00e9 imp\u00e9rieuse<\/p>","protected":false},"author":9,"featured_media":3649,"comment_status":"open","ping_status":"open","sticky":false,"template":"","format":"standard","meta":{"footnotes":""},"categories":[1],"tags":[14,23,18,193],"class_list":["post-3630","post","type-post","status-publish","format-standard","has-post-thumbnail","hentry","category-blog","tag-apprentissage","tag-eleve","tag-etablissement-scolaire","tag-lequite-en-education"],"yoast_head":"<!-- This site is optimized with the Yoast SEO plugin v24.2 - https:\/\/yoast.com\/wordpress\/plugins\/seo\/ -->\n<title>L&#039;\u00e9quit\u00e9 en \u00e9ducation : un d\u00e9fi majeur et une n\u00e9cessit\u00e9 imp\u00e9rieuse - Educap<\/title>\n<meta name=\"description\" content=\"Lutter contre les in\u00e9galit\u00e9s et promouvoir un syst\u00e8me \u00e9ducatif juste et inclusif : un d\u00e9fi majeur et une n\u00e9cessit\u00e9 imp\u00e9rieuse.Cet article explore les d\u00e9fis complexes de l&#039;\u00e9quit\u00e9 en \u00e9ducation et propose des solutions concr\u00e8tes pour promouvoir un syst\u00e8me \u00e9ducatif plus juste et inclusif. Il met en lumi\u00e8re l&#039;importance de l&#039;investissement dans l&#039;\u00e9ducation, de la promotion de l&#039;\u00e9ducation inclusive, de la lutte contre les discriminations et du renforcement de la participation des parents et de la communaut\u00e9.\" \/>\n<meta name=\"robots\" content=\"index, follow, max-snippet:-1, max-image-preview:large, max-video-preview:-1\" \/>\n<link rel=\"canonical\" href=\"https:\/\/educap.io\/en\/lequite-en-education-un-defi-majeur-et-une-necessite-imperieuse\/\" \/>\n<meta property=\"og:locale\" content=\"en_US\" \/>\n<meta property=\"og:type\" content=\"article\" \/>\n<meta property=\"og:title\" content=\"L&#039;\u00e9quit\u00e9 en \u00e9ducation : un d\u00e9fi majeur et une n\u00e9cessit\u00e9 imp\u00e9rieuse - Educap\" \/>\n<meta property=\"og:description\" content=\"Lutter contre les in\u00e9galit\u00e9s et promouvoir un syst\u00e8me \u00e9ducatif juste et inclusif : un d\u00e9fi majeur et une n\u00e9cessit\u00e9 imp\u00e9rieuse.Cet article explore les d\u00e9fis complexes de l&#039;\u00e9quit\u00e9 en \u00e9ducation et propose des solutions concr\u00e8tes pour promouvoir un syst\u00e8me \u00e9ducatif plus juste et inclusif. Il met en lumi\u00e8re l&#039;importance de l&#039;investissement dans l&#039;\u00e9ducation, de la promotion de l&#039;\u00e9ducation inclusive, de la lutte contre les discriminations et du renforcement de la participation des parents et de la communaut\u00e9.\" \/>\n<meta property=\"og:url\" content=\"https:\/\/educap.io\/en\/lequite-en-education-un-defi-majeur-et-une-necessite-imperieuse\/\" \/>\n<meta property=\"og:site_name\" content=\"Educap\" \/>\n<meta property=\"article:publisher\" content=\"https:\/\/www.facebook.com\/educap.io\" \/>\n<meta property=\"article:published_time\" content=\"2024-03-14T16:20:56+00:00\" \/>\n<meta property=\"article:modified_time\" content=\"2024-05-31T11:14:09+00:00\" \/>\n<meta property=\"og:image\" content=\"https:\/\/educap.io\/wp-content\/uploads\/2024\/04\/Syntrio-Equality-vs-Equity-Blog-Icon-1.webp\" \/>\n\t<meta property=\"og:image:width\" content=\"1180\" \/>\n\t<meta property=\"og:image:height\" content=\"786\" \/>\n\t<meta property=\"og:image:type\" content=\"image\/webp\" \/>\n<meta name=\"author\" content=\"Julie CENTI\" \/>\n<meta name=\"twitter:card\" content=\"summary_large_image\" \/>\n<meta name=\"twitter:label1\" content=\"Written by\" \/>\n\t<meta name=\"twitter:data1\" content=\"Julie CENTI\" \/>\n\t<meta name=\"twitter:label2\" content=\"Est. reading time\" \/>\n\t<meta name=\"twitter:data2\" content=\"5 minutes\" \/>\n<script type=\"application\/ld+json\" class=\"yoast-schema-graph\">{\"@context\":\"https:\/\/schema.org\",\"@graph\":[{\"@type\":\"WebPage\",\"@id\":\"https:\/\/educap.io\/lequite-en-education-un-defi-majeur-et-une-necessite-imperieuse\/\",\"url\":\"https:\/\/educap.io\/lequite-en-education-un-defi-majeur-et-une-necessite-imperieuse\/\",\"name\":\"L'\u00e9quit\u00e9 en \u00e9ducation : un d\u00e9fi majeur et une n\u00e9cessit\u00e9 imp\u00e9rieuse - Educap\",\"isPartOf\":{\"@id\":\"https:\/\/educap.io\/#website\"},\"primaryImageOfPage\":{\"@id\":\"https:\/\/educap.io\/lequite-en-education-un-defi-majeur-et-une-necessite-imperieuse\/#primaryimage\"},\"image\":{\"@id\":\"https:\/\/educap.io\/lequite-en-education-un-defi-majeur-et-une-necessite-imperieuse\/#primaryimage\"},\"thumbnailUrl\":\"https:\/\/educap.io\/wp-content\/uploads\/2024\/04\/Syntrio-Equality-vs-Equity-Blog-Icon-1.webp\",\"datePublished\":\"2024-03-14T16:20:56+00:00\",\"dateModified\":\"2024-05-31T11:14:09+00:00\",\"author\":{\"@id\":\"https:\/\/educap.io\/#\/schema\/person\/4dffe41e9714c247c451c98157113d60\"},\"description\":\"Lutter contre les in\u00e9galit\u00e9s et promouvoir un syst\u00e8me \u00e9ducatif juste et inclusif : un d\u00e9fi majeur et une n\u00e9cessit\u00e9 imp\u00e9rieuse.Cet article explore les d\u00e9fis complexes de l'\u00e9quit\u00e9 en \u00e9ducation et propose des solutions concr\u00e8tes pour promouvoir un syst\u00e8me \u00e9ducatif plus juste et inclusif. Il met en lumi\u00e8re l'importance de l'investissement dans l'\u00e9ducation, de la promotion de l'\u00e9ducation inclusive, de la lutte contre les discriminations et du renforcement de la participation des parents et de la communaut\u00e9.\",\"breadcrumb\":{\"@id\":\"https:\/\/educap.io\/lequite-en-education-un-defi-majeur-et-une-necessite-imperieuse\/#breadcrumb\"},\"inLanguage\":\"en-US\",\"potentialAction\":[{\"@type\":\"ReadAction\",\"target\":[\"https:\/\/educap.io\/lequite-en-education-un-defi-majeur-et-une-necessite-imperieuse\/\"]}]},{\"@type\":\"ImageObject\",\"inLanguage\":\"en-US\",\"@id\":\"https:\/\/educap.io\/lequite-en-education-un-defi-majeur-et-une-necessite-imperieuse\/#primaryimage\",\"url\":\"https:\/\/educap.io\/wp-content\/uploads\/2024\/04\/Syntrio-Equality-vs-Equity-Blog-Icon-1.webp\",\"contentUrl\":\"https:\/\/educap.io\/wp-content\/uploads\/2024\/04\/Syntrio-Equality-vs-Equity-Blog-Icon-1.webp\",\"width\":1180,\"height\":786},{\"@type\":\"BreadcrumbList\",\"@id\":\"https:\/\/educap.io\/lequite-en-education-un-defi-majeur-et-une-necessite-imperieuse\/#breadcrumb\",\"itemListElement\":[{\"@type\":\"ListItem\",\"position\":1,\"name\":\"Accueil\",\"item\":\"https:\/\/educap.io\/fr_fr\/\"},{\"@type\":\"ListItem\",\"position\":2,\"name\":\"L&rsquo;\u00e9quit\u00e9 en \u00e9ducation : un d\u00e9fi majeur et une n\u00e9cessit\u00e9 imp\u00e9rieuse\"}]},{\"@type\":\"WebSite\",\"@id\":\"https:\/\/educap.io\/#website\",\"url\":\"https:\/\/educap.io\/\",\"name\":\"Educap\",\"description\":\"\",\"potentialAction\":[{\"@type\":\"SearchAction\",\"target\":{\"@type\":\"EntryPoint\",\"urlTemplate\":\"https:\/\/educap.io\/?s={search_term_string}\"},\"query-input\":{\"@type\":\"PropertyValueSpecification\",\"valueRequired\":true,\"valueName\":\"search_term_string\"}}],\"inLanguage\":\"en-US\"},{\"@type\":\"Person\",\"@id\":\"https:\/\/educap.io\/#\/schema\/person\/4dffe41e9714c247c451c98157113d60\",\"name\":\"Julie CENTI\",\"image\":{\"@type\":\"ImageObject\",\"inLanguage\":\"en-US\",\"@id\":\"https:\/\/educap.io\/#\/schema\/person\/image\/\",\"url\":\"https:\/\/secure.gravatar.com\/avatar\/f6ee0f918680eebf0bf9c06fdceae83423496df35825a3bb0ef85fc06548d5a1?s=96&d=mm&r=g\",\"contentUrl\":\"https:\/\/secure.gravatar.com\/avatar\/f6ee0f918680eebf0bf9c06fdceae83423496df35825a3bb0ef85fc06548d5a1?s=96&d=mm&r=g\",\"caption\":\"Julie CENTI\"},\"url\":\"https:\/\/educap.io\/en\/author\/emna-benfraj\/\"}]}<\/script>\n<!-- \/ Yoast SEO plugin. -->","yoast_head_json":{"title":"L'\u00e9quit\u00e9 en \u00e9ducation : un d\u00e9fi majeur et une n\u00e9cessit\u00e9 imp\u00e9rieuse - Educap","description":"Lutter contre les in\u00e9galit\u00e9s et promouvoir un syst\u00e8me \u00e9ducatif juste et inclusif : un d\u00e9fi majeur et une n\u00e9cessit\u00e9 imp\u00e9rieuse.Cet article explore les d\u00e9fis complexes de l'\u00e9quit\u00e9 en \u00e9ducation et propose des solutions concr\u00e8tes pour promouvoir un syst\u00e8me \u00e9ducatif plus juste et inclusif. Il met en lumi\u00e8re l'importance de l'investissement dans l'\u00e9ducation, de la promotion de l'\u00e9ducation inclusive, de la lutte contre les discriminations et du renforcement de la participation des parents et de la communaut\u00e9.","robots":{"index":"index","follow":"follow","max-snippet":"max-snippet:-1","max-image-preview":"max-image-preview:large","max-video-preview":"max-video-preview:-1"},"canonical":"https:\/\/educap.io\/en\/lequite-en-education-un-defi-majeur-et-une-necessite-imperieuse\/","og_locale":"en_US","og_type":"article","og_title":"L'\u00e9quit\u00e9 en \u00e9ducation : un d\u00e9fi majeur et une n\u00e9cessit\u00e9 imp\u00e9rieuse - Educap","og_description":"Lutter contre les in\u00e9galit\u00e9s et promouvoir un syst\u00e8me \u00e9ducatif juste et inclusif : un d\u00e9fi majeur et une n\u00e9cessit\u00e9 imp\u00e9rieuse.Cet article explore les d\u00e9fis complexes de l'\u00e9quit\u00e9 en \u00e9ducation et propose des solutions concr\u00e8tes pour promouvoir un syst\u00e8me \u00e9ducatif plus juste et inclusif. Il met en lumi\u00e8re l'importance de l'investissement dans l'\u00e9ducation, de la promotion de l'\u00e9ducation inclusive, de la lutte contre les discriminations et du renforcement de la participation des parents et de la communaut\u00e9.","og_url":"https:\/\/educap.io\/en\/lequite-en-education-un-defi-majeur-et-une-necessite-imperieuse\/","og_site_name":"Educap","article_publisher":"https:\/\/www.facebook.com\/educap.io","article_published_time":"2024-03-14T16:20:56+00:00","article_modified_time":"2024-05-31T11:14:09+00:00","og_image":[{"width":1180,"height":786,"url":"https:\/\/educap.io\/wp-content\/uploads\/2024\/04\/Syntrio-Equality-vs-Equity-Blog-Icon-1.webp","type":"image\/webp"}],"author":"Julie CENTI","twitter_card":"summary_large_image","twitter_misc":{"Written by":"Julie CENTI","Est. reading time":"5 minutes"},"schema":{"@context":"https:\/\/schema.org","@graph":[{"@type":"WebPage","@id":"https:\/\/educap.io\/lequite-en-education-un-defi-majeur-et-une-necessite-imperieuse\/","url":"https:\/\/educap.io\/lequite-en-education-un-defi-majeur-et-une-necessite-imperieuse\/","name":"L'\u00e9quit\u00e9 en \u00e9ducation : un d\u00e9fi majeur et une n\u00e9cessit\u00e9 imp\u00e9rieuse - Educap","isPartOf":{"@id":"https:\/\/educap.io\/#website"},"primaryImageOfPage":{"@id":"https:\/\/educap.io\/lequite-en-education-un-defi-majeur-et-une-necessite-imperieuse\/#primaryimage"},"image":{"@id":"https:\/\/educap.io\/lequite-en-education-un-defi-majeur-et-une-necessite-imperieuse\/#primaryimage"},"thumbnailUrl":"https:\/\/educap.io\/wp-content\/uploads\/2024\/04\/Syntrio-Equality-vs-Equity-Blog-Icon-1.webp","datePublished":"2024-03-14T16:20:56+00:00","dateModified":"2024-05-31T11:14:09+00:00","author":{"@id":"https:\/\/educap.io\/#\/schema\/person\/4dffe41e9714c247c451c98157113d60"},"description":"Lutter contre les in\u00e9galit\u00e9s et promouvoir un syst\u00e8me \u00e9ducatif juste et inclusif : un d\u00e9fi majeur et une n\u00e9cessit\u00e9 imp\u00e9rieuse.Cet article explore les d\u00e9fis complexes de l'\u00e9quit\u00e9 en \u00e9ducation et propose des solutions concr\u00e8tes pour promouvoir un syst\u00e8me \u00e9ducatif plus juste et inclusif. Il met en lumi\u00e8re l'importance de l'investissement dans l'\u00e9ducation, de la promotion de l'\u00e9ducation inclusive, de la lutte contre les discriminations et du renforcement de la participation des parents et de la communaut\u00e9.","breadcrumb":{"@id":"https:\/\/educap.io\/lequite-en-education-un-defi-majeur-et-une-necessite-imperieuse\/#breadcrumb"},"inLanguage":"en-US","potentialAction":[{"@type":"ReadAction","target":["https:\/\/educap.io\/lequite-en-education-un-defi-majeur-et-une-necessite-imperieuse\/"]}]},{"@type":"ImageObject","inLanguage":"en-US","@id":"https:\/\/educap.io\/lequite-en-education-un-defi-majeur-et-une-necessite-imperieuse\/#primaryimage","url":"https:\/\/educap.io\/wp-content\/uploads\/2024\/04\/Syntrio-Equality-vs-Equity-Blog-Icon-1.webp","contentUrl":"https:\/\/educap.io\/wp-content\/uploads\/2024\/04\/Syntrio-Equality-vs-Equity-Blog-Icon-1.webp","width":1180,"height":786},{"@type":"BreadcrumbList","@id":"https:\/\/educap.io\/lequite-en-education-un-defi-majeur-et-une-necessite-imperieuse\/#breadcrumb","itemListElement":[{"@type":"ListItem","position":1,"name":"Accueil","item":"https:\/\/educap.io\/fr_fr\/"},{"@type":"ListItem","position":2,"name":"L&rsquo;\u00e9quit\u00e9 en \u00e9ducation : un d\u00e9fi majeur et une n\u00e9cessit\u00e9 imp\u00e9rieuse"}]},{"@type":"WebSite","@id":"https:\/\/educap.io\/#website","url":"https:\/\/educap.io\/","name":"Educap","description":"","potentialAction":[{"@type":"SearchAction","target":{"@type":"EntryPoint","urlTemplate":"https:\/\/educap.io\/?s={search_term_string}"},"query-input":{"@type":"PropertyValueSpecification","valueRequired":true,"valueName":"search_term_string"}}],"inLanguage":"en-US"},{"@type":"Person","@id":"https:\/\/educap.io\/#\/schema\/person\/4dffe41e9714c247c451c98157113d60","name":"Julie CENTI","image":{"@type":"ImageObject","inLanguage":"en-US","@id":"https:\/\/educap.io\/#\/schema\/person\/image\/","url":"https:\/\/secure.gravatar.com\/avatar\/f6ee0f918680eebf0bf9c06fdceae83423496df35825a3bb0ef85fc06548d5a1?s=96&d=mm&r=g","contentUrl":"https:\/\/secure.gravatar.com\/avatar\/f6ee0f918680eebf0bf9c06fdceae83423496df35825a3bb0ef85fc06548d5a1?s=96&d=mm&r=g","caption":"Julie CENTI"},"url":"https:\/\/educap.io\/en\/author\/emna-benfraj\/"}]}},"_links":{"self":[{"href":"https:\/\/educap.io\/en\/wp-json\/wp\/v2\/posts\/3630","targetHints":{"allow":["GET"]}}],"collection":[{"href":"https:\/\/educap.io\/en\/wp-json\/wp\/v2\/posts"}],"about":[{"href":"https:\/\/educap.io\/en\/wp-json\/wp\/v2\/types\/post"}],"author":[{"embeddable":true,"href":"https:\/\/educap.io\/en\/wp-json\/wp\/v2\/users\/9"}],"replies":[{"embeddable":true,"href":"https:\/\/educap.io\/en\/wp-json\/wp\/v2\/comments?post=3630"}],"version-history":[{"count":4,"href":"https:\/\/educap.io\/en\/wp-json\/wp\/v2\/posts\/3630\/revisions"}],"predecessor-version":[{"id":3667,"href":"https:\/\/educap.io\/en\/wp-json\/wp\/v2\/posts\/3630\/revisions\/3667"}],"wp:featuredmedia":[{"embeddable":true,"href":"https:\/\/educap.io\/en\/wp-json\/wp\/v2\/media\/3649"}],"wp:attachment":[{"href":"https:\/\/educap.io\/en\/wp-json\/wp\/v2\/media?parent=3630"}],"wp:term":[{"taxonomy":"category","embeddable":true,"href":"https:\/\/educap.io\/en\/wp-json\/wp\/v2\/categories?post=3630"},{"taxonomy":"post_tag","embeddable":true,"href":"https:\/\/educap.io\/en\/wp-json\/wp\/v2\/tags?post=3630"}],"curies":[{"name":"wp","href":"https:\/\/api.w.org\/{rel}","templated":true}]}}