{"id":3597,"date":"2024-03-07T15:45:28","date_gmt":"2024-03-07T15:45:28","guid":{"rendered":"https:\/\/educap.io\/?p=3597"},"modified":"2024-05-03T08:40:32","modified_gmt":"2024-05-03T08:40:32","slug":"education-citoyenne-former-les-leaders-de-demain","status":"publish","type":"post","link":"https:\/\/educap.io\/en\/education-citoyenne-former-les-leaders-de-demain\/","title":{"rendered":"\u00c9ducation citoyenne : Former les leaders de demain"},"content":{"rendered":"<h2 class=\"wp-block-heading\">L&rsquo;\u00e9ducation citoyenne affine la conscience sociale <\/h2>\n\n\n\n<p><br>L&rsquo;\u00c9ducation citoyenne commence par la sensibilisation aux enjeux soci\u00e9taux et environnementaux qui touchent notre monde. D\u00e9velopper chez les \u00e9l\u00e8ves une compr\u00e9hension des probl\u00e8mes : pauvret\u00e9, in\u00e9galit\u00e9s, changements climatiques, conflits, violations des droits. En explorant ces r\u00e9alit\u00e9s, les \u00e9ducateurs encouragent la r\u00e9flexion critique des \u00e9l\u00e8ves pour une vision juste et \u00e9quitable.<\/p>\n\n\n\n<h3 class=\"wp-block-heading\">Cultiver le respect et la tol\u00e9rance<\/h3>\n\n\n\n<p>Le respect de la diversit\u00e9 est un pilier fondamental de toute soci\u00e9t\u00e9 pacifique et inclusive. L&rsquo;\u00e9ducation citoyenne promeut le respect des diversit\u00e9s pour une \u00e9cole inclusive et valorisante.<\/p>\n\n\n\n<h3 class=\"wp-block-heading\">Encourager l&rsquo;engagement civique et la participation active<\/h3>\n\n\n\n<p>L&rsquo;\u00e9ducation \u00e0 la citoyennet\u00e9 ne se limite pas \u00e0 la th\u00e9orie. L&rsquo;objectif est de motiver les \u00e9tudiants \u00e0 prendre part activement \u00e0 leur communaut\u00e9 et \u00e0 devenir des catalyseurs du progr\u00e8s  que ce soit en offrant leur temps pour le b\u00e9n\u00e9volat, en contribuant \u00e0 des projets locaux, en exprimant leur voix par les urnes, ou en menant des campagnes de sensibilisation et de plaidoyer.<\/p>\n\n\n\n<h3 class=\"wp-block-heading\">Int\u00e9grer l&rsquo;\u00e9ducation citoyenne dans le curriculum scolaire pour promouvoir le d\u00e9veloppement d&rsquo;une conscience sociale aiguis\u00e9e<\/h3>\n\n\n\n<p><br><br><\/p>\n\n\n\n<p>L&rsquo;efficacit\u00e9 de l&rsquo;\u00e9ducation \u00e0 la citoyennet\u00e9 ne r\u00e9side pas dans des le\u00e7ons d&rsquo;\u00e9ducation civique isol\u00e9es, mais plut\u00f4t dans une approche holistique qui impr\u00e8gne l&rsquo;ensemble du programme scolaire.<\/p>\n\n\n\n<p>Pour ce faire, il est crucial de <strong>l&rsquo;int\u00e9grer de mani\u00e8re transversale<\/strong> dans toutes les disciplines. Cela signifie que les valeurs et les principes de la citoyennet\u00e9 doivent \u00eatre <strong>enseign\u00e9s et pratiqu\u00e9s<\/strong> dans toutes les mati\u00e8res, de l&rsquo;histoire aux math\u00e9matiques en passant par les arts et les sciences.<\/p>\n\n\n\n<p> En reliant les concepts de citoyennet\u00e9 aux diff\u00e9rentes mati\u00e8res enseign\u00e9es, les \u00e9ducateurs permettent aux \u00e9l\u00e8ves de saisir l&rsquo;applicabilit\u00e9 concr\u00e8te de ces valeurs dans leur vie quotidienne.<\/p>\n\n\n\n<h2 class=\"wp-block-heading\">D\u00e9velopper des comp\u00e9tences cl\u00e9s pour une citoyennet\u00e9 active<\/h2>\n\n\n\n<p>L&rsquo;\u00e9ducation \u00e0 la citoyennet\u00e9 vise \u00e0 d\u00e9velopper un ensemble de comp\u00e9tences essentielles pour une participation active \u00e0 la vie publique. Parmi ces comp\u00e9tences, on peut citer:<\/p>\n\n\n\n<ul class=\"wp-block-list\">\n<li><strong>La pens\u00e9e critique:<\/strong> analyser les informations de mani\u00e8re objective, identifier les biais et formuler des opinions \u00e9clair\u00e9es.<\/li>\n\n\n\n<li><strong>Communication efficace<\/strong> : Parler clairement et \u00e9couter attentivement aide \u00e0 bien se comprendre, m\u00eame si on n&rsquo;est pas toujours d&rsquo;accord.<\/li>\n\n\n\n<li><strong>Collaboration et travail d&rsquo;\u00e9quipe<\/strong> : Travailler ensemble pour r\u00e9ussir et r\u00e9soudre les probl\u00e8mes<\/li>\n\n\n\n<li><strong>La prise de d\u00e9cision responsable:<\/strong> \u00e9valuer les diff\u00e9rentes options et choisir celle qui est la plus b\u00e9n\u00e9fique pour la communaut\u00e9.<\/li>\n\n\n\n<li><strong><a href=\"https:\/\/educap.io\/en\/promouvoir-la-participation-des-eleves-idees-pour-un-leadership-scolaire-dynamique\/\">Le leadership et l&rsquo;engagement<\/a>:<\/strong> prendre des initiatives, mobiliser les autres et agir pour le bien commun.<\/li>\n<\/ul>\n\n\n\n<h3 class=\"wp-block-heading\">Il est \u00e9galement crucial de souligner l&rsquo;importance de :<\/h3>\n\n\n\n<ul class=\"wp-block-list\">\n<li><strong>Encourager le dialogue et la discussion<\/strong> : C&rsquo;est important de parler ensemble. \u00c7a aide \u00e0 comprendre les autres et \u00e0 r\u00e9soudre les probl\u00e8mes.<\/li>\n\n\n\n<li><strong>Impliquer les parents et la communaut\u00e9 :<\/strong> Travailler avec les parents et les gens autour est super important. \u00c7a aide \u00e0 apprendre \u00e0 \u00eatre un bon citoyen et \u00e0 rendre l&rsquo;\u00e9cole plus int\u00e9ressante.<\/li>\n\n\n\n<li><strong>Utiliser les technologies <\/strong>: Les ordinateurs et Internet peuvent beaucoup aider \u00e0 apprendre sur la citoyennet\u00e9. On peut parler avec des gens partout dans le monde et agir pour des causes qui nous tiennent \u00e0 c\u0153ur.<\/li>\n<\/ul>\n\n\n\n<p>pour conclure, l&rsquo;\u00e9ducation \u00e0 la citoyennet\u00e9 est un processus continu qui n\u00e9cessite un engagement constant de la part des \u00e9ducateurs, des \u00e9l\u00e8ves, des parents et de la communaut\u00e9 enti\u00e8re. En investissant dans cette mission essentielle, nous ouvrons la voie vers un avenir plus prometteur pour tous.<\/p>","protected":false},"excerpt":{"rendered":"<p>\u00c9ducation citoyenne : Former les leaders de demain<\/p>","protected":false},"author":9,"featured_media":0,"comment_status":"open","ping_status":"open","sticky":false,"template":"","format":"standard","meta":{"footnotes":""},"categories":[1],"tags":[99,34,192,23,18,46,45],"class_list":["post-3597","post","type-post","status-publish","format-standard","hentry","category-blog","tag-competences","tag-education","tag-education-citoyenne","tag-eleve","tag-etablissement-scolaire","tag-numerique","tag-optimisation"],"yoast_head":"<!-- This site is optimized with the Yoast SEO plugin v24.2 - https:\/\/yoast.com\/wordpress\/plugins\/seo\/ -->\n<title>\u00c9ducation citoyenne : Former les leaders de demain - Educap<\/title>\n<meta name=\"description\" content=\"L&#039;\u00c9ducation citoyenne est un processus crucial pour former des citoyens responsables, engag\u00e9s et aptes \u00e0 relever les d\u00e9fis du monde d&#039;aujourd&#039;hui. Cet article explore les \u00e9l\u00e9ments cl\u00e9s de l&#039;\u00e9ducation \u00e0 la citoyennet\u00e9, tels que la sensibilisation aux enjeux sociaux, le respect de la diversit\u00e9, la participation active et le d\u00e9veloppement de comp\u00e9tences essentielles. Il souligne \u00e9galement l&#039;importance d&#039;int\u00e9grer l&#039;\u00e9ducation \u00e0 la citoyennet\u00e9 dans l&#039;ensemble du programme scolaire et de mobiliser l&#039;ensemble de la communaut\u00e9 pour en faire un succ\u00e8s.\" \/>\n<meta name=\"robots\" content=\"index, follow, max-snippet:-1, max-image-preview:large, max-video-preview:-1\" \/>\n<link rel=\"canonical\" href=\"https:\/\/educap.io\/en\/education-citoyenne-former-les-leaders-de-demain\/\" \/>\n<meta property=\"og:locale\" content=\"en_US\" \/>\n<meta property=\"og:type\" content=\"article\" \/>\n<meta property=\"og:title\" content=\"\u00c9ducation citoyenne : Former les leaders de demain - Educap\" \/>\n<meta property=\"og:description\" content=\"L&#039;\u00c9ducation citoyenne est un processus crucial pour former des citoyens responsables, engag\u00e9s et aptes \u00e0 relever les d\u00e9fis du monde d&#039;aujourd&#039;hui. Cet article explore les \u00e9l\u00e9ments cl\u00e9s de l&#039;\u00e9ducation \u00e0 la citoyennet\u00e9, tels que la sensibilisation aux enjeux sociaux, le respect de la diversit\u00e9, la participation active et le d\u00e9veloppement de comp\u00e9tences essentielles. Il souligne \u00e9galement l&#039;importance d&#039;int\u00e9grer l&#039;\u00e9ducation \u00e0 la citoyennet\u00e9 dans l&#039;ensemble du programme scolaire et de mobiliser l&#039;ensemble de la communaut\u00e9 pour en faire un succ\u00e8s.\" \/>\n<meta property=\"og:url\" content=\"https:\/\/educap.io\/en\/education-citoyenne-former-les-leaders-de-demain\/\" \/>\n<meta property=\"og:site_name\" content=\"Educap\" \/>\n<meta property=\"article:publisher\" content=\"https:\/\/www.facebook.com\/educap.io\" \/>\n<meta property=\"article:published_time\" content=\"2024-03-07T15:45:28+00:00\" \/>\n<meta property=\"article:modified_time\" content=\"2024-05-03T08:40:32+00:00\" \/>\n<meta name=\"author\" content=\"Julie CENTI\" \/>\n<meta name=\"twitter:card\" content=\"summary_large_image\" \/>\n<meta name=\"twitter:label1\" content=\"Written by\" \/>\n\t<meta name=\"twitter:data1\" content=\"Julie CENTI\" \/>\n\t<meta name=\"twitter:label2\" content=\"Est. reading time\" \/>\n\t<meta name=\"twitter:data2\" content=\"3 minutes\" \/>\n<script type=\"application\/ld+json\" class=\"yoast-schema-graph\">{\"@context\":\"https:\/\/schema.org\",\"@graph\":[{\"@type\":\"WebPage\",\"@id\":\"https:\/\/educap.io\/education-citoyenne-former-les-leaders-de-demain\/\",\"url\":\"https:\/\/educap.io\/education-citoyenne-former-les-leaders-de-demain\/\",\"name\":\"\u00c9ducation citoyenne : Former les leaders de demain - Educap\",\"isPartOf\":{\"@id\":\"https:\/\/educap.io\/#website\"},\"datePublished\":\"2024-03-07T15:45:28+00:00\",\"dateModified\":\"2024-05-03T08:40:32+00:00\",\"author\":{\"@id\":\"https:\/\/educap.io\/#\/schema\/person\/4dffe41e9714c247c451c98157113d60\"},\"description\":\"L'\u00c9ducation citoyenne est un processus crucial pour former des citoyens responsables, engag\u00e9s et aptes \u00e0 relever les d\u00e9fis du monde d'aujourd'hui. Cet article explore les \u00e9l\u00e9ments cl\u00e9s de l'\u00e9ducation \u00e0 la citoyennet\u00e9, tels que la sensibilisation aux enjeux sociaux, le respect de la diversit\u00e9, la participation active et le d\u00e9veloppement de comp\u00e9tences essentielles. Il souligne \u00e9galement l'importance d'int\u00e9grer l'\u00e9ducation \u00e0 la citoyennet\u00e9 dans l'ensemble du programme scolaire et de mobiliser l'ensemble de la communaut\u00e9 pour en faire un succ\u00e8s.\",\"breadcrumb\":{\"@id\":\"https:\/\/educap.io\/education-citoyenne-former-les-leaders-de-demain\/#breadcrumb\"},\"inLanguage\":\"en-US\",\"potentialAction\":[{\"@type\":\"ReadAction\",\"target\":[\"https:\/\/educap.io\/education-citoyenne-former-les-leaders-de-demain\/\"]}]},{\"@type\":\"BreadcrumbList\",\"@id\":\"https:\/\/educap.io\/education-citoyenne-former-les-leaders-de-demain\/#breadcrumb\",\"itemListElement\":[{\"@type\":\"ListItem\",\"position\":1,\"name\":\"Accueil\",\"item\":\"https:\/\/educap.io\/fr_fr\/\"},{\"@type\":\"ListItem\",\"position\":2,\"name\":\"\u00c9ducation citoyenne : Former les leaders de demain\"}]},{\"@type\":\"WebSite\",\"@id\":\"https:\/\/educap.io\/#website\",\"url\":\"https:\/\/educap.io\/\",\"name\":\"Educap\",\"description\":\"\",\"potentialAction\":[{\"@type\":\"SearchAction\",\"target\":{\"@type\":\"EntryPoint\",\"urlTemplate\":\"https:\/\/educap.io\/?s={search_term_string}\"},\"query-input\":{\"@type\":\"PropertyValueSpecification\",\"valueRequired\":true,\"valueName\":\"search_term_string\"}}],\"inLanguage\":\"en-US\"},{\"@type\":\"Person\",\"@id\":\"https:\/\/educap.io\/#\/schema\/person\/4dffe41e9714c247c451c98157113d60\",\"name\":\"Julie CENTI\",\"image\":{\"@type\":\"ImageObject\",\"inLanguage\":\"en-US\",\"@id\":\"https:\/\/educap.io\/#\/schema\/person\/image\/\",\"url\":\"https:\/\/secure.gravatar.com\/avatar\/f6ee0f918680eebf0bf9c06fdceae83423496df35825a3bb0ef85fc06548d5a1?s=96&d=mm&r=g\",\"contentUrl\":\"https:\/\/secure.gravatar.com\/avatar\/f6ee0f918680eebf0bf9c06fdceae83423496df35825a3bb0ef85fc06548d5a1?s=96&d=mm&r=g\",\"caption\":\"Julie CENTI\"},\"url\":\"https:\/\/educap.io\/en\/author\/emna-benfraj\/\"}]}<\/script>\n<!-- \/ Yoast SEO plugin. -->","yoast_head_json":{"title":"\u00c9ducation citoyenne : Former les leaders de demain - Educap","description":"L'\u00c9ducation citoyenne est un processus crucial pour former des citoyens responsables, engag\u00e9s et aptes \u00e0 relever les d\u00e9fis du monde d'aujourd'hui. Cet article explore les \u00e9l\u00e9ments cl\u00e9s de l'\u00e9ducation \u00e0 la citoyennet\u00e9, tels que la sensibilisation aux enjeux sociaux, le respect de la diversit\u00e9, la participation active et le d\u00e9veloppement de comp\u00e9tences essentielles. Il souligne \u00e9galement l'importance d'int\u00e9grer l'\u00e9ducation \u00e0 la citoyennet\u00e9 dans l'ensemble du programme scolaire et de mobiliser l'ensemble de la communaut\u00e9 pour en faire un succ\u00e8s.","robots":{"index":"index","follow":"follow","max-snippet":"max-snippet:-1","max-image-preview":"max-image-preview:large","max-video-preview":"max-video-preview:-1"},"canonical":"https:\/\/educap.io\/en\/education-citoyenne-former-les-leaders-de-demain\/","og_locale":"en_US","og_type":"article","og_title":"\u00c9ducation citoyenne : Former les leaders de demain - Educap","og_description":"L'\u00c9ducation citoyenne est un processus crucial pour former des citoyens responsables, engag\u00e9s et aptes \u00e0 relever les d\u00e9fis du monde d'aujourd'hui. Cet article explore les \u00e9l\u00e9ments cl\u00e9s de l'\u00e9ducation \u00e0 la citoyennet\u00e9, tels que la sensibilisation aux enjeux sociaux, le respect de la diversit\u00e9, la participation active et le d\u00e9veloppement de comp\u00e9tences essentielles. Il souligne \u00e9galement l'importance d'int\u00e9grer l'\u00e9ducation \u00e0 la citoyennet\u00e9 dans l'ensemble du programme scolaire et de mobiliser l'ensemble de la communaut\u00e9 pour en faire un succ\u00e8s.","og_url":"https:\/\/educap.io\/en\/education-citoyenne-former-les-leaders-de-demain\/","og_site_name":"Educap","article_publisher":"https:\/\/www.facebook.com\/educap.io","article_published_time":"2024-03-07T15:45:28+00:00","article_modified_time":"2024-05-03T08:40:32+00:00","author":"Julie CENTI","twitter_card":"summary_large_image","twitter_misc":{"Written by":"Julie CENTI","Est. reading time":"3 minutes"},"schema":{"@context":"https:\/\/schema.org","@graph":[{"@type":"WebPage","@id":"https:\/\/educap.io\/education-citoyenne-former-les-leaders-de-demain\/","url":"https:\/\/educap.io\/education-citoyenne-former-les-leaders-de-demain\/","name":"\u00c9ducation citoyenne : Former les leaders de demain - Educap","isPartOf":{"@id":"https:\/\/educap.io\/#website"},"datePublished":"2024-03-07T15:45:28+00:00","dateModified":"2024-05-03T08:40:32+00:00","author":{"@id":"https:\/\/educap.io\/#\/schema\/person\/4dffe41e9714c247c451c98157113d60"},"description":"L'\u00c9ducation citoyenne est un processus crucial pour former des citoyens responsables, engag\u00e9s et aptes \u00e0 relever les d\u00e9fis du monde d'aujourd'hui. Cet article explore les \u00e9l\u00e9ments cl\u00e9s de l'\u00e9ducation \u00e0 la citoyennet\u00e9, tels que la sensibilisation aux enjeux sociaux, le respect de la diversit\u00e9, la participation active et le d\u00e9veloppement de comp\u00e9tences essentielles. Il souligne \u00e9galement l'importance d'int\u00e9grer l'\u00e9ducation \u00e0 la citoyennet\u00e9 dans l'ensemble du programme scolaire et de mobiliser l'ensemble de la communaut\u00e9 pour en faire un succ\u00e8s.","breadcrumb":{"@id":"https:\/\/educap.io\/education-citoyenne-former-les-leaders-de-demain\/#breadcrumb"},"inLanguage":"en-US","potentialAction":[{"@type":"ReadAction","target":["https:\/\/educap.io\/education-citoyenne-former-les-leaders-de-demain\/"]}]},{"@type":"BreadcrumbList","@id":"https:\/\/educap.io\/education-citoyenne-former-les-leaders-de-demain\/#breadcrumb","itemListElement":[{"@type":"ListItem","position":1,"name":"Accueil","item":"https:\/\/educap.io\/fr_fr\/"},{"@type":"ListItem","position":2,"name":"\u00c9ducation citoyenne : Former les leaders de demain"}]},{"@type":"WebSite","@id":"https:\/\/educap.io\/#website","url":"https:\/\/educap.io\/","name":"Educap","description":"","potentialAction":[{"@type":"SearchAction","target":{"@type":"EntryPoint","urlTemplate":"https:\/\/educap.io\/?s={search_term_string}"},"query-input":{"@type":"PropertyValueSpecification","valueRequired":true,"valueName":"search_term_string"}}],"inLanguage":"en-US"},{"@type":"Person","@id":"https:\/\/educap.io\/#\/schema\/person\/4dffe41e9714c247c451c98157113d60","name":"Julie CENTI","image":{"@type":"ImageObject","inLanguage":"en-US","@id":"https:\/\/educap.io\/#\/schema\/person\/image\/","url":"https:\/\/secure.gravatar.com\/avatar\/f6ee0f918680eebf0bf9c06fdceae83423496df35825a3bb0ef85fc06548d5a1?s=96&d=mm&r=g","contentUrl":"https:\/\/secure.gravatar.com\/avatar\/f6ee0f918680eebf0bf9c06fdceae83423496df35825a3bb0ef85fc06548d5a1?s=96&d=mm&r=g","caption":"Julie CENTI"},"url":"https:\/\/educap.io\/en\/author\/emna-benfraj\/"}]}},"_links":{"self":[{"href":"https:\/\/educap.io\/en\/wp-json\/wp\/v2\/posts\/3597","targetHints":{"allow":["GET"]}}],"collection":[{"href":"https:\/\/educap.io\/en\/wp-json\/wp\/v2\/posts"}],"about":[{"href":"https:\/\/educap.io\/en\/wp-json\/wp\/v2\/types\/post"}],"author":[{"embeddable":true,"href":"https:\/\/educap.io\/en\/wp-json\/wp\/v2\/users\/9"}],"replies":[{"embeddable":true,"href":"https:\/\/educap.io\/en\/wp-json\/wp\/v2\/comments?post=3597"}],"version-history":[{"count":5,"href":"https:\/\/educap.io\/en\/wp-json\/wp\/v2\/posts\/3597\/revisions"}],"predecessor-version":[{"id":3662,"href":"https:\/\/educap.io\/en\/wp-json\/wp\/v2\/posts\/3597\/revisions\/3662"}],"wp:attachment":[{"href":"https:\/\/educap.io\/en\/wp-json\/wp\/v2\/media?parent=3597"}],"wp:term":[{"taxonomy":"category","embeddable":true,"href":"https:\/\/educap.io\/en\/wp-json\/wp\/v2\/categories?post=3597"},{"taxonomy":"post_tag","embeddable":true,"href":"https:\/\/educap.io\/en\/wp-json\/wp\/v2\/tags?post=3597"}],"curies":[{"name":"wp","href":"https:\/\/api.w.org\/{rel}","templated":true}]}}