{"id":3506,"date":"2024-04-19T07:44:22","date_gmt":"2024-04-19T07:44:22","guid":{"rendered":"https:\/\/educap.io\/?p=3506"},"modified":"2024-04-12T19:32:02","modified_gmt":"2024-04-12T19:32:02","slug":"limportance-cruciale-de-la-formation-pour-ladministration-de-lecole","status":"publish","type":"post","link":"https:\/\/educap.io\/en\/limportance-cruciale-de-la-formation-pour-ladministration-de-lecole\/","title":{"rendered":"L&rsquo;importance cruciale de la formation pour l&rsquo;administration de l&rsquo;\u00e9cole"},"content":{"rendered":"<p>Le succ\u00e8s d&rsquo;une \u00e9cole ne r\u00e9side pas uniquement dans la qualit\u00e9 de ses enseignants et de ses programmes d&rsquo;\u00e9tudes. Une administration efficace et comp\u00e9tente est tout aussi essentielle pour garantir le bon fonctionnement de l&rsquo;\u00e9tablissement et la r\u00e9ussite des \u00e9l\u00e8ves. C&rsquo;est pourquoi la <strong>formation<\/strong> continue des personnels administratifs est un investissement crucial pour l&rsquo;avenir de l&rsquo;\u00e9cole.<\/p>\n\n\n\n<figure class=\"wp-block-image size-large\"><img fetchpriority=\"high\" decoding=\"async\" width=\"1024\" height=\"683\" src=\"https:\/\/educap.io\/wp-content\/uploads\/2024\/04\/corporate-meeting-scene-1-1024x683.jpg\" alt=\"formation pour l'administration de l'\u00e9cole\" class=\"wp-image-3507\" srcset=\"https:\/\/educap.io\/wp-content\/uploads\/2024\/04\/corporate-meeting-scene-1-1024x683.jpg 1024w, https:\/\/educap.io\/wp-content\/uploads\/2024\/04\/corporate-meeting-scene-1-300x200.jpg 300w, https:\/\/educap.io\/wp-content\/uploads\/2024\/04\/corporate-meeting-scene-1-768x512.jpg 768w, https:\/\/educap.io\/wp-content\/uploads\/2024\/04\/corporate-meeting-scene-1-1536x1024.jpg 1536w, https:\/\/educap.io\/wp-content\/uploads\/2024\/04\/corporate-meeting-scene-1-2048x1365.jpg 2048w\" sizes=\"(max-width: 1024px) 100vw, 1024px\" \/><\/figure>\n\n\n\n<h2 class=\"wp-block-heading\"><strong>Les avantages de la formation pour l&rsquo;administration scolaire<\/strong><\/h2>\n\n\n\n<p><\/p>\n\n\n\n<ul class=\"wp-block-list\">\n<li><strong>Accroissement de l&rsquo;efficacit\u00e9 et de la productivit\u00e9 :<\/strong> Des personnels administratifs bien form\u00e9s sont plus efficients dans leur travail et peuvent accomplir leurs t\u00e2ches plus rapidement et avec plus de pr\u00e9cision. Cela se traduit par une meilleure gestion du temps et des ressources, et par une r\u00e9duction des erreurs et des retards.<\/li>\n\n\n\n<li><strong>Renforcement de la collaboration et du travail en \u00e9quipe : <\/strong>La formation permet aux personnels administratifs de d\u00e9velopper des comp\u00e9tences relationnelles et de communication essentielles pour travailler efficacement en \u00e9quipe. Cela favorise la collaboration entre les diff\u00e9rents services de l&rsquo;\u00e9cole et contribue \u00e0 cr\u00e9er un climat de travail positif.<\/li>\n\n\n\n<li><strong>Meilleure prise en charge des \u00e9l\u00e8ves et des parents :<\/strong> Des personnels administratifs bien form\u00e9s sont mieux \u00e0 m\u00eame de r\u00e9pondre aux besoins des \u00e9l\u00e8ves et des parents. Ils peuvent leur fournir des informations pr\u00e9cises et utiles, et les accompagner dans leurs d\u00e9marches administratives.<\/li>\n\n\n\n<li><strong>Am\u00e9lioration du climat scolaire :<\/strong> Une administration comp\u00e9tente et efficace contribue \u00e0 cr\u00e9er un climat scolaire positif et serein. Cela se traduit par une meilleure communication entre les diff\u00e9rents acteurs de l&rsquo;\u00e9cole, une r\u00e9duction des tensions et des conflits, et un sentiment de confiance accru.<\/li>\n<\/ul>\n\n\n\n<p>La formation continue des personnels administratifs est un investissement indispensable pour l&rsquo;avenir de l&rsquo;\u00e9cole. En effet, elle permet d&rsquo;am\u00e9liorer les comp\u00e9tences et le savoir-faire des personnels, d&rsquo;accro\u00eetre l&rsquo;efficacit\u00e9 et la productivit\u00e9 de l&rsquo;administration, de renforcer la collaboration et le travail en \u00e9quipe, de mieux prendre en charge les \u00e9l\u00e8ves et les parents, et d&rsquo;am\u00e9liorer le climat scolaire<\/p>","protected":false},"excerpt":{"rendered":"<p>Le succ\u00e8s d&rsquo;une \u00e9cole ne r\u00e9side pas uniquement dans la qualit\u00e9 de ses enseignants et de ses programmes d&rsquo;\u00e9tudes. Une administration efficace et comp\u00e9tente est tout aussi essentielle pour garantir le bon fonctionnement de l&rsquo;\u00e9tablissement et la r\u00e9ussite des \u00e9l\u00e8ves. C&rsquo;est pourquoi la formation continue des personnels administratifs est un investissement crucial pour l&rsquo;avenir de [&hellip;]<\/p>","protected":false},"author":9,"featured_media":3507,"comment_status":"open","ping_status":"open","sticky":false,"template":"","format":"standard","meta":{"footnotes":""},"categories":[1],"tags":[18,105],"class_list":["post-3506","post","type-post","status-publish","format-standard","has-post-thumbnail","hentry","category-blog","tag-etablissement-scolaire","tag-formation"],"yoast_head":"<!-- This site is optimized with the Yoast SEO plugin v24.2 - https:\/\/yoast.com\/wordpress\/plugins\/seo\/ -->\n<title>L&#039;importance cruciale de la formation pour l&#039;administration de l&#039;\u00e9cole - Educap<\/title>\n<meta name=\"robots\" content=\"index, follow, max-snippet:-1, max-image-preview:large, max-video-preview:-1\" \/>\n<link rel=\"canonical\" href=\"https:\/\/educap.io\/en\/limportance-cruciale-de-la-formation-pour-ladministration-de-lecole\/\" \/>\n<meta property=\"og:locale\" content=\"en_US\" \/>\n<meta property=\"og:type\" content=\"article\" \/>\n<meta property=\"og:title\" content=\"L&#039;importance cruciale de la formation pour l&#039;administration de l&#039;\u00e9cole - Educap\" \/>\n<meta property=\"og:description\" content=\"Le succ\u00e8s d&rsquo;une \u00e9cole ne r\u00e9side pas uniquement dans la qualit\u00e9 de ses enseignants et de ses programmes d&rsquo;\u00e9tudes. Une administration efficace et comp\u00e9tente est tout aussi essentielle pour garantir le bon fonctionnement de l&rsquo;\u00e9tablissement et la r\u00e9ussite des \u00e9l\u00e8ves. C&rsquo;est pourquoi la formation continue des personnels administratifs est un investissement crucial pour l&rsquo;avenir de [&hellip;]\" \/>\n<meta property=\"og:url\" content=\"https:\/\/educap.io\/en\/limportance-cruciale-de-la-formation-pour-ladministration-de-lecole\/\" \/>\n<meta property=\"og:site_name\" content=\"Educap\" \/>\n<meta property=\"article:publisher\" content=\"https:\/\/www.facebook.com\/educap.io\" \/>\n<meta property=\"article:published_time\" content=\"2024-04-19T07:44:22+00:00\" \/>\n<meta property=\"article:modified_time\" content=\"2024-04-12T19:32:02+00:00\" \/>\n<meta property=\"og:image\" content=\"https:\/\/educap.io\/wp-content\/uploads\/2024\/04\/corporate-meeting-scene-1-scaled.jpg\" \/>\n\t<meta property=\"og:image:width\" content=\"2560\" \/>\n\t<meta property=\"og:image:height\" content=\"1707\" \/>\n\t<meta property=\"og:image:type\" content=\"image\/jpeg\" \/>\n<meta name=\"author\" content=\"Julie CENTI\" \/>\n<meta name=\"twitter:card\" content=\"summary_large_image\" \/>\n<meta name=\"twitter:label1\" content=\"Written by\" \/>\n\t<meta name=\"twitter:data1\" content=\"Julie CENTI\" \/>\n\t<meta name=\"twitter:label2\" content=\"Est. reading time\" \/>\n\t<meta name=\"twitter:data2\" content=\"2 minutes\" \/>\n<script type=\"application\/ld+json\" class=\"yoast-schema-graph\">{\"@context\":\"https:\/\/schema.org\",\"@graph\":[{\"@type\":\"WebPage\",\"@id\":\"https:\/\/educap.io\/limportance-cruciale-de-la-formation-pour-ladministration-de-lecole\/\",\"url\":\"https:\/\/educap.io\/limportance-cruciale-de-la-formation-pour-ladministration-de-lecole\/\",\"name\":\"L'importance cruciale de la formation pour l'administration de l'\u00e9cole - Educap\",\"isPartOf\":{\"@id\":\"https:\/\/educap.io\/#website\"},\"primaryImageOfPage\":{\"@id\":\"https:\/\/educap.io\/limportance-cruciale-de-la-formation-pour-ladministration-de-lecole\/#primaryimage\"},\"image\":{\"@id\":\"https:\/\/educap.io\/limportance-cruciale-de-la-formation-pour-ladministration-de-lecole\/#primaryimage\"},\"thumbnailUrl\":\"https:\/\/educap.io\/wp-content\/uploads\/2024\/04\/corporate-meeting-scene-1-scaled.jpg\",\"datePublished\":\"2024-04-19T07:44:22+00:00\",\"dateModified\":\"2024-04-12T19:32:02+00:00\",\"author\":{\"@id\":\"https:\/\/educap.io\/#\/schema\/person\/4dffe41e9714c247c451c98157113d60\"},\"breadcrumb\":{\"@id\":\"https:\/\/educap.io\/limportance-cruciale-de-la-formation-pour-ladministration-de-lecole\/#breadcrumb\"},\"inLanguage\":\"en-US\",\"potentialAction\":[{\"@type\":\"ReadAction\",\"target\":[\"https:\/\/educap.io\/limportance-cruciale-de-la-formation-pour-ladministration-de-lecole\/\"]}]},{\"@type\":\"ImageObject\",\"inLanguage\":\"en-US\",\"@id\":\"https:\/\/educap.io\/limportance-cruciale-de-la-formation-pour-ladministration-de-lecole\/#primaryimage\",\"url\":\"https:\/\/educap.io\/wp-content\/uploads\/2024\/04\/corporate-meeting-scene-1-scaled.jpg\",\"contentUrl\":\"https:\/\/educap.io\/wp-content\/uploads\/2024\/04\/corporate-meeting-scene-1-scaled.jpg\",\"width\":2560,\"height\":1707},{\"@type\":\"BreadcrumbList\",\"@id\":\"https:\/\/educap.io\/limportance-cruciale-de-la-formation-pour-ladministration-de-lecole\/#breadcrumb\",\"itemListElement\":[{\"@type\":\"ListItem\",\"position\":1,\"name\":\"Accueil\",\"item\":\"https:\/\/educap.io\/fr_fr\/\"},{\"@type\":\"ListItem\",\"position\":2,\"name\":\"L&rsquo;importance cruciale de la formation pour l&rsquo;administration de l&rsquo;\u00e9cole\"}]},{\"@type\":\"WebSite\",\"@id\":\"https:\/\/educap.io\/#website\",\"url\":\"https:\/\/educap.io\/\",\"name\":\"Educap\",\"description\":\"\",\"potentialAction\":[{\"@type\":\"SearchAction\",\"target\":{\"@type\":\"EntryPoint\",\"urlTemplate\":\"https:\/\/educap.io\/?s={search_term_string}\"},\"query-input\":{\"@type\":\"PropertyValueSpecification\",\"valueRequired\":true,\"valueName\":\"search_term_string\"}}],\"inLanguage\":\"en-US\"},{\"@type\":\"Person\",\"@id\":\"https:\/\/educap.io\/#\/schema\/person\/4dffe41e9714c247c451c98157113d60\",\"name\":\"Julie CENTI\",\"image\":{\"@type\":\"ImageObject\",\"inLanguage\":\"en-US\",\"@id\":\"https:\/\/educap.io\/#\/schema\/person\/image\/\",\"url\":\"https:\/\/secure.gravatar.com\/avatar\/f6ee0f918680eebf0bf9c06fdceae83423496df35825a3bb0ef85fc06548d5a1?s=96&d=mm&r=g\",\"contentUrl\":\"https:\/\/secure.gravatar.com\/avatar\/f6ee0f918680eebf0bf9c06fdceae83423496df35825a3bb0ef85fc06548d5a1?s=96&d=mm&r=g\",\"caption\":\"Julie CENTI\"},\"url\":\"https:\/\/educap.io\/en\/author\/emna-benfraj\/\"}]}<\/script>\n<!-- \/ Yoast SEO plugin. -->","yoast_head_json":{"title":"L'importance cruciale de la formation pour l'administration de l'\u00e9cole - Educap","robots":{"index":"index","follow":"follow","max-snippet":"max-snippet:-1","max-image-preview":"max-image-preview:large","max-video-preview":"max-video-preview:-1"},"canonical":"https:\/\/educap.io\/en\/limportance-cruciale-de-la-formation-pour-ladministration-de-lecole\/","og_locale":"en_US","og_type":"article","og_title":"L'importance cruciale de la formation pour l'administration de l'\u00e9cole - Educap","og_description":"Le succ\u00e8s d&rsquo;une \u00e9cole ne r\u00e9side pas uniquement dans la qualit\u00e9 de ses enseignants et de ses programmes d&rsquo;\u00e9tudes. Une administration efficace et comp\u00e9tente est tout aussi essentielle pour garantir le bon fonctionnement de l&rsquo;\u00e9tablissement et la r\u00e9ussite des \u00e9l\u00e8ves. C&rsquo;est pourquoi la formation continue des personnels administratifs est un investissement crucial pour l&rsquo;avenir de [&hellip;]","og_url":"https:\/\/educap.io\/en\/limportance-cruciale-de-la-formation-pour-ladministration-de-lecole\/","og_site_name":"Educap","article_publisher":"https:\/\/www.facebook.com\/educap.io","article_published_time":"2024-04-19T07:44:22+00:00","article_modified_time":"2024-04-12T19:32:02+00:00","og_image":[{"width":2560,"height":1707,"url":"https:\/\/educap.io\/wp-content\/uploads\/2024\/04\/corporate-meeting-scene-1-scaled.jpg","type":"image\/jpeg"}],"author":"Julie CENTI","twitter_card":"summary_large_image","twitter_misc":{"Written by":"Julie CENTI","Est. reading time":"2 minutes"},"schema":{"@context":"https:\/\/schema.org","@graph":[{"@type":"WebPage","@id":"https:\/\/educap.io\/limportance-cruciale-de-la-formation-pour-ladministration-de-lecole\/","url":"https:\/\/educap.io\/limportance-cruciale-de-la-formation-pour-ladministration-de-lecole\/","name":"L'importance cruciale de la formation pour l'administration de l'\u00e9cole - Educap","isPartOf":{"@id":"https:\/\/educap.io\/#website"},"primaryImageOfPage":{"@id":"https:\/\/educap.io\/limportance-cruciale-de-la-formation-pour-ladministration-de-lecole\/#primaryimage"},"image":{"@id":"https:\/\/educap.io\/limportance-cruciale-de-la-formation-pour-ladministration-de-lecole\/#primaryimage"},"thumbnailUrl":"https:\/\/educap.io\/wp-content\/uploads\/2024\/04\/corporate-meeting-scene-1-scaled.jpg","datePublished":"2024-04-19T07:44:22+00:00","dateModified":"2024-04-12T19:32:02+00:00","author":{"@id":"https:\/\/educap.io\/#\/schema\/person\/4dffe41e9714c247c451c98157113d60"},"breadcrumb":{"@id":"https:\/\/educap.io\/limportance-cruciale-de-la-formation-pour-ladministration-de-lecole\/#breadcrumb"},"inLanguage":"en-US","potentialAction":[{"@type":"ReadAction","target":["https:\/\/educap.io\/limportance-cruciale-de-la-formation-pour-ladministration-de-lecole\/"]}]},{"@type":"ImageObject","inLanguage":"en-US","@id":"https:\/\/educap.io\/limportance-cruciale-de-la-formation-pour-ladministration-de-lecole\/#primaryimage","url":"https:\/\/educap.io\/wp-content\/uploads\/2024\/04\/corporate-meeting-scene-1-scaled.jpg","contentUrl":"https:\/\/educap.io\/wp-content\/uploads\/2024\/04\/corporate-meeting-scene-1-scaled.jpg","width":2560,"height":1707},{"@type":"BreadcrumbList","@id":"https:\/\/educap.io\/limportance-cruciale-de-la-formation-pour-ladministration-de-lecole\/#breadcrumb","itemListElement":[{"@type":"ListItem","position":1,"name":"Accueil","item":"https:\/\/educap.io\/fr_fr\/"},{"@type":"ListItem","position":2,"name":"L&rsquo;importance cruciale de la formation pour l&rsquo;administration de l&rsquo;\u00e9cole"}]},{"@type":"WebSite","@id":"https:\/\/educap.io\/#website","url":"https:\/\/educap.io\/","name":"Educap","description":"","potentialAction":[{"@type":"SearchAction","target":{"@type":"EntryPoint","urlTemplate":"https:\/\/educap.io\/?s={search_term_string}"},"query-input":{"@type":"PropertyValueSpecification","valueRequired":true,"valueName":"search_term_string"}}],"inLanguage":"en-US"},{"@type":"Person","@id":"https:\/\/educap.io\/#\/schema\/person\/4dffe41e9714c247c451c98157113d60","name":"Julie CENTI","image":{"@type":"ImageObject","inLanguage":"en-US","@id":"https:\/\/educap.io\/#\/schema\/person\/image\/","url":"https:\/\/secure.gravatar.com\/avatar\/f6ee0f918680eebf0bf9c06fdceae83423496df35825a3bb0ef85fc06548d5a1?s=96&d=mm&r=g","contentUrl":"https:\/\/secure.gravatar.com\/avatar\/f6ee0f918680eebf0bf9c06fdceae83423496df35825a3bb0ef85fc06548d5a1?s=96&d=mm&r=g","caption":"Julie CENTI"},"url":"https:\/\/educap.io\/en\/author\/emna-benfraj\/"}]}},"_links":{"self":[{"href":"https:\/\/educap.io\/en\/wp-json\/wp\/v2\/posts\/3506","targetHints":{"allow":["GET"]}}],"collection":[{"href":"https:\/\/educap.io\/en\/wp-json\/wp\/v2\/posts"}],"about":[{"href":"https:\/\/educap.io\/en\/wp-json\/wp\/v2\/types\/post"}],"author":[{"embeddable":true,"href":"https:\/\/educap.io\/en\/wp-json\/wp\/v2\/users\/9"}],"replies":[{"embeddable":true,"href":"https:\/\/educap.io\/en\/wp-json\/wp\/v2\/comments?post=3506"}],"version-history":[{"count":4,"href":"https:\/\/educap.io\/en\/wp-json\/wp\/v2\/posts\/3506\/revisions"}],"predecessor-version":[{"id":3545,"href":"https:\/\/educap.io\/en\/wp-json\/wp\/v2\/posts\/3506\/revisions\/3545"}],"wp:featuredmedia":[{"embeddable":true,"href":"https:\/\/educap.io\/en\/wp-json\/wp\/v2\/media\/3507"}],"wp:attachment":[{"href":"https:\/\/educap.io\/en\/wp-json\/wp\/v2\/media?parent=3506"}],"wp:term":[{"taxonomy":"category","embeddable":true,"href":"https:\/\/educap.io\/en\/wp-json\/wp\/v2\/categories?post=3506"},{"taxonomy":"post_tag","embeddable":true,"href":"https:\/\/educap.io\/en\/wp-json\/wp\/v2\/tags?post=3506"}],"curies":[{"name":"wp","href":"https:\/\/api.w.org\/{rel}","templated":true}]}}