{"id":3445,"date":"2024-04-01T06:02:05","date_gmt":"2024-04-01T06:02:05","guid":{"rendered":"https:\/\/educap.io\/?p=3445"},"modified":"2024-04-12T19:34:48","modified_gmt":"2024-04-12T19:34:48","slug":"harcelement-a-lecole","status":"publish","type":"post","link":"https:\/\/educap.io\/en\/harcelement-a-lecole\/","title":{"rendered":"Harc\u00e8lement \u00e0 l&rsquo;\u00c9cole : Comment l&rsquo;\u00c9cole Peut G\u00e9rer"},"content":{"rendered":"<p>Le harc\u00e8lement \u00e0 l&rsquo;\u00e9cole est un probl\u00e8me grave qui peut avoir des cons\u00e9quences durables sur les victimes. Il est important que les \u00e9coles mettent en place des mesures pour pr\u00e9venir et g\u00e9rer le harc\u00e8lement.<br><\/p>\n\n\n\n<figure class=\"wp-block-image size-full\"><img fetchpriority=\"high\" decoding=\"async\" width=\"1024\" height=\"678\" src=\"https:\/\/educap.io\/wp-content\/uploads\/2024\/04\/Harcelement-scolaire.jpeg\" alt=\"harc\u00e8lement scolaire\" class=\"wp-image-3447\" srcset=\"https:\/\/educap.io\/wp-content\/uploads\/2024\/04\/Harcelement-scolaire.jpeg 1024w, https:\/\/educap.io\/wp-content\/uploads\/2024\/04\/Harcelement-scolaire-300x199.jpeg 300w, https:\/\/educap.io\/wp-content\/uploads\/2024\/04\/Harcelement-scolaire-768x509.jpeg 768w\" sizes=\"(max-width: 1024px) 100vw, 1024px\" \/><\/figure>\n\n\n\n<p><strong>Qu&rsquo;est-ce que le harc\u00e8lement \u00e0 l&rsquo;\u00e9cole ?<\/strong><\/p>\n\n\n\n<p>Le harc\u00e8lement \u00e0 l&rsquo;\u00e9cole est un ensemble de comportements r\u00e9p\u00e9t\u00e9s et intentionnels qui visent \u00e0 blesser, intimider ou humilier une autre personne. Il peut prendre diff\u00e9rentes formes, notamment :<\/p>\n\n\n\n<ul class=\"wp-block-list\">\n<li>Les violences physiques, telles que les coups, les bousculades, les intimidations, etc.<\/li>\n\n\n\n<li>Les violences verbales, telles que les insultes, les moqueries, les menaces, etc.<\/li>\n\n\n\n<li>Les violences psychologiques, telles que l&rsquo;isolement, le boycott, la diffusion de rumeurs, etc.<\/li>\n<\/ul>\n\n\n\n<p><strong>Les cons\u00e9quences du harc\u00e8lement \u00e0 l&rsquo;\u00e9cole<\/strong><\/p>\n\n\n\n<p>Comment l&rsquo;\u00e9cole peut g\u00e9rer le harc\u00e8lement<br>Les cons\u00e9quences du harc\u00e8lement \u00e0 l&rsquo;\u00e9cole peuvent \u00eatre graves, tant pour les victimes que pour les harceleurs. Les victimes peuvent souffrir de probl\u00e8mes psychologiques, tels que l&rsquo;anxi\u00e9t\u00e9,la d\u00e9pression, les troubles du sommeil, etc. Elles peuvent \u00e9galement avoir des difficult\u00e9s scolaires, voire abandonner l&rsquo;\u00e9cole.<\/p>\n\n\n\n<p>Les \u00e9coles ont un r\u00f4le important \u00e0 jouer dans la pr\u00e9vention et la gestion du harc\u00e8lement. Elles doivent mettre en place des mesures qui visent \u00e0 cr\u00e9er un climat scolaire positif et respectueux, et \u00e0 sensibiliser les \u00e9l\u00e8ves au harc\u00e8lement avec :<\/p>\n\n\n\n<p><strong>Une politique claire et des sanctions dissuasives<br><\/strong>Les \u00e9coles doivent mettre en place une politique claire contre le harc\u00e8lement qui interdit tous les types de harc\u00e8lement et pr\u00e9cise les sanctions en cas de violation. Cela envoie un message clair aux \u00e9l\u00e8ves que le harc\u00e8lement n&rsquo;est pas tol\u00e9r\u00e9 et que les harceleurs seront tenus responsables de leurs actes.<\/p>\n\n\n\n<p><strong>Une sensibilisation accrue<br><\/strong>Les \u00e9coles doivent sensibiliser les \u00e9l\u00e8ves au harc\u00e8lement, \u00e0 ses formes et \u00e0 ses cons\u00e9quences.<\/p>\n\n\n\n<p><strong>Une formation des personnels<br><\/strong>La formation est importante pour aider les personnels \u00e0 prot\u00e9ger les \u00e9l\u00e8ves du harc\u00e8lement.<\/p>\n\n\n\n<p><strong>Des outils de signalement accessibles<br><\/strong>Les \u00e9coles doivent mettre en place des outils de signalement accessibles aux \u00e9l\u00e8ves, tels qu\u2019une plateforme de suivi scolaire.<br>Cela permet aux \u00e9l\u00e8ves de signaler le harc\u00e8lement de mani\u00e8re confidentielle et s\u00e9curis\u00e9e.<\/p>\n\n\n\n<p><strong>Comment la plateforme de gestion de scolarit\u00e9 peut aider<\/strong><\/p>\n\n\n\n<p>La plateforme de gestion de scolarit\u00e9 peut aider les \u00e9coles \u00e0 g\u00e9rer le harc\u00e8lement de plusieurs mani\u00e8res. Elle peut :<\/p>\n\n\n\n<ul class=\"wp-block-list\">\n<li>Fournir un espace s\u00e9curis\u00e9 pour les \u00e9l\u00e8ves pour signaler le harc\u00e8lement.<\/li>\n\n\n\n<li>Permettre aux \u00e9coles de suivre les cas de harc\u00e8lement et de mettre en place des<\/li>\n\n\n\n<li>mesures correctives.<\/li>\n\n\n\n<li>Fournir aux \u00e9coles des ressources pour sensibiliser les \u00e9l\u00e8ves au harc\u00e8lement.<\/li>\n<\/ul>\n\n\n\n<p><\/p>","protected":false},"excerpt":{"rendered":"<p>Le harc\u00e8lement \u00e0 l&rsquo;\u00e9cole est un probl\u00e8me grave qui peut avoir des cons\u00e9quences durables sur les victimes. Il est important que les \u00e9coles mettent en place des mesures pour pr\u00e9venir et g\u00e9rer le harc\u00e8lement. Qu&rsquo;est-ce que le harc\u00e8lement \u00e0 l&rsquo;\u00e9cole ? Le harc\u00e8lement \u00e0 l&rsquo;\u00e9cole est un ensemble de comportements r\u00e9p\u00e9t\u00e9s et intentionnels qui visent [&hellip;]<\/p>","protected":false},"author":9,"featured_media":3447,"comment_status":"open","ping_status":"open","sticky":false,"template":"","format":"standard","meta":{"footnotes":"[]"},"categories":[1],"tags":[18,28],"class_list":["post-3445","post","type-post","status-publish","format-standard","has-post-thumbnail","hentry","category-blog","tag-etablissement-scolaire","tag-harcelement-scolaire"],"yoast_head":"<!-- This site is optimized with the Yoast SEO plugin v24.2 - https:\/\/yoast.com\/wordpress\/plugins\/seo\/ -->\n<title>Harc\u00e8lement \u00e0 l&#039;\u00c9cole : Comment l&#039;\u00c9cole Peut G\u00e9rer - Educap<\/title>\n<meta name=\"description\" content=\"Le harc\u00e8lement \u00e0 l&#039;\u00e9cole est un probl\u00e8me grave qui peut avoir des cons\u00e9quences durables sur lesvictimes. Il est important que les \u00e9coles mettent en place des mesures pour pr\u00e9venir et g\u00e9rer leharc\u00e8lement.\" \/>\n<meta name=\"robots\" content=\"index, follow, max-snippet:-1, max-image-preview:large, max-video-preview:-1\" \/>\n<link rel=\"canonical\" href=\"https:\/\/educap.io\/en\/harcelement-a-lecole\/\" \/>\n<meta property=\"og:locale\" content=\"en_US\" \/>\n<meta property=\"og:type\" content=\"article\" \/>\n<meta property=\"og:title\" content=\"Harc\u00e8lement \u00e0 l&#039;\u00c9cole : Comment l&#039;\u00c9cole Peut G\u00e9rer - Educap\" \/>\n<meta property=\"og:description\" content=\"Le harc\u00e8lement \u00e0 l&#039;\u00e9cole est un probl\u00e8me grave qui peut avoir des cons\u00e9quences durables sur lesvictimes. Il est important que les \u00e9coles mettent en place des mesures pour pr\u00e9venir et g\u00e9rer leharc\u00e8lement.\" \/>\n<meta property=\"og:url\" content=\"https:\/\/educap.io\/en\/harcelement-a-lecole\/\" \/>\n<meta property=\"og:site_name\" content=\"Educap\" \/>\n<meta property=\"article:publisher\" content=\"https:\/\/www.facebook.com\/educap.io\" \/>\n<meta property=\"article:published_time\" content=\"2024-04-01T06:02:05+00:00\" \/>\n<meta property=\"article:modified_time\" content=\"2024-04-12T19:34:48+00:00\" \/>\n<meta property=\"og:image\" content=\"https:\/\/educap.io\/wp-content\/uploads\/2024\/04\/Harcelement-scolaire.jpeg\" \/>\n\t<meta property=\"og:image:width\" content=\"1024\" \/>\n\t<meta property=\"og:image:height\" content=\"678\" \/>\n\t<meta property=\"og:image:type\" content=\"image\/jpeg\" \/>\n<meta name=\"author\" content=\"Julie CENTI\" \/>\n<meta name=\"twitter:card\" content=\"summary_large_image\" \/>\n<meta name=\"twitter:label1\" content=\"Written by\" \/>\n\t<meta name=\"twitter:data1\" content=\"Julie CENTI\" \/>\n\t<meta name=\"twitter:label2\" content=\"Est. reading time\" \/>\n\t<meta name=\"twitter:data2\" content=\"3 minutes\" \/>\n<script type=\"application\/ld+json\" class=\"yoast-schema-graph\">{\"@context\":\"https:\/\/schema.org\",\"@graph\":[{\"@type\":\"WebPage\",\"@id\":\"https:\/\/educap.io\/harcelement-a-lecole\/\",\"url\":\"https:\/\/educap.io\/harcelement-a-lecole\/\",\"name\":\"Harc\u00e8lement \u00e0 l'\u00c9cole : Comment l'\u00c9cole Peut G\u00e9rer - Educap\",\"isPartOf\":{\"@id\":\"https:\/\/educap.io\/#website\"},\"primaryImageOfPage\":{\"@id\":\"https:\/\/educap.io\/harcelement-a-lecole\/#primaryimage\"},\"image\":{\"@id\":\"https:\/\/educap.io\/harcelement-a-lecole\/#primaryimage\"},\"thumbnailUrl\":\"https:\/\/educap.io\/wp-content\/uploads\/2024\/04\/Harcelement-scolaire.jpeg\",\"datePublished\":\"2024-04-01T06:02:05+00:00\",\"dateModified\":\"2024-04-12T19:34:48+00:00\",\"author\":{\"@id\":\"https:\/\/educap.io\/#\/schema\/person\/4dffe41e9714c247c451c98157113d60\"},\"description\":\"Le harc\u00e8lement \u00e0 l'\u00e9cole est un probl\u00e8me grave qui peut avoir des cons\u00e9quences durables sur lesvictimes. Il est important que les \u00e9coles mettent en place des mesures pour pr\u00e9venir et g\u00e9rer leharc\u00e8lement.\",\"breadcrumb\":{\"@id\":\"https:\/\/educap.io\/harcelement-a-lecole\/#breadcrumb\"},\"inLanguage\":\"en-US\",\"potentialAction\":[{\"@type\":\"ReadAction\",\"target\":[\"https:\/\/educap.io\/harcelement-a-lecole\/\"]}]},{\"@type\":\"ImageObject\",\"inLanguage\":\"en-US\",\"@id\":\"https:\/\/educap.io\/harcelement-a-lecole\/#primaryimage\",\"url\":\"https:\/\/educap.io\/wp-content\/uploads\/2024\/04\/Harcelement-scolaire.jpeg\",\"contentUrl\":\"https:\/\/educap.io\/wp-content\/uploads\/2024\/04\/Harcelement-scolaire.jpeg\",\"width\":1024,\"height\":678,\"caption\":\"harc\u00e8lement scolaire\"},{\"@type\":\"BreadcrumbList\",\"@id\":\"https:\/\/educap.io\/harcelement-a-lecole\/#breadcrumb\",\"itemListElement\":[{\"@type\":\"ListItem\",\"position\":1,\"name\":\"Accueil\",\"item\":\"https:\/\/educap.io\/fr_fr\/\"},{\"@type\":\"ListItem\",\"position\":2,\"name\":\"Harc\u00e8lement \u00e0 l&rsquo;\u00c9cole : Comment l&rsquo;\u00c9cole Peut G\u00e9rer\"}]},{\"@type\":\"WebSite\",\"@id\":\"https:\/\/educap.io\/#website\",\"url\":\"https:\/\/educap.io\/\",\"name\":\"Educap\",\"description\":\"\",\"potentialAction\":[{\"@type\":\"SearchAction\",\"target\":{\"@type\":\"EntryPoint\",\"urlTemplate\":\"https:\/\/educap.io\/?s={search_term_string}\"},\"query-input\":{\"@type\":\"PropertyValueSpecification\",\"valueRequired\":true,\"valueName\":\"search_term_string\"}}],\"inLanguage\":\"en-US\"},{\"@type\":\"Person\",\"@id\":\"https:\/\/educap.io\/#\/schema\/person\/4dffe41e9714c247c451c98157113d60\",\"name\":\"Julie CENTI\",\"image\":{\"@type\":\"ImageObject\",\"inLanguage\":\"en-US\",\"@id\":\"https:\/\/educap.io\/#\/schema\/person\/image\/\",\"url\":\"https:\/\/secure.gravatar.com\/avatar\/f6ee0f918680eebf0bf9c06fdceae83423496df35825a3bb0ef85fc06548d5a1?s=96&d=mm&r=g\",\"contentUrl\":\"https:\/\/secure.gravatar.com\/avatar\/f6ee0f918680eebf0bf9c06fdceae83423496df35825a3bb0ef85fc06548d5a1?s=96&d=mm&r=g\",\"caption\":\"Julie CENTI\"},\"url\":\"https:\/\/educap.io\/en\/author\/emna-benfraj\/\"}]}<\/script>\n<!-- \/ Yoast SEO plugin. -->","yoast_head_json":{"title":"Harc\u00e8lement \u00e0 l'\u00c9cole : Comment l'\u00c9cole Peut G\u00e9rer - Educap","description":"Le harc\u00e8lement \u00e0 l'\u00e9cole est un probl\u00e8me grave qui peut avoir des cons\u00e9quences durables sur lesvictimes. Il est important que les \u00e9coles mettent en place des mesures pour pr\u00e9venir et g\u00e9rer leharc\u00e8lement.","robots":{"index":"index","follow":"follow","max-snippet":"max-snippet:-1","max-image-preview":"max-image-preview:large","max-video-preview":"max-video-preview:-1"},"canonical":"https:\/\/educap.io\/en\/harcelement-a-lecole\/","og_locale":"en_US","og_type":"article","og_title":"Harc\u00e8lement \u00e0 l'\u00c9cole : Comment l'\u00c9cole Peut G\u00e9rer - Educap","og_description":"Le harc\u00e8lement \u00e0 l'\u00e9cole est un probl\u00e8me grave qui peut avoir des cons\u00e9quences durables sur lesvictimes. Il est important que les \u00e9coles mettent en place des mesures pour pr\u00e9venir et g\u00e9rer leharc\u00e8lement.","og_url":"https:\/\/educap.io\/en\/harcelement-a-lecole\/","og_site_name":"Educap","article_publisher":"https:\/\/www.facebook.com\/educap.io","article_published_time":"2024-04-01T06:02:05+00:00","article_modified_time":"2024-04-12T19:34:48+00:00","og_image":[{"width":1024,"height":678,"url":"https:\/\/educap.io\/wp-content\/uploads\/2024\/04\/Harcelement-scolaire.jpeg","type":"image\/jpeg"}],"author":"Julie CENTI","twitter_card":"summary_large_image","twitter_misc":{"Written by":"Julie CENTI","Est. reading time":"3 minutes"},"schema":{"@context":"https:\/\/schema.org","@graph":[{"@type":"WebPage","@id":"https:\/\/educap.io\/harcelement-a-lecole\/","url":"https:\/\/educap.io\/harcelement-a-lecole\/","name":"Harc\u00e8lement \u00e0 l'\u00c9cole : Comment l'\u00c9cole Peut G\u00e9rer - Educap","isPartOf":{"@id":"https:\/\/educap.io\/#website"},"primaryImageOfPage":{"@id":"https:\/\/educap.io\/harcelement-a-lecole\/#primaryimage"},"image":{"@id":"https:\/\/educap.io\/harcelement-a-lecole\/#primaryimage"},"thumbnailUrl":"https:\/\/educap.io\/wp-content\/uploads\/2024\/04\/Harcelement-scolaire.jpeg","datePublished":"2024-04-01T06:02:05+00:00","dateModified":"2024-04-12T19:34:48+00:00","author":{"@id":"https:\/\/educap.io\/#\/schema\/person\/4dffe41e9714c247c451c98157113d60"},"description":"Le harc\u00e8lement \u00e0 l'\u00e9cole est un probl\u00e8me grave qui peut avoir des cons\u00e9quences durables sur lesvictimes. Il est important que les \u00e9coles mettent en place des mesures pour pr\u00e9venir et g\u00e9rer leharc\u00e8lement.","breadcrumb":{"@id":"https:\/\/educap.io\/harcelement-a-lecole\/#breadcrumb"},"inLanguage":"en-US","potentialAction":[{"@type":"ReadAction","target":["https:\/\/educap.io\/harcelement-a-lecole\/"]}]},{"@type":"ImageObject","inLanguage":"en-US","@id":"https:\/\/educap.io\/harcelement-a-lecole\/#primaryimage","url":"https:\/\/educap.io\/wp-content\/uploads\/2024\/04\/Harcelement-scolaire.jpeg","contentUrl":"https:\/\/educap.io\/wp-content\/uploads\/2024\/04\/Harcelement-scolaire.jpeg","width":1024,"height":678,"caption":"harc\u00e8lement scolaire"},{"@type":"BreadcrumbList","@id":"https:\/\/educap.io\/harcelement-a-lecole\/#breadcrumb","itemListElement":[{"@type":"ListItem","position":1,"name":"Accueil","item":"https:\/\/educap.io\/fr_fr\/"},{"@type":"ListItem","position":2,"name":"Harc\u00e8lement \u00e0 l&rsquo;\u00c9cole : Comment l&rsquo;\u00c9cole Peut G\u00e9rer"}]},{"@type":"WebSite","@id":"https:\/\/educap.io\/#website","url":"https:\/\/educap.io\/","name":"Educap","description":"","potentialAction":[{"@type":"SearchAction","target":{"@type":"EntryPoint","urlTemplate":"https:\/\/educap.io\/?s={search_term_string}"},"query-input":{"@type":"PropertyValueSpecification","valueRequired":true,"valueName":"search_term_string"}}],"inLanguage":"en-US"},{"@type":"Person","@id":"https:\/\/educap.io\/#\/schema\/person\/4dffe41e9714c247c451c98157113d60","name":"Julie CENTI","image":{"@type":"ImageObject","inLanguage":"en-US","@id":"https:\/\/educap.io\/#\/schema\/person\/image\/","url":"https:\/\/secure.gravatar.com\/avatar\/f6ee0f918680eebf0bf9c06fdceae83423496df35825a3bb0ef85fc06548d5a1?s=96&d=mm&r=g","contentUrl":"https:\/\/secure.gravatar.com\/avatar\/f6ee0f918680eebf0bf9c06fdceae83423496df35825a3bb0ef85fc06548d5a1?s=96&d=mm&r=g","caption":"Julie CENTI"},"url":"https:\/\/educap.io\/en\/author\/emna-benfraj\/"}]}},"_links":{"self":[{"href":"https:\/\/educap.io\/en\/wp-json\/wp\/v2\/posts\/3445","targetHints":{"allow":["GET"]}}],"collection":[{"href":"https:\/\/educap.io\/en\/wp-json\/wp\/v2\/posts"}],"about":[{"href":"https:\/\/educap.io\/en\/wp-json\/wp\/v2\/types\/post"}],"author":[{"embeddable":true,"href":"https:\/\/educap.io\/en\/wp-json\/wp\/v2\/users\/9"}],"replies":[{"embeddable":true,"href":"https:\/\/educap.io\/en\/wp-json\/wp\/v2\/comments?post=3445"}],"version-history":[{"count":17,"href":"https:\/\/educap.io\/en\/wp-json\/wp\/v2\/posts\/3445\/revisions"}],"predecessor-version":[{"id":3522,"href":"https:\/\/educap.io\/en\/wp-json\/wp\/v2\/posts\/3445\/revisions\/3522"}],"wp:featuredmedia":[{"embeddable":true,"href":"https:\/\/educap.io\/en\/wp-json\/wp\/v2\/media\/3447"}],"wp:attachment":[{"href":"https:\/\/educap.io\/en\/wp-json\/wp\/v2\/media?parent=3445"}],"wp:term":[{"taxonomy":"category","embeddable":true,"href":"https:\/\/educap.io\/en\/wp-json\/wp\/v2\/categories?post=3445"},{"taxonomy":"post_tag","embeddable":true,"href":"https:\/\/educap.io\/en\/wp-json\/wp\/v2\/tags?post=3445"}],"curies":[{"name":"wp","href":"https:\/\/api.w.org\/{rel}","templated":true}]}}