{"id":2895,"date":"2024-02-14T10:00:00","date_gmt":"2024-02-14T10:00:00","guid":{"rendered":"https:\/\/educap.io\/?p=2895"},"modified":"2024-02-07T11:11:44","modified_gmt":"2024-02-07T11:11:44","slug":"conflit-comment-gerer-les-situations-de-conflit-en-communiquant","status":"publish","type":"post","link":"https:\/\/educap.io\/en\/conflit-comment-gerer-les-situations-de-conflit-en-communiquant\/","title":{"rendered":"G\u00e9rer les situations de conflit : Conseils pour une communication apais\u00e9e"},"content":{"rendered":"<p>Les conflits font partie int\u00e9grante de la vie, qu&rsquo;ils surviennent dans le cadre professionnel ou personnel. La mani\u00e8re dont nous g\u00e9rons ces situations peut avoir un impact significatif sur nos relations et notre bien-\u00eatre g\u00e9n\u00e9ral. Cet article explore en profondeur des conseils pratiques pour une communication apais\u00e9e dans la gestion de conflit.<\/p>\n\n\n\n<h2 class=\"wp-block-heading\"><strong>Comprendre le conflit<\/strong><\/h2>\n\n\n\n<h3 class=\"wp-block-heading\">D\u00e9finir le conflit en communication<\/h3>\n\n\n\n<p>Un conflit en communication se manifeste comme un d\u00e9saccord ou une disharmonie entre les parties engag\u00e9es. Il s&rsquo;agit d&rsquo;un \u00e9tat o\u00f9 les opinions divergent, les int\u00e9r\u00eats entrent en collision, et la compr\u00e9hension mutuelle est compromise. La r\u00e9solution de ces d\u00e9saccords repose sur une compr\u00e9hension approfondie de ce qu&rsquo;est r\u00e9ellement le conflit.<\/p>\n\n\n\n<p>Comprendre le conflit dans une perspective de communication implique de reconna\u00eetre que ce n&rsquo;est pas simplement un diff\u00e9rend, mais un ensemble complexe de malentendus, de perceptions divergentes, et parfois m\u00eame de besoins non satisfaits. En d\u00e9finissant clairement le conflit, on peut poser les bases d&rsquo;une r\u00e9solution qui va au-del\u00e0 de la simple gestion des sympt\u00f4mes pour s&rsquo;attaquer aux racines sous-jacentes.<\/p>\n\n\n\n<h3 class=\"wp-block-heading\"><strong>Types de conflits<\/strong><\/h3>\n\n\n\n<h3 class=\"wp-block-heading\">Conflits intrapersonnels<\/h3>\n\n\n\n<p>Les conflits intrapersonnels se d\u00e9roulent \u00e0 l&rsquo;int\u00e9rieur d&rsquo;une personne. Ce sont souvent des luttes int\u00e9rieures entre des valeurs, des aspirations, ou des \u00e9motions contradictoires. Par exemple, une personne peut ressentir un conflit intrapersonnel entre l&rsquo;ambition professionnelle et le d\u00e9sir de passer du temps avec la famille. Identifier ces conflits internes est crucial, car ils peuvent influencer la mani\u00e8re dont une personne communique et interagit avec les autres.<\/p>\n\n\n\n<h3 class=\"wp-block-heading\">Conflits interpersonnels<\/h3>\n\n\n\n<p>Les conflits interpersonnels surgissent entre deux individus. Ils peuvent d\u00e9couler de malentendus, d&rsquo;attentes non exprim\u00e9es, ou de diff\u00e9rences fondamentales de personnalit\u00e9. Adopter une approche empathique dans la r\u00e9solution de ces conflits est essentiel. Cela implique la reconnaissance des \u00e9motions et des perspectives de l&rsquo;autre partie, jetant ainsi les bases d&rsquo;une communication plus harmonieuse.<\/p>\n\n\n\n<h3 class=\"wp-block-heading\">Conflits inter-groupes<\/h3>\n\n\n\n<p>Les conflits inter-groupes se manifestent entre des ensembles plus importants de personnes, souvent dans des contextes professionnels, sociaux ou culturels. Comprendre les dynamiques de groupe, les normes culturelles, et les diff\u00e9rences d&rsquo;opinions est essentiel pour aborder ces conflits de mani\u00e8re strat\u00e9gique. La r\u00e9solution r\u00e9ussie de conflits inter-groupes n\u00e9cessite souvent des approches qui vont au-del\u00e0 de la simple communication individuelle pour prendre en compte les dynamiques complexes entre les diff\u00e9rentes parties.<\/p>\n\n\n\n<h2 class=\"wp-block-heading\"><strong>La psychologie du conflit<\/strong><\/h2>\n\n\n\n<h3 class=\"wp-block-heading\">Dynamiques \u00e9motionnelles dans le conflit<\/h3>\n\n\n\n<p>Les conflits sont des \u00e9v\u00e9nements \u00e9motionnellement charg\u00e9s qui \u00e9veillent souvent des sentiments intenses. Comprendre les dynamiques \u00e9motionnelles dans le conflit est essentiel pour une gestion efficace de ces situations.<\/p>\n\n\n\n<p>Dans un conflit, les \u00e9motions telles que la col\u00e8re, la frustration, la tristesse et m\u00eame la peur peuvent surgir. Il est crucial de reconna\u00eetre ces \u00e9motions, tant chez soi que chez les autres, afin de cr\u00e9er un espace o\u00f9 elles peuvent \u00eatre exprim\u00e9es de mani\u00e8re constructive. La gestion \u00e9motionnelle implique non seulement de ma\u00eetriser ses propres \u00e9motions, mais aussi de reconna\u00eetre et de respecter celles des autres parties impliqu\u00e9es.<\/p>\n\n\n\n<p>La communication apais\u00e9e n\u00e9cessite une empathie \u00e9motionnelle, c&rsquo;est-\u00e0-dire la capacit\u00e9 de comprendre et de partager les \u00e9motions des autres. En reconnaissant les sentiments sous-jacents, il devient possible de naviguer dans le conflit de mani\u00e8re plus empathique et respectueuse.<\/p>\n\n\n\n<h3 class=\"wp-block-heading\">Impact sur les processus cognitifs<\/h3>\n\n\n\n<p>Les conflits exercent une influence significative sur nos processus cognitifs, fa\u00e7onnant la mani\u00e8re dont nous percevons et traitons l&rsquo;information. Lorsque des tensions surgissent, il est courant que la pens\u00e9e devienne biais\u00e9e, laissant place \u00e0 des interpr\u00e9tations subjectives.<\/p>\n\n\n\n<p>La prise de conscience de ces influences cognitives est cruciale pour maintenir une communication claire et objective. Identifier les distorsions cognitives, telles que le jugement rapide ou la g\u00e9n\u00e9ralisation excessive, permet d&rsquo;adopter une approche plus r\u00e9fl\u00e9chie dans la r\u00e9solution des conflits. En comprenant comment le conflit peut alt\u00e9rer notre pens\u00e9e, nous sommes mieux \u00e9quip\u00e9s pour prendre des d\u00e9cisions \u00e9clair\u00e9es et favoriser une communication ouverte.<\/p>\n\n\n\n<h3 class=\"wp-block-heading\">R\u00e9ponses comportementales au conflit<\/h3>\n\n\n\n<p>Comprendre nos r\u00e9ponses comportementales face au conflit est une \u00e9tape fondamentale pour une gestion proactive de ces situations. Les individus r\u00e9agissent de diff\u00e9rentes mani\u00e8res : certains peuvent adopter une approche assertive, d&rsquo;autres peuvent choisir l&rsquo;\u00e9vitement, tandis que d&rsquo;autres encore peuvent r\u00e9agir de mani\u00e8re plus agressive.<\/p>\n\n\n\n<h2 class=\"wp-block-heading\"><strong>Causes courantes de conflit<\/strong><\/h2>\n\n\n\n<h3 class=\"wp-block-heading\">M\u00e9sentente<\/h3>\n\n\n\n<p>La m\u00e9sentente, souvent pr\u00e9sente \u00e0 la racine des conflits, est le r\u00e9sultat d&rsquo;une compr\u00e9hension incorrecte ou d&rsquo;une interpr\u00e9tation erron\u00e9e entre les parties impliqu\u00e9es. Dans un monde dans lequel la communication est omnipr\u00e9sente, mais parfois complexe, il est fr\u00e9quent que des malentendus surviennent.<\/p>\n\n\n\n<p>La m\u00e9sentente peut d\u00e9couler de divers facteurs, tels que des diff\u00e9rences culturelles, des interpr\u00e9tations subjectives, ou m\u00eame des barri\u00e8res linguistiques. Identifier ces probl\u00e8mes de communication demande une r\u00e9flexion approfondie et une volont\u00e9 de clarifier les malentendus.<\/p>\n\n\n\n<p>La gestion efficace de la m\u00e9sentente n\u00e9cessite une communication ouverte et la volont\u00e9 d&rsquo;explorer les diff\u00e9rences de compr\u00e9hension. Cela peut impliquer de poser des questions de clarification, de reformuler des points de vue, ou de demander des \u00e9claircissements pour garantir une compr\u00e9hension mutuelle.<\/p>\n\n\n\n<h3 class=\"wp-block-heading\">Diff\u00e9rences de perspectives<\/h3>\n\n\n\n<p>Les divergences de perspectives repr\u00e9sentent une source fr\u00e9quente de conflits. Chaque individu a une mani\u00e8re unique de voir le monde, bas\u00e9e sur son \u00e9ducation, ses exp\u00e9riences et ses valeurs. Ces diff\u00e9rences peuvent conduire \u00e0 des malentendus, \u00e0 des jugements h\u00e2tifs, voire \u00e0 des conflits ouverts.<\/p>\n\n\n\n<p>Reconna\u00eetre et respecter ces diff\u00e9rences de perspectives est essentiel pour une communication harmonieuse. Cela n\u00e9cessite une ouverture d&rsquo;esprit et une disposition \u00e0 accepter que d&rsquo;autres puissent avoir des opinions diff\u00e9rentes. Plut\u00f4t que de consid\u00e9rer ces divergences comme des obstacles, les voir comme des opportunit\u00e9s d&rsquo;enrichir la compr\u00e9hension mutuelle peut transformer un conflit potentiel en une occasion de croissance.<\/p>\n\n\n\n<p>La communication harmonieuse face aux diff\u00e9rences de perspectives implique \u00e9galement la capacit\u00e9 d&rsquo;\u00e9couter activement. En comprenant les points de vue des autres de mani\u00e8re empathique, il devient possible de trouver des points communs et des solutions qui prennent en compte la diversit\u00e9 des perspectives.<\/p>\n\n\n\n<p><\/p>\n\n\n\n<h2 class=\"wp-block-heading\"><strong>Le r\u00f4le de l&rsquo;\u00e9coute active<\/strong><\/h2>\n\n\n\n<h3 class=\"wp-block-heading\">Importance de l&rsquo;\u00e9coute dans la r\u00e9solution des conflits<\/h3>\n\n\n\n<p>L&rsquo;\u00e9coute active se positionne comme un pilier fondamental dans la r\u00e9solution des conflits. Comprendre l&rsquo;importance de cette comp\u00e9tence est non seulement essentiel, mais aussi transformateur pour instaurer une communication efficace.<\/p>\n\n\n\n<p>Lors d&rsquo;un conflit, chaque partie impliqu\u00e9e souhaite \u00eatre entendue, comprise et reconnue.  Ainsi l&rsquo;\u00e9coute active va au-del\u00e0 de la simple audition des mots. Elle englobe la compr\u00e9hension profonde des \u00e9motions, des besoins et des points de vue de l&rsquo;autre partie. En \u00e9tablissant une connexion \u00e9motionnelle par le biais de l&rsquo;\u00e9coute, on cr\u00e9e un terrain fertile pour la r\u00e9solution constructive des conflits.<\/p>\n\n\n\n<h3 class=\"wp-block-heading\"><strong>Techniques d&rsquo;\u00e9coute active<\/strong><\/h3>\n\n\n\n<h3 class=\"wp-block-heading\">\u00c9coute r\u00e9fl\u00e9chie<\/h3>\n\n\n\n<p>L&rsquo;\u00e9coute r\u00e9fl\u00e9chie implique de refl\u00e9ter les sentiments et les pens\u00e9es de l&rsquo;autre partie de mani\u00e8re pr\u00e9cise. Cela d\u00e9montre une compr\u00e9hension profonde et montre \u00e0 l&rsquo;autre que ses paroles sont non seulement entendues, mais aussi pleinement comprises. Par exemple, en disant \u00ab\u00a0Si je comprends bien, tu te sens\u2026\u00a0\u00bb on donne \u00e0 l&rsquo;autre la possibilit\u00e9 de confirmer ou de clarifier ses sentiments.<\/p>\n\n\n\n<h3 class=\"wp-block-heading\">Questions clarificatrices<\/h3>\n\n\n\n<p>Poser des questions pour clarifier les points flous est une technique cruciale de l&rsquo;\u00e9coute active. Souvent, les malentendus naissent de pr\u00e9somptions incorrectes. Poser des questions ouvertes et ax\u00e9es sur la compr\u00e9hension permet d&rsquo;\u00e9viter ces malentendus et de progresser vers une r\u00e9solution plus pr\u00e9cise. Par exemple, demander \u00ab\u00a0Peux-tu m&rsquo;expliquer plus en d\u00e9tail ce que tu veux dire par&#8230;\u00a0\u00bb offre une opportunit\u00e9 d&rsquo;obtenir des clarifications directes.<\/p>\n\n\n\n<h3 class=\"wp-block-heading\">R\u00e9ponses empathiques<\/h3>\n\n\n\n<p>Exprimer de l&#8217;empathie en reconnaissant ouvertement les \u00e9motions de l&rsquo;autre partie cr\u00e9e un climat positif pour la r\u00e9solution des conflits. Cela va au-del\u00e0 de simplement comprendre ; c&rsquo;est partager \u00e9motionnellement les sentiments de l&rsquo;autre. Par exemple, dire \u00ab\u00a0Je peux imaginer que cela doit \u00eatre difficile pour toi\u00a0\u00bb montre une compr\u00e9hension profonde et encourage une atmosph\u00e8re propice \u00e0 la r\u00e9solution.<\/p>\n\n\n\n<p>Les conflits, qu&rsquo;ils \u00e9mergent au travail ou dans la vie personnelle, sont in\u00e9vitables. Cependant, la fa\u00e7on dont nous les abordons peut d\u00e9finir nos relations et notre bien-\u00eatre. Cet article explore des conseils pratiques pour favoriser une communication apais\u00e9e dans la gestion des conflits.<\/p>\n\n\n\n<p>La compr\u00e9hension du conflit, des types intrapersonnels aux inter-groupes, est la cl\u00e9 d&rsquo;une r\u00e9solution r\u00e9ussie. La psychologie du conflit souligne l&rsquo;importance de la gestion \u00e9motionnelle, de la conscience cognitive, et de r\u00e9ponses comportementales constructives.<\/p>\n\n\n\n<p>La m\u00e9sentente et les divergences de perspectives sont des causes communes de conflit, n\u00e9cessitant une communication ouverte et empathique. En transformant la m\u00e9sentente en compr\u00e9hension et en voyant les divergences comme des opportunit\u00e9s, on cr\u00e9e des bases solides.<\/p>","protected":false},"excerpt":{"rendered":"<p>Les conflits font partie int\u00e9grante de la vie, qu&rsquo;ils surviennent dans le cadre professionnel ou personnel. La mani\u00e8re dont nous g\u00e9rons ces situations peut avoir un impact significatif sur nos relations et notre bien-\u00eatre g\u00e9n\u00e9ral. Cet article explore en profondeur des conseils pratiques pour une communication apais\u00e9e dans la gestion de conflit. Comprendre le conflit [&hellip;]<\/p>","protected":false},"author":3,"featured_media":2901,"comment_status":"open","ping_status":"open","sticky":false,"template":"","format":"standard","meta":{"footnotes":""},"categories":[1],"tags":[19,98,85,23,13],"class_list":["post-2895","post","type-post","status-publish","format-standard","has-post-thumbnail","hentry","category-blog","tag-communication","tag-conflits","tag-ecole","tag-eleve","tag-gestion-scolaire"],"yoast_head":"<!-- This site is optimized with the Yoast SEO plugin v24.2 - https:\/\/yoast.com\/wordpress\/plugins\/seo\/ -->\n<title>Conflit : Comment g\u00e9rer les situations de conflit en communiquant ?<\/title>\n<meta name=\"description\" content=\"D\u00e9couvrez des conseils pratiques pour favoriser une communication apais\u00e9e dans la gestion des conflits \u00e0 l&#039;\u00e9cole.\" \/>\n<meta name=\"robots\" content=\"index, follow, max-snippet:-1, max-image-preview:large, max-video-preview:-1\" \/>\n<link rel=\"canonical\" href=\"https:\/\/educap.io\/en\/conflit-comment-gerer-les-situations-de-conflit-en-communiquant\/\" \/>\n<meta property=\"og:locale\" content=\"en_US\" \/>\n<meta property=\"og:type\" content=\"article\" \/>\n<meta property=\"og:title\" content=\"Conflit : Comment g\u00e9rer les situations de conflit en communiquant ?\" \/>\n<meta property=\"og:description\" content=\"D\u00e9couvrez des conseils pratiques pour favoriser une communication apais\u00e9e dans la gestion des conflits \u00e0 l&#039;\u00e9cole.\" \/>\n<meta property=\"og:url\" content=\"https:\/\/educap.io\/en\/conflit-comment-gerer-les-situations-de-conflit-en-communiquant\/\" \/>\n<meta property=\"og:site_name\" content=\"Educap\" \/>\n<meta property=\"article:publisher\" content=\"https:\/\/www.facebook.com\/educap.io\" \/>\n<meta property=\"article:published_time\" content=\"2024-02-14T10:00:00+00:00\" \/>\n<meta property=\"article:modified_time\" content=\"2024-02-07T11:11:44+00:00\" \/>\n<meta property=\"og:image\" content=\"https:\/\/educap.io\/wp-content\/uploads\/2024\/02\/Blog-Educap-1-1.png\" \/>\n\t<meta property=\"og:image:width\" content=\"1366\" \/>\n\t<meta property=\"og:image:height\" content=\"768\" \/>\n\t<meta property=\"og:image:type\" content=\"image\/png\" \/>\n<meta name=\"author\" content=\"Julie CENTI\" \/>\n<meta name=\"twitter:card\" content=\"summary_large_image\" \/>\n<meta name=\"twitter:label1\" content=\"Written by\" \/>\n\t<meta name=\"twitter:data1\" content=\"Julie CENTI\" \/>\n\t<meta name=\"twitter:label2\" content=\"Est. reading time\" \/>\n\t<meta name=\"twitter:data2\" content=\"8 minutes\" \/>\n<script type=\"application\/ld+json\" class=\"yoast-schema-graph\">{\"@context\":\"https:\/\/schema.org\",\"@graph\":[{\"@type\":\"WebPage\",\"@id\":\"https:\/\/educap.io\/conflit-comment-gerer-les-situations-de-conflit-en-communiquant\/\",\"url\":\"https:\/\/educap.io\/conflit-comment-gerer-les-situations-de-conflit-en-communiquant\/\",\"name\":\"Conflit : Comment g\u00e9rer les situations de conflit en communiquant ?\",\"isPartOf\":{\"@id\":\"https:\/\/educap.io\/#website\"},\"primaryImageOfPage\":{\"@id\":\"https:\/\/educap.io\/conflit-comment-gerer-les-situations-de-conflit-en-communiquant\/#primaryimage\"},\"image\":{\"@id\":\"https:\/\/educap.io\/conflit-comment-gerer-les-situations-de-conflit-en-communiquant\/#primaryimage\"},\"thumbnailUrl\":\"https:\/\/educap.io\/wp-content\/uploads\/2024\/02\/Blog-Educap-1-1.png\",\"datePublished\":\"2024-02-14T10:00:00+00:00\",\"dateModified\":\"2024-02-07T11:11:44+00:00\",\"author\":{\"@id\":\"https:\/\/educap.io\/#\/schema\/person\/af1d7ee1c5a45e1e89d8f75d7e92c114\"},\"description\":\"D\u00e9couvrez des conseils pratiques pour favoriser une communication apais\u00e9e dans la gestion des conflits \u00e0 l'\u00e9cole.\",\"breadcrumb\":{\"@id\":\"https:\/\/educap.io\/conflit-comment-gerer-les-situations-de-conflit-en-communiquant\/#breadcrumb\"},\"inLanguage\":\"en-US\",\"potentialAction\":[{\"@type\":\"ReadAction\",\"target\":[\"https:\/\/educap.io\/conflit-comment-gerer-les-situations-de-conflit-en-communiquant\/\"]}]},{\"@type\":\"ImageObject\",\"inLanguage\":\"en-US\",\"@id\":\"https:\/\/educap.io\/conflit-comment-gerer-les-situations-de-conflit-en-communiquant\/#primaryimage\",\"url\":\"https:\/\/educap.io\/wp-content\/uploads\/2024\/02\/Blog-Educap-1-1.png\",\"contentUrl\":\"https:\/\/educap.io\/wp-content\/uploads\/2024\/02\/Blog-Educap-1-1.png\",\"width\":1366,\"height\":768,\"caption\":\"G\u00e9rer les situations de conflit : Conseils pour une communication apais\u00e9e\"},{\"@type\":\"BreadcrumbList\",\"@id\":\"https:\/\/educap.io\/conflit-comment-gerer-les-situations-de-conflit-en-communiquant\/#breadcrumb\",\"itemListElement\":[{\"@type\":\"ListItem\",\"position\":1,\"name\":\"Accueil\",\"item\":\"https:\/\/educap.io\/fr_fr\/\"},{\"@type\":\"ListItem\",\"position\":2,\"name\":\"G\u00e9rer les situations de conflit : Conseils pour une communication apais\u00e9e\"}]},{\"@type\":\"WebSite\",\"@id\":\"https:\/\/educap.io\/#website\",\"url\":\"https:\/\/educap.io\/\",\"name\":\"Educap\",\"description\":\"\",\"potentialAction\":[{\"@type\":\"SearchAction\",\"target\":{\"@type\":\"EntryPoint\",\"urlTemplate\":\"https:\/\/educap.io\/?s={search_term_string}\"},\"query-input\":{\"@type\":\"PropertyValueSpecification\",\"valueRequired\":true,\"valueName\":\"search_term_string\"}}],\"inLanguage\":\"en-US\"},{\"@type\":\"Person\",\"@id\":\"https:\/\/educap.io\/#\/schema\/person\/af1d7ee1c5a45e1e89d8f75d7e92c114\",\"name\":\"Julie CENTI\",\"image\":{\"@type\":\"ImageObject\",\"inLanguage\":\"en-US\",\"@id\":\"https:\/\/educap.io\/#\/schema\/person\/image\/\",\"url\":\"https:\/\/secure.gravatar.com\/avatar\/004044df9ff916f2557184884b7bfa29ede68f0506217a17a729109cd76ee8af?s=96&d=mm&r=g\",\"contentUrl\":\"https:\/\/secure.gravatar.com\/avatar\/004044df9ff916f2557184884b7bfa29ede68f0506217a17a729109cd76ee8af?s=96&d=mm&r=g\",\"caption\":\"Julie CENTI\"},\"sameAs\":[\"https:\/\/educap.io\/\"],\"url\":\"https:\/\/educap.io\/en\/author\/emna-chacha\/\"}]}<\/script>\n<!-- \/ Yoast SEO plugin. -->","yoast_head_json":{"title":"Conflit : Comment g\u00e9rer les situations de conflit en communiquant ?","description":"D\u00e9couvrez des conseils pratiques pour favoriser une communication apais\u00e9e dans la gestion des conflits \u00e0 l'\u00e9cole.","robots":{"index":"index","follow":"follow","max-snippet":"max-snippet:-1","max-image-preview":"max-image-preview:large","max-video-preview":"max-video-preview:-1"},"canonical":"https:\/\/educap.io\/en\/conflit-comment-gerer-les-situations-de-conflit-en-communiquant\/","og_locale":"en_US","og_type":"article","og_title":"Conflit : Comment g\u00e9rer les situations de conflit en communiquant ?","og_description":"D\u00e9couvrez des conseils pratiques pour favoriser une communication apais\u00e9e dans la gestion des conflits \u00e0 l'\u00e9cole.","og_url":"https:\/\/educap.io\/en\/conflit-comment-gerer-les-situations-de-conflit-en-communiquant\/","og_site_name":"Educap","article_publisher":"https:\/\/www.facebook.com\/educap.io","article_published_time":"2024-02-14T10:00:00+00:00","article_modified_time":"2024-02-07T11:11:44+00:00","og_image":[{"width":1366,"height":768,"url":"https:\/\/educap.io\/wp-content\/uploads\/2024\/02\/Blog-Educap-1-1.png","type":"image\/png"}],"author":"Julie CENTI","twitter_card":"summary_large_image","twitter_misc":{"Written by":"Julie CENTI","Est. reading time":"8 minutes"},"schema":{"@context":"https:\/\/schema.org","@graph":[{"@type":"WebPage","@id":"https:\/\/educap.io\/conflit-comment-gerer-les-situations-de-conflit-en-communiquant\/","url":"https:\/\/educap.io\/conflit-comment-gerer-les-situations-de-conflit-en-communiquant\/","name":"Conflit : Comment g\u00e9rer les situations de conflit en communiquant ?","isPartOf":{"@id":"https:\/\/educap.io\/#website"},"primaryImageOfPage":{"@id":"https:\/\/educap.io\/conflit-comment-gerer-les-situations-de-conflit-en-communiquant\/#primaryimage"},"image":{"@id":"https:\/\/educap.io\/conflit-comment-gerer-les-situations-de-conflit-en-communiquant\/#primaryimage"},"thumbnailUrl":"https:\/\/educap.io\/wp-content\/uploads\/2024\/02\/Blog-Educap-1-1.png","datePublished":"2024-02-14T10:00:00+00:00","dateModified":"2024-02-07T11:11:44+00:00","author":{"@id":"https:\/\/educap.io\/#\/schema\/person\/af1d7ee1c5a45e1e89d8f75d7e92c114"},"description":"D\u00e9couvrez des conseils pratiques pour favoriser une communication apais\u00e9e dans la gestion des conflits \u00e0 l'\u00e9cole.","breadcrumb":{"@id":"https:\/\/educap.io\/conflit-comment-gerer-les-situations-de-conflit-en-communiquant\/#breadcrumb"},"inLanguage":"en-US","potentialAction":[{"@type":"ReadAction","target":["https:\/\/educap.io\/conflit-comment-gerer-les-situations-de-conflit-en-communiquant\/"]}]},{"@type":"ImageObject","inLanguage":"en-US","@id":"https:\/\/educap.io\/conflit-comment-gerer-les-situations-de-conflit-en-communiquant\/#primaryimage","url":"https:\/\/educap.io\/wp-content\/uploads\/2024\/02\/Blog-Educap-1-1.png","contentUrl":"https:\/\/educap.io\/wp-content\/uploads\/2024\/02\/Blog-Educap-1-1.png","width":1366,"height":768,"caption":"G\u00e9rer les situations de conflit : Conseils pour une communication apais\u00e9e"},{"@type":"BreadcrumbList","@id":"https:\/\/educap.io\/conflit-comment-gerer-les-situations-de-conflit-en-communiquant\/#breadcrumb","itemListElement":[{"@type":"ListItem","position":1,"name":"Accueil","item":"https:\/\/educap.io\/fr_fr\/"},{"@type":"ListItem","position":2,"name":"G\u00e9rer les situations de conflit : Conseils pour une communication apais\u00e9e"}]},{"@type":"WebSite","@id":"https:\/\/educap.io\/#website","url":"https:\/\/educap.io\/","name":"Educap","description":"","potentialAction":[{"@type":"SearchAction","target":{"@type":"EntryPoint","urlTemplate":"https:\/\/educap.io\/?s={search_term_string}"},"query-input":{"@type":"PropertyValueSpecification","valueRequired":true,"valueName":"search_term_string"}}],"inLanguage":"en-US"},{"@type":"Person","@id":"https:\/\/educap.io\/#\/schema\/person\/af1d7ee1c5a45e1e89d8f75d7e92c114","name":"Julie CENTI","image":{"@type":"ImageObject","inLanguage":"en-US","@id":"https:\/\/educap.io\/#\/schema\/person\/image\/","url":"https:\/\/secure.gravatar.com\/avatar\/004044df9ff916f2557184884b7bfa29ede68f0506217a17a729109cd76ee8af?s=96&d=mm&r=g","contentUrl":"https:\/\/secure.gravatar.com\/avatar\/004044df9ff916f2557184884b7bfa29ede68f0506217a17a729109cd76ee8af?s=96&d=mm&r=g","caption":"Julie CENTI"},"sameAs":["https:\/\/educap.io\/"],"url":"https:\/\/educap.io\/en\/author\/emna-chacha\/"}]}},"_links":{"self":[{"href":"https:\/\/educap.io\/en\/wp-json\/wp\/v2\/posts\/2895","targetHints":{"allow":["GET"]}}],"collection":[{"href":"https:\/\/educap.io\/en\/wp-json\/wp\/v2\/posts"}],"about":[{"href":"https:\/\/educap.io\/en\/wp-json\/wp\/v2\/types\/post"}],"author":[{"embeddable":true,"href":"https:\/\/educap.io\/en\/wp-json\/wp\/v2\/users\/3"}],"replies":[{"embeddable":true,"href":"https:\/\/educap.io\/en\/wp-json\/wp\/v2\/comments?post=2895"}],"version-history":[{"count":5,"href":"https:\/\/educap.io\/en\/wp-json\/wp\/v2\/posts\/2895\/revisions"}],"predecessor-version":[{"id":2912,"href":"https:\/\/educap.io\/en\/wp-json\/wp\/v2\/posts\/2895\/revisions\/2912"}],"wp:featuredmedia":[{"embeddable":true,"href":"https:\/\/educap.io\/en\/wp-json\/wp\/v2\/media\/2901"}],"wp:attachment":[{"href":"https:\/\/educap.io\/en\/wp-json\/wp\/v2\/media?parent=2895"}],"wp:term":[{"taxonomy":"category","embeddable":true,"href":"https:\/\/educap.io\/en\/wp-json\/wp\/v2\/categories?post=2895"},{"taxonomy":"post_tag","embeddable":true,"href":"https:\/\/educap.io\/en\/wp-json\/wp\/v2\/tags?post=2895"}],"curies":[{"name":"wp","href":"https:\/\/api.w.org\/{rel}","templated":true}]}}