{"id":2605,"date":"2024-02-05T13:35:00","date_gmt":"2024-02-05T13:35:00","guid":{"rendered":"https:\/\/educap.io\/?p=2605"},"modified":"2024-01-26T13:36:39","modified_gmt":"2024-01-26T13:36:39","slug":"autonomie-des-eleves-encourager-la-responsabilite-et-linitiative","status":"publish","type":"post","link":"https:\/\/educap.io\/en\/autonomie-des-eleves-encourager-la-responsabilite-et-linitiative\/","title":{"rendered":"Autonomie des \u00e9l\u00e8ves : Encourager la responsabilit\u00e9 et l&rsquo;initiative"},"content":{"rendered":"<p>L&rsquo;\u00e9ducation moderne vise \u00e0 cr\u00e9er des apprenants autonomes, capables de prendre des d\u00e9cisions \u00e9clair\u00e9es et de travailler de mani\u00e8re ind\u00e9pendante. L&rsquo;autonomie des \u00e9l\u00e8ves est un \u00e9l\u00e9ment essentiel de cette approche, favorisant la responsabilit\u00e9 et l&rsquo;initiative. Ainsi, dans cet article, nous explorerons en profondeur les moyens de cultiver l&rsquo;autonomie des \u00e9l\u00e8ves et son impact sur l&rsquo;\u00e9ducation contemporaine.<\/p>\n\n\n\n<p>En effet, l&rsquo;\u00e9ducation contemporaine s&rsquo;efforce constamment d&rsquo;\u00e9voluer pour r\u00e9pondre aux besoins changeants des apprenants. Au c\u0153ur de cette transformation, l&rsquo;autonomie des \u00e9l\u00e8ves \u00e9merge comme un pilier essentiel, red\u00e9finissant la mani\u00e8re dont les \u00e9tudiants interagissent avec le processus \u00e9ducatif. Dans cette introduction, nous allons explorer la d\u00e9finition profonde de l&rsquo;autonomie des \u00e9l\u00e8ves et souligner l&rsquo;importance cruciale de favoriser la responsabilit\u00e9 et l&rsquo;initiative chez les \u00e9tudiants.<\/p>\n\n\n\n<h2 class=\"wp-block-heading has-text-align-left\">A. D\u00e9finition de l&rsquo;autonomie des \u00e9l\u00e8ves<\/h2>\n\n\n\n<p>L&rsquo;autonomie des \u00e9l\u00e8ves ne se limite pas \u00e0 la simple capacit\u00e9 d&rsquo;agir de mani\u00e8re ind\u00e9pendante, mais elle englobe un ensemble complexe de comp\u00e9tences et d&rsquo;attitudes. Elle repr\u00e9sente la capacit\u00e9 d&rsquo;un apprenant \u00e0 prendre des d\u00e9cisions \u00e9clair\u00e9es, \u00e0 assumer la responsabilit\u00e9 de son propre apprentissage et \u00e0 d\u00e9velopper une pens\u00e9e critique. Concr\u00e8tement, cela signifie que les \u00e9l\u00e8ves autonomes ne sont pas simplement des r\u00e9ceptacles passifs de connaissances, mais des partenaires actifs dans leur propre \u00e9ducation.<\/p>\n\n\n\n<p>L&rsquo;autonomie des \u00e9l\u00e8ves comprend \u00e9galement la conscience de soi, la motivation intrins\u00e8que et la capacit\u00e9 \u00e0 fixer des objectifs personnels. Les apprenants autonomes sont conscients de leurs forces et de leurs faiblesses, ce qui les rend capables de diriger leur propre apprentissage de mani\u00e8re cibl\u00e9e. Cela va au-del\u00e0 du simple fait d&rsquo;accomplir des t\u00e2ches assign\u00e9es ; cela implique un engagement r\u00e9fl\u00e9chi dans le processus d&rsquo;apprentissage, stimulant la curiosit\u00e9 et la cr\u00e9ativit\u00e9.<\/p>\n\n\n\n<h2 class=\"wp-block-heading\">B. Importance de favoriser la responsabilit\u00e9 et l&rsquo;initiative chez les \u00e9tudiants<\/h2>\n\n\n\n<p>Favoriser la responsabilit\u00e9 et l&rsquo;initiative chez les \u00e9tudiants est fondamental pour pr\u00e9parer les apprenants \u00e0 la r\u00e9alit\u00e9 dynamique du monde actuel. En encourageant la responsabilit\u00e9, on les \u00e9quipe d&rsquo;un sentiment de devoir envers leur propre \u00e9ducation. Lorsque les \u00e9l\u00e8ves se sentent responsables, ils deviennent des acteurs proactifs dans leur processus d&rsquo;apprentissage, cherchant activement des opportunit\u00e9s d&rsquo;am\u00e9lioration et prenant en main leur destin \u00e9ducatif.<\/p>\n\n\n\n<p>L&rsquo;initiative, quant \u00e0 elle, constitue le catalyseur de l&rsquo;autonomie. Les \u00e9tudiants qui d\u00e9veloppent une mentalit\u00e9 proactive sont plus enclins \u00e0 chercher des solutions cr\u00e9atives, \u00e0 explorer des sujets au-del\u00e0 des exigences acad\u00e9miques et \u00e0 participer activement \u00e0 des projets d&rsquo;apprentissage individuels. Fournir aux \u00e9tudiants les outils pour prendre des initiatives \u00e9ducatives renforce leur confiance en eux et \u00e9largit leur compr\u00e9hension du monde qui les entoure.<\/p>\n\n\n\n<h2 class=\"wp-block-heading\"><strong>II. Avantages de l&rsquo;autonomie chez les \u00e9l\u00e8ves<\/strong><\/h2>\n\n\n\n<p>L&rsquo;autonomie des \u00e9l\u00e8ves n&rsquo;est pas simplement une aspiration p\u00e9dagogique ; elle apporte des avantages tangibles qui transcendent le contexte acad\u00e9mique. Examinons de plus pr\u00e8s les b\u00e9n\u00e9fices concrets de l&rsquo;autonomie chez les \u00e9l\u00e8ves, notamment l&rsquo;am\u00e9lioration des performances acad\u00e9miques, le d\u00e9veloppement des comp\u00e9tences de pens\u00e9e critique et le renforcement des capacit\u00e9s de r\u00e9solution de probl\u00e8mes.<\/p>\n\n\n\n<h3 class=\"wp-block-heading\">A. Am\u00e9lioration des performances acad\u00e9miques<\/h3>\n\n\n\n<p>Lorsque les \u00e9l\u00e8ves sont autonomes dans leur apprentissage, ils montrent g\u00e9n\u00e9ralement une am\u00e9lioration significative de leurs performances acad\u00e9miques. L&rsquo;autonomie va de pair avec un engagement plus profond dans le processus \u00e9ducatif. Les apprenants autonomes sont intrins\u00e8quement motiv\u00e9s \u00e0 r\u00e9ussir, ce qui se traduit par une plus grande pers\u00e9v\u00e9rance dans les t\u00e2ches acad\u00e9miques et une meilleure compr\u00e9hension des sujets abord\u00e9s.<\/p>\n\n\n\n<p>En favorisant l&rsquo;autonomie, on encourage \u00e9galement les \u00e9l\u00e8ves \u00e0 d\u00e9velopper leurs propres m\u00e9thodes d&rsquo;apprentissage. Ils apprennent \u00e0 reconna\u00eetre les approches qui leur conviennent le mieux, que ce soit par des m\u00e9thodes visuelles, auditives ou kinesth\u00e9siques. Cette personnalisation de l&rsquo;apprentissage conduit \u00e0 une r\u00e9tention plus profonde des informations et \u00e0 une application plus efficace des connaissances.<\/p>\n\n\n\n<h3 class=\"wp-block-heading\">B. D\u00e9veloppement des comp\u00e9tences de pens\u00e9e critique<\/h3>\n\n\n\n<p>L&rsquo;autonomie des \u00e9l\u00e8ves et le d\u00e9veloppement des comp\u00e9tences de pens\u00e9e critique sont \u00e9troitement li\u00e9s. Tout d&rsquo;abord, les \u00e9l\u00e8ves autonomes sont encourag\u00e9s \u00e0 examiner de mani\u00e8re critique l&rsquo;information. En remettant en question les id\u00e9es pr\u00e9con\u00e7ues, ils peuvent ainsi d\u00e9velopper un esprit analytique. De plus, il est essentiel de souligner que la pens\u00e9e critique ne se limite pas \u00e0 m\u00e9moriser des faits. Au contraire, elle consiste \u00e0 \u00e9valuer, \u00e0 synth\u00e9tiser et \u00e0 appliquer des connaissances de mani\u00e8re r\u00e9fl\u00e9chie.<\/p>\n\n\n\n<p>Dans un monde o\u00f9 l&rsquo;information est abondante, les comp\u00e9tences de pens\u00e9e critique deviennent un atout inestimable. De surcro\u00eet, les \u00e9l\u00e8ves autonomes sont mieux \u00e9quip\u00e9s pour naviguer dans un paysage complexe d&rsquo;id\u00e9es. Ils peuvent ainsi discerner la validit\u00e9 des informations et formuler des opinions \u00e9clair\u00e9es. Ces comp\u00e9tences, en outre, transcendent le cadre acad\u00e9mique, les pr\u00e9parant \u00e0 faire face aux d\u00e9fis intellectuels et professionnels de la vie.<\/p>\n\n\n\n<h3 class=\"wp-block-heading\">C. Renforcement des capacit\u00e9s de r\u00e9solution de probl\u00e8mes<\/h3>\n\n\n\n<p>L&rsquo;autonomie d\u00e9veloppe une aptitude naturelle des \u00e9l\u00e8ves \u00e0 r\u00e9soudre des probl\u00e8mes de mani\u00e8re ind\u00e9pendante. En leur donnant la libert\u00e9 d&rsquo;explorer des concepts au-del\u00e0 des limites du programme, on les encourage \u00e0 trouver des solutions cr\u00e9atives aux d\u00e9fis qui se pr\u00e9sentent. Cette capacit\u00e9 \u00e0 aborder les probl\u00e8mes avec confiance et ing\u00e9niosit\u00e9 est une comp\u00e9tence essentielle pour r\u00e9ussir dans un monde en constante \u00e9volution.<\/p>\n\n\n\n<p>Les projets d&rsquo;apprentissage autonomes, qui permettent aux \u00e9l\u00e8ves de choisir des sujets et de trouver des solutions, sont des catalyseurs efficaces pour le renforcement des capacit\u00e9s de r\u00e9solution de probl\u00e8mes. En r\u00e9solvant des probl\u00e8mes concrets et en appliquant leurs connaissances de mani\u00e8re pratique, les \u00e9l\u00e8ves autonomes acqui\u00e8rent une compr\u00e9hension profonde et durable des concepts, les pr\u00e9parant ainsi \u00e0 des d\u00e9fis futurs.<\/p>\n\n\n\n<h2 class=\"wp-block-heading\"><strong>III. Facteurs influen\u00e7ant l&rsquo;autonomie<\/strong><\/h2>\n\n\n\n<p>L&rsquo;\u00e9panouissement de l&rsquo;autonomie des \u00e9l\u00e8ves d\u00e9pend \u00e9troitement de plusieurs facteurs au sein de l&rsquo;environnement \u00e9ducatif. Ces \u00e9l\u00e9ments, tels que l&rsquo;environnement \u00e9ducatif lui-m\u00eame, la relation entre l&rsquo;enseignant et l&rsquo;\u00e9l\u00e8ve, et la conception du programme d&rsquo;\u00e9tudes, jouent un r\u00f4le essentiel dans la promotion de l&rsquo;autonomie et la cr\u00e9ation d&rsquo;un cadre propice \u00e0 un apprentissage ind\u00e9pendant et r\u00e9fl\u00e9chi.<\/p>\n\n\n\n<h3 class=\"wp-block-heading\">A. Environnement \u00e9ducatif favorable<\/h3>\n\n\n\n<p>Un environnement \u00e9ducatif favorable constitue le socle sur lequel repose le d\u00e9veloppement de l&rsquo;autonomie des \u00e9l\u00e8ves. Cela englobe non seulement les aspects physiques de la salle de classe, mais \u00e9galement la culture \u00e9ducative qui y pr\u00e9vaut. Des salles de classe bien am\u00e9nag\u00e9es, stimulantes et accueillantes cr\u00e9ent un cadre propice \u00e0 l&rsquo;apprentissage autonome.<\/p>\n\n\n\n<p>La diversit\u00e9 des ressources \u00e9ducatives, qu&rsquo;elles soient physiques ou num\u00e9riques, offre aux \u00e9l\u00e8ves des opportunit\u00e9s vari\u00e9es d&rsquo;explorer et de comprendre les sujets \u00e0 leur propre rythme. Un environnement \u00e9ducatif favorable encourage \u00e9galement la collaboration entre les \u00e9l\u00e8ves, favorisant ainsi le partage d&rsquo;id\u00e9es et la r\u00e9solution de probl\u00e8mes de mani\u00e8re collective.<\/p>\n\n\n\n<h3 class=\"wp-block-heading\">B. Relation enseignant-\u00e9l\u00e8ve<\/h3>\n\n\n\n<p>La relation entre l&rsquo;enseignant et l&rsquo;\u00e9l\u00e8ve est un facteur d\u00e9terminant dans le d\u00e9veloppement de l&rsquo;autonomie. Un enseignant qui \u00e9tablit une relation de confiance, qui encourage l&rsquo;expression libre des id\u00e9es et qui soutient les initiatives individuelles cr\u00e9e un environnement o\u00f9 les \u00e9l\u00e8ves se sentent en s\u00e9curit\u00e9 pour explorer leur propre autonomie.<\/p>\n\n\n\n<p>L&rsquo;enseignant joue un r\u00f4le crucial en tant que guide et mentor. Encourager les \u00e9l\u00e8ves \u00e0 poser des questions, \u00e0 exprimer leurs opinions et \u00e0 prendre des initiatives renforce leur confiance en eux et les incite \u00e0 jouer un r\u00f4le actif dans leur apprentissage. La relation enseignant-\u00e9l\u00e8ve devient ainsi une source d&rsquo;inspiration pour les \u00e9tudiants, les motivant \u00e0 rechercher la connaissance de mani\u00e8re autonome.<\/p>\n\n\n\n<h3 class=\"wp-block-heading\">C. Conception du programme d&rsquo;\u00e9tudes<\/h3>\n\n\n\n<p>La fa\u00e7on dont le programme d&rsquo;\u00e9tudes est con\u00e7u a un impact significatif sur le d\u00e9veloppement de l&rsquo;autonomie des \u00e9l\u00e8ves. Un programme qui offre des opportunit\u00e9s d&rsquo;apprentissage diff\u00e9renci\u00e9, qui int\u00e8gre des projets stimulants et qui encourage la cr\u00e9ativit\u00e9 cr\u00e9e un environnement propice \u00e0 l&rsquo;autonomie.<\/p>\n\n\n\n<p>La flexibilit\u00e9 du programme permet aux \u00e9l\u00e8ves de choisir des itin\u00e9raires d&rsquo;apprentissage qui correspondent \u00e0 leurs int\u00e9r\u00eats et \u00e0 leurs comp\u00e9tences. Int\u00e9grer des projets d&rsquo;apprentissage autonomes dans le programme offre \u00e9galement aux \u00e9l\u00e8ves la possibilit\u00e9 de poursuivre des enqu\u00eates approfondies et de d\u00e9velopper des comp\u00e9tences de recherche ind\u00e9pendante.<\/p>\n\n\n\n<h2 class=\"wp-block-heading has-text-align-left\"><strong>IV. Strat\u00e9gies pour encourager la responsabilit\u00e9<\/strong><\/h2>\n\n\n\n<p>Encourager la responsabilit\u00e9 des \u00e9l\u00e8ves est une t\u00e2che d\u00e9licate mais cruciale pour leur d\u00e9veloppement \u00e9ducatif. La mise en \u0153uvre de strat\u00e9gies sp\u00e9cifiques peut grandement contribuer \u00e0 renforcer leur sens de la responsabilit\u00e9 et \u00e0 les inciter \u00e0 s&rsquo;investir activement dans leur propre apprentissage.<\/p>\n\n\n\n<h3 class=\"wp-block-heading\">A. \u00c9tablir des attentes claires<\/h3>\n\n\n\n<p>\u00c9tablir des attentes claires d\u00e8s le d\u00e9but de l&rsquo;ann\u00e9e scolaire cr\u00e9e un cadre dans lequel les \u00e9l\u00e8ves comprennent ce qui est attendu d&rsquo;eux. Cela va au-del\u00e0 des attentes acad\u00e9miques pour inclure des comportements et des attitudes qui favorisent la responsabilit\u00e9. Les enseignants doivent communiquer de mani\u00e8re transparente les normes de conduite et les objectifs d&rsquo;apprentissage, offrant ainsi aux \u00e9l\u00e8ves une base solide pour leur implication.<\/p>\n\n\n\n<p>En explicitant les attentes, les \u00e9l\u00e8ves comprennent les cons\u00e9quences de leurs actions, qu&rsquo;elles soient positives ou n\u00e9gatives. Cette clart\u00e9 contribue \u00e0 instaurer un sentiment de responsabilit\u00e9, car les \u00e9l\u00e8ves sont conscients des attentes et sont mieux \u00e9quip\u00e9s pour les respecter.<\/p>\n\n\n\n<h3 class=\"wp-block-heading\">B. Promouvoir l&rsquo;autodiscipline<\/h3>\n\n\n\n<p>La promotion de l&rsquo;autodiscipline est un \u00e9l\u00e9ment cl\u00e9 pour encourager la responsabilit\u00e9 chez les \u00e9l\u00e8ves. Les enseignants peuvent aider les \u00e9l\u00e8ves \u00e0 d\u00e9velopper cette comp\u00e9tence en leur fournissant des outils et des strat\u00e9gies pour g\u00e9rer leur temps et leurs responsabilit\u00e9s. L&rsquo;autodiscipline implique la capacit\u00e9 \u00e0 rester concentr\u00e9 sur les t\u00e2ches, \u00e0 r\u00e9sister aux distractions et \u00e0 s&rsquo;engager de mani\u00e8re constante dans l&rsquo;apprentissage.<\/p>\n\n\n\n<p>Les activit\u00e9s qui mettent en avant la prise de d\u00e9cision autonome, telles que la gestion de projets individuels, renforcent l&rsquo;autodiscipline. En fournissant des opportunit\u00e9s d&rsquo;autor\u00e9gulation, les \u00e9l\u00e8ves apprennent \u00e0 g\u00e9rer leurs propres comportements, renfor\u00e7ant ainsi leur responsabilit\u00e9.<\/p>\n\n\n\n<h3 class=\"wp-block-heading\">C. Encourager l&rsquo;\u00e9tablissement d&rsquo;objectifs<\/h3>\n\n\n\n<p>En effet, encourager les \u00e9l\u00e8ves \u00e0 \u00e9tablir leurs propres objectifs d&rsquo;apprentissage les responsabilise directement dans leur parcours \u00e9ducatif.  Ainsi, l&rsquo;\u00e9tablissement d&rsquo;objectifs personnels permet aux \u00e9l\u00e8ves de d\u00e9finir ce qu&rsquo;ils souhaitent accomplir, tant sur le plan acad\u00e9mique que personnel. Les enseignants peuvent guider ce processus en montrant aux \u00e9l\u00e8ves comment formuler des objectifs sp\u00e9cifiques, mesurables, atteignables, pertinents et limit\u00e9s dans le temps (objectifs SMART).<\/p>\n\n\n\n<p>Lorsque les \u00e9l\u00e8ves sont impliqu\u00e9s dans l&rsquo;\u00e9tablissement de leurs propres objectifs, ils sont plus investis dans leur r\u00e9ussite. Cela favorise un sentiment de responsabilit\u00e9, car ils comprennent que leurs actions influencent directement la r\u00e9alisation de leurs objectifs.<\/p>\n\n\n\n<h2 class=\"wp-block-heading\"><strong>V. Favoriser l&rsquo;initiative chez les \u00e9l\u00e8ves<\/strong><\/h2>\n\n\n\n<p>D&rsquo;abord, favoriser l&rsquo;initiative chez les \u00e9l\u00e8ves va au-del\u00e0 de la simple responsabilit\u00e9 acad\u00e9mique. Donc, cela implique de cr\u00e9er un environnement \u00e9ducatif dynamique o\u00f9 les \u00e9l\u00e8ves sont encourag\u00e9s \u00e0 \u00eatre cr\u00e9atifs, \u00e0 assumer des r\u00f4les de leadership et \u00e0 s&rsquo;engager dans des projets d&rsquo;apprentissage qui stimulent leur curiosit\u00e9 et leur autonomie.<\/p>\n\n\n\n<h3 class=\"wp-block-heading\">A. Encourager la cr\u00e9ativit\u00e9<\/h3>\n\n\n\n<p>L&rsquo;encouragement de la cr\u00e9ativit\u00e9 est une strat\u00e9gie essentielle pour susciter l&rsquo;initiative chez les \u00e9l\u00e8ves. En premier lieu, les enseignants peuvent cr\u00e9er des espaces o\u00f9 la pens\u00e9e cr\u00e9ative est valoris\u00e9e. Que ce soit \u00e0 travers des activit\u00e9s artistiques, des projets innovants ou des discussions ouvertes, ces environnements favorisent l&rsquo;\u00e9panouissement de la cr\u00e9ativit\u00e9. La cr\u00e9ativit\u00e9 offre aux \u00e9l\u00e8ves une opportunit\u00e9 de d\u00e9velopper leur pens\u00e9e divergente, de trouver des solutions originales aux probl\u00e8mes et d&rsquo;exprimer leurs id\u00e9es de mani\u00e8re unique.<\/p>\n\n\n\n<p>Pour favoriser davantage la cr\u00e9ativit\u00e9, les enseignants peuvent encourager la prise de risques intellectuels. En valorisant les id\u00e9es novatrices et en cr\u00e9ant un environnement o\u00f9 l&rsquo;erreur est per\u00e7ue comme une \u00e9tape n\u00e9cessaire vers le succ\u00e8s, ils instaurent un climat propice \u00e0 l&rsquo;\u00e9mergence de la cr\u00e9ativit\u00e9. Ainsi, en permettant aux \u00e9l\u00e8ves d&rsquo;explorer diff\u00e9rentes perspectives et d&rsquo;apporter leur touche personnelle \u00e0 l&rsquo;apprentissage, on stimule leur initiative.<\/p>\n\n\n\n<h3 class=\"wp-block-heading\">B. Offrir des opportunit\u00e9s de leadership<\/h3>\n\n\n\n<p>L&rsquo;attribution d&rsquo;opportunit\u00e9s de leadership aux \u00e9l\u00e8ves est une fa\u00e7on puissante de d\u00e9velopper leur sens de l&rsquo;initiative. Les responsabilit\u00e9s de leadership peuvent prendre diff\u00e9rentes formes, que ce soit en tant que chefs de projet, d\u00e9l\u00e9gu\u00e9s de classe, mentors ou organisateurs d&rsquo;\u00e9v\u00e9nements. Ces r\u00f4les offrent aux \u00e9l\u00e8ves la possibilit\u00e9 de prendre des d\u00e9cisions, de guider leurs pairs et de contribuer activement \u00e0 la communaut\u00e9 \u00e9ducative.<\/p>\n\n\n\n<p>Ensuite, les enseignants peuvent soutenir le d\u00e9veloppement du leadership en encourageant les \u00e9l\u00e8ves \u00e0 identifier leurs forces et \u00e0 les mettre au service des autres. Les projets collaboratifs et les activit\u00e9s extracurriculaires sont des occasions id\u00e9ales pour cultiver le leadership, permettant aux \u00e9l\u00e8ves de voir concr\u00e8tement comment leur initiative peut avoir un impact positif.<\/p>\n\n\n\n<h3 class=\"wp-block-heading\">C. Int\u00e9grer l&rsquo;apprentissage par projet<\/h3>\n\n\n\n<p>L&rsquo;apprentissage par projet est une approche p\u00e9dagogique qui favorise l&rsquo;initiative en permettant aux \u00e9l\u00e8ves de mener des projets d&rsquo;\u00e9tude autonomes. Cette m\u00e9thode encourage la recherche ind\u00e9pendante, la planification de projet et l&rsquo;application concr\u00e8te des connaissances acquises. Les \u00e9l\u00e8ves peuvent choisir des sujets qui les passionnent, ce qui renforce leur engagement et leur motivation intrins\u00e8que.<\/p>\n\n\n\n<p>Int\u00e9grer l&rsquo;apprentissage par projet n\u00e9cessite une approche holistique. Les enseignants peuvent guider les \u00e9l\u00e8ves dans la conception, la mise en \u0153uvre et l&rsquo;\u00e9valuation de leurs projets, favorisant ainsi le d\u00e9veloppement de comp\u00e9tences en recherche, en collaboration et en pr\u00e9sentation. Les projets permettent aux \u00e9l\u00e8ves de mettre en pratique leurs connaissances de mani\u00e8re significative, renfor\u00e7ant ainsi leur sens de l&rsquo;initiative.<\/p>\n\n\n\n<p>En conclusion, favoriser l&rsquo;initiative chez les \u00e9l\u00e8ves n\u00e9cessite une approche \u00e9ducative proactive. En encourageant la cr\u00e9ativit\u00e9, en offrant des opportunit\u00e9s de leadership et en int\u00e9grant l&rsquo;apprentissage par projet, les enseignants cr\u00e9ent un environnement o\u00f9 les \u00e9l\u00e8ves sont incit\u00e9s \u00e0 explorer, \u00e0 prendre des initiatives et \u00e0 devenir des apprenants autonomes et actifs dans leur parcours \u00e9ducatif.<\/p>","protected":false},"excerpt":{"rendered":"<p>L&rsquo;\u00e9ducation moderne vise \u00e0 cr\u00e9er des apprenants autonomes, capables de prendre des d\u00e9cisions \u00e9clair\u00e9es et de travailler de mani\u00e8re ind\u00e9pendante. L&rsquo;autonomie des \u00e9l\u00e8ves est un \u00e9l\u00e9ment essentiel de cette approche, favorisant la responsabilit\u00e9 et l&rsquo;initiative. Ainsi, dans cet article, nous explorerons en profondeur les moyens de cultiver l&rsquo;autonomie des \u00e9l\u00e8ves et son impact sur l&rsquo;\u00e9ducation [&hellip;]<\/p>","protected":false},"author":3,"featured_media":2606,"comment_status":"open","ping_status":"open","sticky":false,"template":"","format":"standard","meta":{"footnotes":""},"categories":[1],"tags":[14,173,23,104],"class_list":["post-2605","post","type-post","status-publish","format-standard","has-post-thumbnail","hentry","category-blog","tag-apprentissage","tag-autonomie","tag-eleve","tag-responsabilite"],"yoast_head":"<!-- This site is optimized with the Yoast SEO plugin v24.2 - https:\/\/yoast.com\/wordpress\/plugins\/seo\/ -->\n<title>Autonomie des \u00e9l\u00e8ves : Encourager la responsabilit\u00e9 et l&#039;initiative<\/title>\n<meta name=\"description\" content=\"Autonomie des \u00e9l\u00e8ves : Encourager la responsabilit\u00e9 et l&#039;initiative afin de pouvoir prendre des d\u00e9cisions \u00e9clair\u00e9es.\" \/>\n<meta name=\"robots\" content=\"index, follow, max-snippet:-1, max-image-preview:large, max-video-preview:-1\" \/>\n<link rel=\"canonical\" href=\"https:\/\/educap.io\/en\/autonomie-des-eleves-encourager-la-responsabilite-et-linitiative\/\" \/>\n<meta property=\"og:locale\" content=\"en_US\" \/>\n<meta property=\"og:type\" content=\"article\" \/>\n<meta property=\"og:title\" content=\"Autonomie des \u00e9l\u00e8ves : Encourager la responsabilit\u00e9 et l&#039;initiative\" \/>\n<meta property=\"og:description\" content=\"Autonomie des \u00e9l\u00e8ves : Encourager la responsabilit\u00e9 et l&#039;initiative afin de pouvoir prendre des d\u00e9cisions \u00e9clair\u00e9es.\" \/>\n<meta property=\"og:url\" content=\"https:\/\/educap.io\/en\/autonomie-des-eleves-encourager-la-responsabilite-et-linitiative\/\" \/>\n<meta property=\"og:site_name\" content=\"Educap\" \/>\n<meta property=\"article:publisher\" content=\"https:\/\/www.facebook.com\/educap.io\" \/>\n<meta property=\"article:published_time\" content=\"2024-02-05T13:35:00+00:00\" \/>\n<meta property=\"article:modified_time\" content=\"2024-01-26T13:36:39+00:00\" \/>\n<meta property=\"og:image\" content=\"https:\/\/educap.io\/wp-content\/uploads\/2024\/01\/Blog-Educap-4.png\" \/>\n\t<meta property=\"og:image:width\" content=\"1366\" \/>\n\t<meta property=\"og:image:height\" content=\"768\" \/>\n\t<meta property=\"og:image:type\" content=\"image\/png\" \/>\n<meta name=\"author\" content=\"Julie CENTI\" \/>\n<meta name=\"twitter:card\" content=\"summary_large_image\" \/>\n<meta name=\"twitter:label1\" content=\"Written by\" \/>\n\t<meta name=\"twitter:data1\" content=\"Julie CENTI\" \/>\n\t<meta name=\"twitter:label2\" content=\"Est. reading time\" \/>\n\t<meta name=\"twitter:data2\" content=\"11 minutes\" \/>\n<script type=\"application\/ld+json\" class=\"yoast-schema-graph\">{\"@context\":\"https:\/\/schema.org\",\"@graph\":[{\"@type\":\"WebPage\",\"@id\":\"https:\/\/educap.io\/autonomie-des-eleves-encourager-la-responsabilite-et-linitiative\/\",\"url\":\"https:\/\/educap.io\/autonomie-des-eleves-encourager-la-responsabilite-et-linitiative\/\",\"name\":\"Autonomie des \u00e9l\u00e8ves : Encourager la responsabilit\u00e9 et l'initiative\",\"isPartOf\":{\"@id\":\"https:\/\/educap.io\/#website\"},\"primaryImageOfPage\":{\"@id\":\"https:\/\/educap.io\/autonomie-des-eleves-encourager-la-responsabilite-et-linitiative\/#primaryimage\"},\"image\":{\"@id\":\"https:\/\/educap.io\/autonomie-des-eleves-encourager-la-responsabilite-et-linitiative\/#primaryimage\"},\"thumbnailUrl\":\"https:\/\/educap.io\/wp-content\/uploads\/2024\/01\/Blog-Educap-4.png\",\"datePublished\":\"2024-02-05T13:35:00+00:00\",\"dateModified\":\"2024-01-26T13:36:39+00:00\",\"author\":{\"@id\":\"https:\/\/educap.io\/#\/schema\/person\/af1d7ee1c5a45e1e89d8f75d7e92c114\"},\"description\":\"Autonomie des \u00e9l\u00e8ves : Encourager la responsabilit\u00e9 et l'initiative afin de pouvoir prendre des d\u00e9cisions \u00e9clair\u00e9es.\",\"breadcrumb\":{\"@id\":\"https:\/\/educap.io\/autonomie-des-eleves-encourager-la-responsabilite-et-linitiative\/#breadcrumb\"},\"inLanguage\":\"en-US\",\"potentialAction\":[{\"@type\":\"ReadAction\",\"target\":[\"https:\/\/educap.io\/autonomie-des-eleves-encourager-la-responsabilite-et-linitiative\/\"]}]},{\"@type\":\"ImageObject\",\"inLanguage\":\"en-US\",\"@id\":\"https:\/\/educap.io\/autonomie-des-eleves-encourager-la-responsabilite-et-linitiative\/#primaryimage\",\"url\":\"https:\/\/educap.io\/wp-content\/uploads\/2024\/01\/Blog-Educap-4.png\",\"contentUrl\":\"https:\/\/educap.io\/wp-content\/uploads\/2024\/01\/Blog-Educap-4.png\",\"width\":1366,\"height\":768,\"caption\":\"Autonomie des \u00e9l\u00e8ves : Encourager la responsabilit\u00e9 et l'initiative\"},{\"@type\":\"BreadcrumbList\",\"@id\":\"https:\/\/educap.io\/autonomie-des-eleves-encourager-la-responsabilite-et-linitiative\/#breadcrumb\",\"itemListElement\":[{\"@type\":\"ListItem\",\"position\":1,\"name\":\"Accueil\",\"item\":\"https:\/\/educap.io\/fr_fr\/\"},{\"@type\":\"ListItem\",\"position\":2,\"name\":\"Autonomie des \u00e9l\u00e8ves : Encourager la responsabilit\u00e9 et l&rsquo;initiative\"}]},{\"@type\":\"WebSite\",\"@id\":\"https:\/\/educap.io\/#website\",\"url\":\"https:\/\/educap.io\/\",\"name\":\"Educap\",\"description\":\"\",\"potentialAction\":[{\"@type\":\"SearchAction\",\"target\":{\"@type\":\"EntryPoint\",\"urlTemplate\":\"https:\/\/educap.io\/?s={search_term_string}\"},\"query-input\":{\"@type\":\"PropertyValueSpecification\",\"valueRequired\":true,\"valueName\":\"search_term_string\"}}],\"inLanguage\":\"en-US\"},{\"@type\":\"Person\",\"@id\":\"https:\/\/educap.io\/#\/schema\/person\/af1d7ee1c5a45e1e89d8f75d7e92c114\",\"name\":\"Julie CENTI\",\"image\":{\"@type\":\"ImageObject\",\"inLanguage\":\"en-US\",\"@id\":\"https:\/\/educap.io\/#\/schema\/person\/image\/\",\"url\":\"https:\/\/secure.gravatar.com\/avatar\/004044df9ff916f2557184884b7bfa29ede68f0506217a17a729109cd76ee8af?s=96&d=mm&r=g\",\"contentUrl\":\"https:\/\/secure.gravatar.com\/avatar\/004044df9ff916f2557184884b7bfa29ede68f0506217a17a729109cd76ee8af?s=96&d=mm&r=g\",\"caption\":\"Julie CENTI\"},\"sameAs\":[\"https:\/\/educap.io\/\"],\"url\":\"https:\/\/educap.io\/en\/author\/emna-chacha\/\"}]}<\/script>\n<!-- \/ Yoast SEO plugin. -->","yoast_head_json":{"title":"Autonomie des \u00e9l\u00e8ves : Encourager la responsabilit\u00e9 et l'initiative","description":"Autonomie des \u00e9l\u00e8ves : Encourager la responsabilit\u00e9 et l'initiative afin de pouvoir prendre des d\u00e9cisions \u00e9clair\u00e9es.","robots":{"index":"index","follow":"follow","max-snippet":"max-snippet:-1","max-image-preview":"max-image-preview:large","max-video-preview":"max-video-preview:-1"},"canonical":"https:\/\/educap.io\/en\/autonomie-des-eleves-encourager-la-responsabilite-et-linitiative\/","og_locale":"en_US","og_type":"article","og_title":"Autonomie des \u00e9l\u00e8ves : Encourager la responsabilit\u00e9 et l'initiative","og_description":"Autonomie des \u00e9l\u00e8ves : Encourager la responsabilit\u00e9 et l'initiative afin de pouvoir prendre des d\u00e9cisions \u00e9clair\u00e9es.","og_url":"https:\/\/educap.io\/en\/autonomie-des-eleves-encourager-la-responsabilite-et-linitiative\/","og_site_name":"Educap","article_publisher":"https:\/\/www.facebook.com\/educap.io","article_published_time":"2024-02-05T13:35:00+00:00","article_modified_time":"2024-01-26T13:36:39+00:00","og_image":[{"width":1366,"height":768,"url":"https:\/\/educap.io\/wp-content\/uploads\/2024\/01\/Blog-Educap-4.png","type":"image\/png"}],"author":"Julie CENTI","twitter_card":"summary_large_image","twitter_misc":{"Written by":"Julie CENTI","Est. reading time":"11 minutes"},"schema":{"@context":"https:\/\/schema.org","@graph":[{"@type":"WebPage","@id":"https:\/\/educap.io\/autonomie-des-eleves-encourager-la-responsabilite-et-linitiative\/","url":"https:\/\/educap.io\/autonomie-des-eleves-encourager-la-responsabilite-et-linitiative\/","name":"Autonomie des \u00e9l\u00e8ves : Encourager la responsabilit\u00e9 et l'initiative","isPartOf":{"@id":"https:\/\/educap.io\/#website"},"primaryImageOfPage":{"@id":"https:\/\/educap.io\/autonomie-des-eleves-encourager-la-responsabilite-et-linitiative\/#primaryimage"},"image":{"@id":"https:\/\/educap.io\/autonomie-des-eleves-encourager-la-responsabilite-et-linitiative\/#primaryimage"},"thumbnailUrl":"https:\/\/educap.io\/wp-content\/uploads\/2024\/01\/Blog-Educap-4.png","datePublished":"2024-02-05T13:35:00+00:00","dateModified":"2024-01-26T13:36:39+00:00","author":{"@id":"https:\/\/educap.io\/#\/schema\/person\/af1d7ee1c5a45e1e89d8f75d7e92c114"},"description":"Autonomie des \u00e9l\u00e8ves : Encourager la responsabilit\u00e9 et l'initiative afin de pouvoir prendre des d\u00e9cisions \u00e9clair\u00e9es.","breadcrumb":{"@id":"https:\/\/educap.io\/autonomie-des-eleves-encourager-la-responsabilite-et-linitiative\/#breadcrumb"},"inLanguage":"en-US","potentialAction":[{"@type":"ReadAction","target":["https:\/\/educap.io\/autonomie-des-eleves-encourager-la-responsabilite-et-linitiative\/"]}]},{"@type":"ImageObject","inLanguage":"en-US","@id":"https:\/\/educap.io\/autonomie-des-eleves-encourager-la-responsabilite-et-linitiative\/#primaryimage","url":"https:\/\/educap.io\/wp-content\/uploads\/2024\/01\/Blog-Educap-4.png","contentUrl":"https:\/\/educap.io\/wp-content\/uploads\/2024\/01\/Blog-Educap-4.png","width":1366,"height":768,"caption":"Autonomie des \u00e9l\u00e8ves : Encourager la responsabilit\u00e9 et l'initiative"},{"@type":"BreadcrumbList","@id":"https:\/\/educap.io\/autonomie-des-eleves-encourager-la-responsabilite-et-linitiative\/#breadcrumb","itemListElement":[{"@type":"ListItem","position":1,"name":"Accueil","item":"https:\/\/educap.io\/fr_fr\/"},{"@type":"ListItem","position":2,"name":"Autonomie des \u00e9l\u00e8ves : Encourager la responsabilit\u00e9 et l&rsquo;initiative"}]},{"@type":"WebSite","@id":"https:\/\/educap.io\/#website","url":"https:\/\/educap.io\/","name":"Educap","description":"","potentialAction":[{"@type":"SearchAction","target":{"@type":"EntryPoint","urlTemplate":"https:\/\/educap.io\/?s={search_term_string}"},"query-input":{"@type":"PropertyValueSpecification","valueRequired":true,"valueName":"search_term_string"}}],"inLanguage":"en-US"},{"@type":"Person","@id":"https:\/\/educap.io\/#\/schema\/person\/af1d7ee1c5a45e1e89d8f75d7e92c114","name":"Julie CENTI","image":{"@type":"ImageObject","inLanguage":"en-US","@id":"https:\/\/educap.io\/#\/schema\/person\/image\/","url":"https:\/\/secure.gravatar.com\/avatar\/004044df9ff916f2557184884b7bfa29ede68f0506217a17a729109cd76ee8af?s=96&d=mm&r=g","contentUrl":"https:\/\/secure.gravatar.com\/avatar\/004044df9ff916f2557184884b7bfa29ede68f0506217a17a729109cd76ee8af?s=96&d=mm&r=g","caption":"Julie CENTI"},"sameAs":["https:\/\/educap.io\/"],"url":"https:\/\/educap.io\/en\/author\/emna-chacha\/"}]}},"_links":{"self":[{"href":"https:\/\/educap.io\/en\/wp-json\/wp\/v2\/posts\/2605","targetHints":{"allow":["GET"]}}],"collection":[{"href":"https:\/\/educap.io\/en\/wp-json\/wp\/v2\/posts"}],"about":[{"href":"https:\/\/educap.io\/en\/wp-json\/wp\/v2\/types\/post"}],"author":[{"embeddable":true,"href":"https:\/\/educap.io\/en\/wp-json\/wp\/v2\/users\/3"}],"replies":[{"embeddable":true,"href":"https:\/\/educap.io\/en\/wp-json\/wp\/v2\/comments?post=2605"}],"version-history":[{"count":2,"href":"https:\/\/educap.io\/en\/wp-json\/wp\/v2\/posts\/2605\/revisions"}],"predecessor-version":[{"id":2608,"href":"https:\/\/educap.io\/en\/wp-json\/wp\/v2\/posts\/2605\/revisions\/2608"}],"wp:featuredmedia":[{"embeddable":true,"href":"https:\/\/educap.io\/en\/wp-json\/wp\/v2\/media\/2606"}],"wp:attachment":[{"href":"https:\/\/educap.io\/en\/wp-json\/wp\/v2\/media?parent=2605"}],"wp:term":[{"taxonomy":"category","embeddable":true,"href":"https:\/\/educap.io\/en\/wp-json\/wp\/v2\/categories?post=2605"},{"taxonomy":"post_tag","embeddable":true,"href":"https:\/\/educap.io\/en\/wp-json\/wp\/v2\/tags?post=2605"}],"curies":[{"name":"wp","href":"https:\/\/api.w.org\/{rel}","templated":true}]}}