{"id":2565,"date":"2024-01-15T10:00:00","date_gmt":"2024-01-15T10:00:00","guid":{"rendered":"https:\/\/educap.io\/?p=2565"},"modified":"2024-01-11T13:56:06","modified_gmt":"2024-01-11T13:56:06","slug":"la-perseverance-scolaire-chez-les-adolescents","status":"publish","type":"post","link":"https:\/\/educap.io\/en\/la-perseverance-scolaire-chez-les-adolescents\/","title":{"rendered":"Comment favoriser la pers\u00e9v\u00e9rance scolaire chez les adolescents ?"},"content":{"rendered":"<h2 class=\"wp-block-heading\"><strong>L&rsquo;importance de la pers\u00e9v\u00e9rance scolaire<\/strong><\/h2>\n\n\n\n<p>R\u00e9ellement, la pers\u00e9v\u00e9rance scolaire est-elle v\u00e9ritablement cruciale pour nos adolescents ? Absolument. Imaginez la pers\u00e9v\u00e9rance scolaire comme le moteur propulsant notre jeunesse vers un avenir prometteur ; c&rsquo;est la cl\u00e9 ouvrant les portes des opportunit\u00e9s. Lorsque les adolescents sont motiv\u00e9s \u00e0 pers\u00e9v\u00e9rer, ils \u00e9rigent les fondations d&rsquo;un futur \u00e9ducatif et professionnel solide. Ainsi, la pers\u00e9v\u00e9rance scolaire ne se limite pas \u00e0 la r\u00e9ussite scolaire ; elle constitue une comp\u00e9tence fondamentale fa\u00e7onnant la r\u00e9silience, la d\u00e9termination et une approche proactive des d\u00e9fis. <\/p>\n\n\n\n<p>\u00c0 travers des efforts soutenus, les adolescents d\u00e9veloppent une mentalit\u00e9 essentielle pour naviguer dans la complexit\u00e9 de l&rsquo;enseignement sup\u00e9rieur et du monde professionnel. La pers\u00e9v\u00e9rance scolaire va au-del\u00e0 des notes ; elle trace le chemin d&rsquo;un apprentissage continu et de l&rsquo;adaptabilit\u00e9. En tant que parents, \u00e9ducateurs et mentors, reconna\u00eetre et cultiver cette qualit\u00e9 est essentiel pour favoriser l&rsquo;\u00e9panouissement de futurs leaders pr\u00eats \u00e0 relever les d\u00e9fis d&rsquo;un monde en constante \u00e9volution.<\/p>\n\n\n\n<h2 class=\"wp-block-heading\"><strong>Cr\u00e9er un environnement de soutien<\/strong><\/h2>\n\n\n\n<h3 class=\"wp-block-heading\">Comment pouvez-vous cr\u00e9er un environnement qui soutient la pers\u00e9v\u00e9rance scolaire ?<\/h3>\n\n\n\n<p>Commencez par instaurer une atmosph\u00e8re positive \u00e0 la maison. Offrez un espace propice aux \u00e9tudes, limitez les distractions et encouragez les conversations ouvertes. Lorsque les adolescents se sentent soutenus, ils sont plus enclins \u00e0 relever les d\u00e9fis acad\u00e9miques avec confiance. Un environnement de soutien ne se limite pas \u00e0 l&rsquo;am\u00e9nagement physique, mais implique \u00e9galement la cr\u00e9ation d&rsquo;un soutien \u00e9motionnel. Faites preuve d&rsquo;un int\u00e9r\u00eat authentique pour le parcours \u00e9ducatif de votre adolescent, discutez de ses objectifs et offrez de l&rsquo;aide en cas de besoin. <\/p>\n\n\n\n<p>Enfin, soulignez l&rsquo;importance de l&rsquo;\u00e9ducation et la valeur du travail acharn\u00e9. Ainsi, en cr\u00e9ant un environnement qui r\u00e9pond \u00e0 leurs besoins acad\u00e9miques et \u00e9motionnels, vous contribuez significativement \u00e0 renforcer leur capacit\u00e9 \u00e0 pers\u00e9v\u00e9rer face aux hauts et aux bas de leurs efforts \u00e9ducatifs.<\/p>\n\n\n\n<h2 class=\"wp-block-heading\"><strong>Encourager l&rsquo;autonomie<\/strong><\/h2>\n\n\n\n<h3 class=\"wp-block-heading has-text-align-left\">Pourquoi l&rsquo;autonomie est-elle cruciale pour la pers\u00e9v\u00e9rance scolaire ? <\/h3>\n\n\n\n<p>Lorsque les adolescents ont le sentiment de contr\u00f4ler leur \u00e9ducation, ils d\u00e9veloppent une responsabilit\u00e9 accrue envers leurs \u00e9tudes. Encouragez-les \u00e0 prendre des d\u00e9cisions \u00e9ducatives, \u00e0 planifier leur temps d&rsquo;\u00e9tude et \u00e0 assumer la responsabilit\u00e9 de leur r\u00e9ussite. L&rsquo;autonomie permet aux \u00e9tudiants de personnaliser leur exp\u00e9rience d&rsquo;apprentissage selon leurs besoins et pr\u00e9f\u00e9rences uniques. Elle ne se contente pas de renforcer la discipline personnelle, mais instille \u00e9galement un sentiment de fiert\u00e9 et d&rsquo;accomplissement. <\/p>\n\n\n\n<p>En participant activement \u00e0 la conception de leur parcours \u00e9ducatif, les adolescents acqui\u00e8rent des comp\u00e9tences pr\u00e9cieuses en gestion du temps et prise de d\u00e9cision. Cette autonomie sert de base \u00e0 leur pers\u00e9v\u00e9rance scolaire, car ils internalisent le lien entre leurs choix et les r\u00e9sultats, cultivant une mentalit\u00e9 de responsabilit\u00e9 et de d\u00e9termination tout au long de leurs \u00e9tudes.<\/p>\n\n\n\n<h2 class=\"wp-block-heading\"><strong>Identifier les passions<\/strong><\/h2>\n\n\n\n<h3 class=\"wp-block-heading\">Comment l&rsquo;identification des passions peut-elle influencer la pers\u00e9v\u00e9rance scolaire ?<\/h3>\n\n\n\n<p>Lorsque les adolescents \u00e9tudient des sujets qui les passionnent, l&rsquo;apprentissage devient une aventure excitante plut\u00f4t qu&rsquo;une corv\u00e9e. Aidez-les \u00e0 d\u00e9couvrir leurs centres d&rsquo;int\u00e9r\u00eat et \u00e0 int\u00e9grer ces passions dans leurs \u00e9tudes pour rendre le processus \u00e9ducatif plus engageant. L&rsquo;apprentissage motiv\u00e9 par la passion suscite non seulement l&rsquo;enthousiasme, mais renforce \u00e9galement la motivation intrins\u00e8que. Les \u00e9l\u00e8ves sont plus susceptibles de pers\u00e9v\u00e9rer face aux d\u00e9fis lorsqu&rsquo;ils sont captiv\u00e9s par la mati\u00e8re. <\/p>\n\n\n\n<p>En alignant l&rsquo;\u00e9ducation sur leurs passions, les adolescents trouvent un sens et une pertinence dans leurs \u00e9tudes, favorisant un engagement profond et durable dans leurs efforts acad\u00e9miques. Cette connexion entre les int\u00e9r\u00eats personnels et les d\u00e9marches acad\u00e9miques am\u00e9liore non seulement l&rsquo;exp\u00e9rience d&rsquo;apprentissage, mais contribue \u00e9galement de mani\u00e8re significative au d\u00e9veloppement d&rsquo;une mentalit\u00e9 r\u00e9siliente et d\u00e9termin\u00e9e, essentielle pour la pers\u00e9v\u00e9rance scolaire.<\/p>\n\n\n\n<h2 class=\"wp-block-heading\"><strong>Faire preuve d&#8217;empathie<\/strong><\/h2>\n\n\n\n<h3 class=\"wp-block-heading has-text-align-left\">Comment la compassion peut-elle stimuler la pers\u00e9v\u00e9rance scolaire ?<\/h3>\n\n\n\n<p>Montrez de l&#8217;empathie en comprenant les d\u00e9fis que vos adolescents peuvent rencontrer. Exprimez votre soutien et encouragez-les \u00e0 surmonter les difficult\u00e9s avec assurance. Un soutien \u00e9motionnel fortifie la r\u00e9silience n\u00e9cessaire pour pers\u00e9v\u00e9rer \u00e0 travers les moments difficiles. En reconnaissant et en faisant preuve d&#8217;empathie envers leurs difficult\u00e9s, vous cr\u00e9ez un environnement de soutien qui adresse non seulement les pr\u00e9occupations imm\u00e9diates, mais qui insuffle \u00e9galement un sentiment de bien-\u00eatre \u00e9motionnel. <\/p>\n\n\n\n<p>Cette connexion \u00e9motionnelle favorise une mentalit\u00e9 positive, donnant aux adolescents la force d&rsquo;affronter les obstacles acad\u00e9miques avec une d\u00e9termination accrue et une croyance en leur capacit\u00e9 \u00e0 surmonter les difficult\u00e9s. En cultivant une atmosph\u00e8re empathique, vous contribuez significativement \u00e0 leur bien-\u00eatre global et, par cons\u00e9quent, \u00e0 leur capacit\u00e9 de pers\u00e9v\u00e9rance scolaire.<\/p>\n\n\n\n<h2 class=\"wp-block-heading\"><strong>Lutter contre le d\u00e9couragement<\/strong><\/h2>\n\n\n\n<h3 class=\"wp-block-heading\">Comment pouvez-vous aider les adolescents \u00e0 surmonter le d\u00e9couragement ?<\/h3>\n\n\n\n<p>Le d\u00e9couragement est in\u00e9vitable, mais il ne doit pas \u00eatre insurmontable. Encouragez une mentalit\u00e9 de croissance, soulignant que l&rsquo;\u00e9chec est une \u00e9tape vers le succ\u00e8s. Montrez-leur comment tirer des le\u00e7ons des \u00e9checs et les utiliser comme tremplin vers la r\u00e9ussite future. En instillant une perspective positive face aux revers, vous \u00e9quipez les adolescents avec la r\u00e9silience et la capacit\u00e9 de voir les d\u00e9fis comme des opportunit\u00e9s de croissance personnelle et acad\u00e9mique. <\/p>\n\n\n\n<p>Favorisez un environnement qui c\u00e9l\u00e8bre les efforts, pas seulement les r\u00e9sultats, et soulignez que les revers ne refl\u00e8tent pas n\u00e9cessairement les capacit\u00e9s individuelles. En fournissant des conseils sur les strat\u00e9gies d&rsquo;adaptation, en \u00e9tablissant des attentes r\u00e9alistes, et en mettant en avant la valeur de la pers\u00e9v\u00e9rance, vous contribuez \u00e0 forger la force mentale n\u00e9cessaire pour naviguer \u00e0 travers les moments de d\u00e9couragement. En fin de compte, cette mentalit\u00e9 contribue \u00e0 une approche plus r\u00e9siliente et d\u00e9termin\u00e9e face aux d\u00e9fis acad\u00e9miques.<\/p>\n\n\n\n<h2 class=\"wp-block-heading\"><strong>Impliquer les enseignants<\/strong><\/h2>\n\n\n\n<h3 class=\"wp-block-heading\">Comment les enseignants peuvent-ils contribuer \u00e0 la pers\u00e9v\u00e9rance scolaire ?<\/h3>\n\n\n\n<p>La collaboration entre parents, adolescents et enseignants est essentielle. Engagez-vous avec les enseignants, partagez des informations sur le progr\u00e8s acad\u00e9mique et travaillez ensemble pour cr\u00e9er un environnement \u00e9ducatif favorable. Les enseignants jouent un r\u00f4le central en favorisant une atmosph\u00e8re positive et encourageante en classe. Une communication r\u00e9guli\u00e8re avec les parents contribue \u00e0 une compr\u00e9hension holistique des forces et des d\u00e9fis de chaque \u00e9l\u00e8ve. En fournissant des retours d&rsquo;information opportuns et des conseils constructifs, les enseignants donnent aux adolescents les moyens de surmonter les obstacles acad\u00e9miques avec confiance. <\/p>\n\n\n\n<p>\u00c9tablir un partenariat entre le foyer et l&rsquo;\u00e9cole am\u00e9liore l&rsquo;exp\u00e9rience \u00e9ducative globale, renfor\u00e7ant l&rsquo;id\u00e9e que la r\u00e9ussite acad\u00e9mique est un effort collectif. Les enseignants peuvent \u00e9galement contribuer en int\u00e9grant des m\u00e9thodes d&rsquo;enseignement vari\u00e9es adapt\u00e9es \u00e0 divers styles d&rsquo;apprentissage, favorisant un environnement inclusif o\u00f9 chaque \u00e9l\u00e8ve se sent valoris\u00e9 et soutenu dans son parcours \u00e9ducatif.<\/p>\n\n\n\n<h2 class=\"wp-block-heading\"><strong>\u00c9tablir des objectifs r\u00e9alistes<\/strong><\/h2>\n\n\n\n<h3 class=\"wp-block-heading has-text-align-left\">Pourquoi est-il crucial d&rsquo;\u00e9tablir des objectifs r\u00e9alistes ?<\/h3>\n\n\n\n<p>Des objectifs r\u00e9alistes fournissent une direction claire. Aidez les adolescents \u00e0 d\u00e9finir des objectifs r\u00e9alisables, adapt\u00e9s \u00e0 leurs capacit\u00e9s. Cela renforce la confiance en soi et offre des jalons tangibles pour mesurer le progr\u00e8s. \u00c9tablir des objectifs r\u00e9alistes garantit que les cibles sont atteignables dans un laps de temps donn\u00e9, \u00e9vitant ainsi les sentiments de d\u00e9bordement ou d&rsquo;insuffisance. Ce processus favorise un sentiment d&rsquo;accomplissement \u00e0 mesure que les jalons sont atteints, nourrissant une perspective positive et la motivation \u00e0 pers\u00e9v\u00e9rer. <\/p>\n\n\n\n<p>De plus, la fixation d&rsquo;objectifs r\u00e9alistes encourage un \u00e9quilibre sain entre le d\u00e9fi et la r\u00e9alisabilit\u00e9, instillant une mentalit\u00e9 de croissance qui consid\u00e8re les revers comme des opportunit\u00e9s d&rsquo;apprentissage et d&rsquo;am\u00e9lioration. En guidant les adolescents dans l&rsquo;\u00e9tablissement d&rsquo;objectifs align\u00e9s sur leurs capacit\u00e9s, vous les habilitez \u00e0 naviguer dans leur parcours \u00e9ducatif avec d\u00e9termination, r\u00e9silience et un sentiment d&rsquo;accomplissement.<\/p>\n\n\n\n<h2 class=\"wp-block-heading\"><strong>C\u00e9l\u00e9brer les petits succ\u00e8s<\/strong><\/h2>\n\n\n\n<h3 class=\"wp-block-heading has-text-align-left\">Comment la c\u00e9l\u00e9bration des petits succ\u00e8s impacte-t-elle la pers\u00e9v\u00e9rance ?<\/h3>\n\n\n\n<p>Reconna\u00eetre les petites r\u00e9alisations cr\u00e9e un cercle positif. C\u00e9l\u00e9brez les r\u00e9ussites, m\u00eame modestes, pour renforcer la motivation et souligner que chaque \u00e9tape vers le succ\u00e8s m\u00e9rite d&rsquo;\u00eatre applaudie. En reconnaissant et c\u00e9l\u00e9brant les petites r\u00e9alisations, les individus ressentent un sentiment d&rsquo;accomplissement et de validation pour leurs efforts. Cette renforcement positif contribue \u00e0 une mentalit\u00e9 motiv\u00e9e, instillant la conviction que des efforts continus conduisent \u00e0 des r\u00e9sultats tangibles. <\/p>\n\n\n\n<p>Les c\u00e9l\u00e9brations des petits succ\u00e8s favorisent \u00e9galement une attitude r\u00e9siliente, aidant les individus \u00e0 surmonter les d\u00e9fis avec d\u00e9termination et optimisme. Cette pratique cr\u00e9e un environnement de soutien qui encourage la pers\u00e9v\u00e9rance, car les individus reconnaissent la valeur de leurs progr\u00e8s et trouvent la motivation n\u00e9cessaire pour persister face \u00e0 leurs futures entreprises.<\/p>\n\n\n\n<h2 class=\"wp-block-heading\"><strong>Promouvoir la gestion du temps<\/strong><\/h2>\n\n\n\n<h3 class=\"wp-block-heading\">Comment la gestion du temps peut-elle favoriser la pers\u00e9v\u00e9rance scolaire ?<\/h3>\n\n\n\n<p>Apprendre \u00e0 g\u00e9rer le temps efficacement est une comp\u00e9tence pr\u00e9cieuse. Aidez les adolescents \u00e0 \u00e9tablir des horaires d&rsquo;\u00e9tude r\u00e9guliers, \u00e0 planifier les devoirs et \u00e0 \u00e9viter la procrastination. La gestion du temps les pr\u00e9pare \u00e0 relever les d\u00e9fis acad\u00e9miques avec organisation. En acqu\u00e9rant des comp\u00e9tences en gestion du temps, les \u00e9l\u00e8ves am\u00e9liorent leur capacit\u00e9 \u00e0 hi\u00e9rarchiser les t\u00e2ches, respecter les d\u00e9lais et maintenir une approche \u00e9quilibr\u00e9e de leurs \u00e9tudes. <\/p>\n\n\n\n<p>Une gestion efficace du temps garantit non seulement que les responsabilit\u00e9s acad\u00e9miques sont remplies, mais elle r\u00e9duit \u00e9galement le stress et accro\u00eet la productivit\u00e9. Cette comp\u00e9tence devient un atout crucial pour favoriser la pers\u00e9v\u00e9rance scolaire, car les \u00e9tudiants d\u00e9veloppent une approche structur\u00e9e envers leurs engagements \u00e9ducatifs, leur permettant de naviguer \u00e0 travers les cours et les devoirs avec efficacit\u00e9 et r\u00e9silience.<\/p>\n\n\n\n<p>En favorisant la pers\u00e9v\u00e9rance scolaire chez les adolescents, nous investissons dans leur avenir. En tant que parents, enseignants, et mentors, notre r\u00f4le est crucial pour les guider tout au long de ce parcours.<\/p>","protected":false},"excerpt":{"rendered":"<p>L&rsquo;importance de la pers\u00e9v\u00e9rance scolaire R\u00e9ellement, la pers\u00e9v\u00e9rance scolaire est-elle v\u00e9ritablement cruciale pour nos adolescents ? Absolument. Imaginez la pers\u00e9v\u00e9rance scolaire comme le moteur propulsant notre jeunesse vers un avenir prometteur ; c&rsquo;est la cl\u00e9 ouvrant les portes des opportunit\u00e9s. Lorsque les adolescents sont motiv\u00e9s \u00e0 pers\u00e9v\u00e9rer, ils \u00e9rigent les fondations d&rsquo;un futur \u00e9ducatif et [&hellip;]<\/p>","protected":false},"author":3,"featured_media":2574,"comment_status":"open","ping_status":"open","sticky":false,"template":"","format":"standard","meta":{"footnotes":""},"categories":[1],"tags":[147,167,23,166],"class_list":["post-2565","post","type-post","status-publish","format-standard","has-post-thumbnail","hentry","category-blog","tag-adolescents","tag-competence","tag-eleve","tag-perseverance"],"yoast_head":"<!-- This site is optimized with the Yoast SEO plugin v24.2 - https:\/\/yoast.com\/wordpress\/plugins\/seo\/ -->\n<title>La Pers\u00e9v\u00e9rance Scolaire Chez les Adolescents<\/title>\n<meta name=\"description\" content=\"La pers\u00e9v\u00e9rance scolaire est-elle v\u00e9ritablement cruciale pour nos adolescents ? Absolument, c&#039;est le moteur principal de la r\u00e9ussite.\" \/>\n<meta name=\"robots\" content=\"index, follow, max-snippet:-1, max-image-preview:large, max-video-preview:-1\" \/>\n<link rel=\"canonical\" href=\"https:\/\/educap.io\/en\/la-perseverance-scolaire-chez-les-adolescents\/\" \/>\n<meta property=\"og:locale\" content=\"en_US\" \/>\n<meta property=\"og:type\" content=\"article\" \/>\n<meta property=\"og:title\" content=\"La Pers\u00e9v\u00e9rance Scolaire Chez les Adolescents\" \/>\n<meta property=\"og:description\" content=\"La pers\u00e9v\u00e9rance scolaire est-elle v\u00e9ritablement cruciale pour nos adolescents ? Absolument, c&#039;est le moteur principal de la r\u00e9ussite.\" \/>\n<meta property=\"og:url\" content=\"https:\/\/educap.io\/en\/la-perseverance-scolaire-chez-les-adolescents\/\" \/>\n<meta property=\"og:site_name\" content=\"Educap\" \/>\n<meta property=\"article:publisher\" content=\"https:\/\/www.facebook.com\/educap.io\" \/>\n<meta property=\"article:published_time\" content=\"2024-01-15T10:00:00+00:00\" \/>\n<meta property=\"article:modified_time\" content=\"2024-01-11T13:56:06+00:00\" \/>\n<meta property=\"og:image\" content=\"https:\/\/educap.io\/wp-content\/uploads\/2024\/01\/Blog-Educap-1.png\" \/>\n\t<meta property=\"og:image:width\" content=\"1366\" \/>\n\t<meta property=\"og:image:height\" content=\"768\" \/>\n\t<meta property=\"og:image:type\" content=\"image\/png\" \/>\n<meta name=\"author\" content=\"Julie CENTI\" \/>\n<meta name=\"twitter:card\" content=\"summary_large_image\" \/>\n<meta name=\"twitter:label1\" content=\"Written by\" \/>\n\t<meta name=\"twitter:data1\" content=\"Julie CENTI\" \/>\n\t<meta name=\"twitter:label2\" content=\"Est. reading time\" \/>\n\t<meta name=\"twitter:data2\" content=\"8 minutes\" \/>\n<script type=\"application\/ld+json\" class=\"yoast-schema-graph\">{\"@context\":\"https:\/\/schema.org\",\"@graph\":[{\"@type\":\"WebPage\",\"@id\":\"https:\/\/educap.io\/la-perseverance-scolaire-chez-les-adolescents\/\",\"url\":\"https:\/\/educap.io\/la-perseverance-scolaire-chez-les-adolescents\/\",\"name\":\"La Pers\u00e9v\u00e9rance Scolaire Chez les Adolescents\",\"isPartOf\":{\"@id\":\"https:\/\/educap.io\/#website\"},\"primaryImageOfPage\":{\"@id\":\"https:\/\/educap.io\/la-perseverance-scolaire-chez-les-adolescents\/#primaryimage\"},\"image\":{\"@id\":\"https:\/\/educap.io\/la-perseverance-scolaire-chez-les-adolescents\/#primaryimage\"},\"thumbnailUrl\":\"https:\/\/educap.io\/wp-content\/uploads\/2024\/01\/Blog-Educap-1.png\",\"datePublished\":\"2024-01-15T10:00:00+00:00\",\"dateModified\":\"2024-01-11T13:56:06+00:00\",\"author\":{\"@id\":\"https:\/\/educap.io\/#\/schema\/person\/af1d7ee1c5a45e1e89d8f75d7e92c114\"},\"description\":\"La pers\u00e9v\u00e9rance scolaire est-elle v\u00e9ritablement cruciale pour nos adolescents ? Absolument, c'est le moteur principal de la r\u00e9ussite.\",\"breadcrumb\":{\"@id\":\"https:\/\/educap.io\/la-perseverance-scolaire-chez-les-adolescents\/#breadcrumb\"},\"inLanguage\":\"en-US\",\"potentialAction\":[{\"@type\":\"ReadAction\",\"target\":[\"https:\/\/educap.io\/la-perseverance-scolaire-chez-les-adolescents\/\"]}]},{\"@type\":\"ImageObject\",\"inLanguage\":\"en-US\",\"@id\":\"https:\/\/educap.io\/la-perseverance-scolaire-chez-les-adolescents\/#primaryimage\",\"url\":\"https:\/\/educap.io\/wp-content\/uploads\/2024\/01\/Blog-Educap-1.png\",\"contentUrl\":\"https:\/\/educap.io\/wp-content\/uploads\/2024\/01\/Blog-Educap-1.png\",\"width\":1366,\"height\":768,\"caption\":\"persverance scolaire\"},{\"@type\":\"BreadcrumbList\",\"@id\":\"https:\/\/educap.io\/la-perseverance-scolaire-chez-les-adolescents\/#breadcrumb\",\"itemListElement\":[{\"@type\":\"ListItem\",\"position\":1,\"name\":\"Accueil\",\"item\":\"https:\/\/educap.io\/fr_fr\/\"},{\"@type\":\"ListItem\",\"position\":2,\"name\":\"Comment favoriser la pers\u00e9v\u00e9rance scolaire chez les adolescents ?\"}]},{\"@type\":\"WebSite\",\"@id\":\"https:\/\/educap.io\/#website\",\"url\":\"https:\/\/educap.io\/\",\"name\":\"Educap\",\"description\":\"\",\"potentialAction\":[{\"@type\":\"SearchAction\",\"target\":{\"@type\":\"EntryPoint\",\"urlTemplate\":\"https:\/\/educap.io\/?s={search_term_string}\"},\"query-input\":{\"@type\":\"PropertyValueSpecification\",\"valueRequired\":true,\"valueName\":\"search_term_string\"}}],\"inLanguage\":\"en-US\"},{\"@type\":\"Person\",\"@id\":\"https:\/\/educap.io\/#\/schema\/person\/af1d7ee1c5a45e1e89d8f75d7e92c114\",\"name\":\"Julie CENTI\",\"image\":{\"@type\":\"ImageObject\",\"inLanguage\":\"en-US\",\"@id\":\"https:\/\/educap.io\/#\/schema\/person\/image\/\",\"url\":\"https:\/\/secure.gravatar.com\/avatar\/004044df9ff916f2557184884b7bfa29ede68f0506217a17a729109cd76ee8af?s=96&d=mm&r=g\",\"contentUrl\":\"https:\/\/secure.gravatar.com\/avatar\/004044df9ff916f2557184884b7bfa29ede68f0506217a17a729109cd76ee8af?s=96&d=mm&r=g\",\"caption\":\"Julie CENTI\"},\"sameAs\":[\"https:\/\/educap.io\/\"],\"url\":\"https:\/\/educap.io\/en\/author\/emna-chacha\/\"}]}<\/script>\n<!-- \/ Yoast SEO plugin. -->","yoast_head_json":{"title":"La Pers\u00e9v\u00e9rance Scolaire Chez les Adolescents","description":"La pers\u00e9v\u00e9rance scolaire est-elle v\u00e9ritablement cruciale pour nos adolescents ? Absolument, c'est le moteur principal de la r\u00e9ussite.","robots":{"index":"index","follow":"follow","max-snippet":"max-snippet:-1","max-image-preview":"max-image-preview:large","max-video-preview":"max-video-preview:-1"},"canonical":"https:\/\/educap.io\/en\/la-perseverance-scolaire-chez-les-adolescents\/","og_locale":"en_US","og_type":"article","og_title":"La Pers\u00e9v\u00e9rance Scolaire Chez les Adolescents","og_description":"La pers\u00e9v\u00e9rance scolaire est-elle v\u00e9ritablement cruciale pour nos adolescents ? Absolument, c'est le moteur principal de la r\u00e9ussite.","og_url":"https:\/\/educap.io\/en\/la-perseverance-scolaire-chez-les-adolescents\/","og_site_name":"Educap","article_publisher":"https:\/\/www.facebook.com\/educap.io","article_published_time":"2024-01-15T10:00:00+00:00","article_modified_time":"2024-01-11T13:56:06+00:00","og_image":[{"width":1366,"height":768,"url":"https:\/\/educap.io\/wp-content\/uploads\/2024\/01\/Blog-Educap-1.png","type":"image\/png"}],"author":"Julie CENTI","twitter_card":"summary_large_image","twitter_misc":{"Written by":"Julie CENTI","Est. reading time":"8 minutes"},"schema":{"@context":"https:\/\/schema.org","@graph":[{"@type":"WebPage","@id":"https:\/\/educap.io\/la-perseverance-scolaire-chez-les-adolescents\/","url":"https:\/\/educap.io\/la-perseverance-scolaire-chez-les-adolescents\/","name":"La Pers\u00e9v\u00e9rance Scolaire Chez les Adolescents","isPartOf":{"@id":"https:\/\/educap.io\/#website"},"primaryImageOfPage":{"@id":"https:\/\/educap.io\/la-perseverance-scolaire-chez-les-adolescents\/#primaryimage"},"image":{"@id":"https:\/\/educap.io\/la-perseverance-scolaire-chez-les-adolescents\/#primaryimage"},"thumbnailUrl":"https:\/\/educap.io\/wp-content\/uploads\/2024\/01\/Blog-Educap-1.png","datePublished":"2024-01-15T10:00:00+00:00","dateModified":"2024-01-11T13:56:06+00:00","author":{"@id":"https:\/\/educap.io\/#\/schema\/person\/af1d7ee1c5a45e1e89d8f75d7e92c114"},"description":"La pers\u00e9v\u00e9rance scolaire est-elle v\u00e9ritablement cruciale pour nos adolescents ? Absolument, c'est le moteur principal de la r\u00e9ussite.","breadcrumb":{"@id":"https:\/\/educap.io\/la-perseverance-scolaire-chez-les-adolescents\/#breadcrumb"},"inLanguage":"en-US","potentialAction":[{"@type":"ReadAction","target":["https:\/\/educap.io\/la-perseverance-scolaire-chez-les-adolescents\/"]}]},{"@type":"ImageObject","inLanguage":"en-US","@id":"https:\/\/educap.io\/la-perseverance-scolaire-chez-les-adolescents\/#primaryimage","url":"https:\/\/educap.io\/wp-content\/uploads\/2024\/01\/Blog-Educap-1.png","contentUrl":"https:\/\/educap.io\/wp-content\/uploads\/2024\/01\/Blog-Educap-1.png","width":1366,"height":768,"caption":"persverance scolaire"},{"@type":"BreadcrumbList","@id":"https:\/\/educap.io\/la-perseverance-scolaire-chez-les-adolescents\/#breadcrumb","itemListElement":[{"@type":"ListItem","position":1,"name":"Accueil","item":"https:\/\/educap.io\/fr_fr\/"},{"@type":"ListItem","position":2,"name":"Comment favoriser la pers\u00e9v\u00e9rance scolaire chez les adolescents ?"}]},{"@type":"WebSite","@id":"https:\/\/educap.io\/#website","url":"https:\/\/educap.io\/","name":"Educap","description":"","potentialAction":[{"@type":"SearchAction","target":{"@type":"EntryPoint","urlTemplate":"https:\/\/educap.io\/?s={search_term_string}"},"query-input":{"@type":"PropertyValueSpecification","valueRequired":true,"valueName":"search_term_string"}}],"inLanguage":"en-US"},{"@type":"Person","@id":"https:\/\/educap.io\/#\/schema\/person\/af1d7ee1c5a45e1e89d8f75d7e92c114","name":"Julie CENTI","image":{"@type":"ImageObject","inLanguage":"en-US","@id":"https:\/\/educap.io\/#\/schema\/person\/image\/","url":"https:\/\/secure.gravatar.com\/avatar\/004044df9ff916f2557184884b7bfa29ede68f0506217a17a729109cd76ee8af?s=96&d=mm&r=g","contentUrl":"https:\/\/secure.gravatar.com\/avatar\/004044df9ff916f2557184884b7bfa29ede68f0506217a17a729109cd76ee8af?s=96&d=mm&r=g","caption":"Julie CENTI"},"sameAs":["https:\/\/educap.io\/"],"url":"https:\/\/educap.io\/en\/author\/emna-chacha\/"}]}},"_links":{"self":[{"href":"https:\/\/educap.io\/en\/wp-json\/wp\/v2\/posts\/2565","targetHints":{"allow":["GET"]}}],"collection":[{"href":"https:\/\/educap.io\/en\/wp-json\/wp\/v2\/posts"}],"about":[{"href":"https:\/\/educap.io\/en\/wp-json\/wp\/v2\/types\/post"}],"author":[{"embeddable":true,"href":"https:\/\/educap.io\/en\/wp-json\/wp\/v2\/users\/3"}],"replies":[{"embeddable":true,"href":"https:\/\/educap.io\/en\/wp-json\/wp\/v2\/comments?post=2565"}],"version-history":[{"count":3,"href":"https:\/\/educap.io\/en\/wp-json\/wp\/v2\/posts\/2565\/revisions"}],"predecessor-version":[{"id":2582,"href":"https:\/\/educap.io\/en\/wp-json\/wp\/v2\/posts\/2565\/revisions\/2582"}],"wp:featuredmedia":[{"embeddable":true,"href":"https:\/\/educap.io\/en\/wp-json\/wp\/v2\/media\/2574"}],"wp:attachment":[{"href":"https:\/\/educap.io\/en\/wp-json\/wp\/v2\/media?parent=2565"}],"wp:term":[{"taxonomy":"category","embeddable":true,"href":"https:\/\/educap.io\/en\/wp-json\/wp\/v2\/categories?post=2565"},{"taxonomy":"post_tag","embeddable":true,"href":"https:\/\/educap.io\/en\/wp-json\/wp\/v2\/tags?post=2565"}],"curies":[{"name":"wp","href":"https:\/\/api.w.org\/{rel}","templated":true}]}}