{"id":2560,"date":"2024-01-10T14:55:46","date_gmt":"2024-01-10T14:55:46","guid":{"rendered":"https:\/\/educap.io\/?p=2560"},"modified":"2024-01-10T14:55:46","modified_gmt":"2024-01-10T14:55:46","slug":"leducation-a-lenvironnement-forme-les-futurs-defenseurs-de-la-planete","status":"publish","type":"post","link":"https:\/\/educap.io\/en\/leducation-a-lenvironnement-forme-les-futurs-defenseurs-de-la-planete\/","title":{"rendered":"L&rsquo;\u00e9ducation \u00e0 l&rsquo;environnement : form\u00e9 les futurs d\u00e9fenseurs de la plan\u00e8te."},"content":{"rendered":"<p>Il est facile de n\u00e9gliger l&rsquo;impact profond que nos actions ont sur l&rsquo;environnement. Pourtant, l&rsquo;\u00e9ducation \u00e0 l&rsquo;environnement est cruciale pour former une g\u00e9n\u00e9ration de d\u00e9fenseurs de l&rsquo;environnement. Embarquons dans un voyage explorant l&rsquo;importance de l&rsquo;\u00e9ducation environnementale et comment elle fa\u00e7onne les futurs gardiens de notre Terre.<\/p>\n\n\n\n<h2 class=\"wp-block-heading has-text-align-left\">Qu&rsquo;est-ce que l&rsquo;\u00e9ducation \u00e0 l&rsquo;environnement ?<\/h2>\n\n\n\n<p>Tout d&rsquo;abord, l&rsquo;\u00e9ducation \u00e0 l&rsquo;environnement va au-del\u00e0 de l&rsquo;apprentissage traditionnel en proposant une compr\u00e9hension approfondie de l&rsquo;interd\u00e9pendance entre les organismes vivants, l&rsquo;environnement et les cons\u00e9quences des activit\u00e9s humaines. <\/p>\n\n\n\n<p>Elle adopte ainsi une approche holistique, d\u00e9passant les m\u00e9thodes \u00e9ducatives classiques, dans le but d&rsquo;inculquer une perspective globale mettant en lumi\u00e8re les connexions complexes au sein des \u00e9cosyst\u00e8mes et les impacts des actions humaines. De plus cette forme d&rsquo;\u00e9ducation ne se limite pas \u00e0 l&rsquo;acquisition de connaissances ; elle favorise la sensibilisation et encourage un comportement responsable et durable. <\/p>\n\n\n\n<p>Ainsi, en tant qu&rsquo;outil essentiel, l&rsquo;\u00e9ducation \u00e0 l&rsquo;environnement joue un r\u00f4le crucial dans la formation d&rsquo;une g\u00e9n\u00e9ration consciente de l&rsquo;\u00e9quilibre d\u00e9licat entre l&rsquo;humanit\u00e9 et la plan\u00e8te. En reconnaissant les relations complexes entre les organismes vivants et leur environnement, les individus sont mieux \u00e9quip\u00e9s pour comprendre l&rsquo;impact plus large de leurs actions, privil\u00e9giant ainsi un sentiment de responsabilit\u00e9 environnementale.<\/p>\n\n\n\n<h2 class=\"wp-block-heading\"> Le r\u00f4le de l&rsquo;\u00e9ducation environnementale<\/h2>\n\n\n\n<p>L&rsquo;\u00e9ducation environnementale agit comme un phare, guidant les individus vers une compr\u00e9hension plus profonde de leur empreinte \u00e9cologique. Elle souligne l&rsquo;importance d&rsquo;une vie durable et de choix responsables. En tant que guide lumineux, l&rsquo;\u00e9ducation environnementale met en lumi\u00e8re les connexions complexes entre les actions individuelles et leur impact sur l&rsquo;environnement. Elle oriente les individus vers une prise de conscience accrue de leur empreinte \u00e9cologique, incitant \u00e0 r\u00e9fl\u00e9chir sur les choix de mode de vie et les habitudes de consommation. <\/p>\n\n\n\n<p>Cette approche \u00e9ducative est essentielle pour susciter un sentiment de responsabilit\u00e9, encourager une transition vers des pratiques durables et contribuer finalement \u00e0 l&rsquo;effort collectif en faveur d&rsquo;une soci\u00e9t\u00e9 plus consciente de l&rsquo;environnement. En soulignant l&rsquo;importance d&rsquo;une vie durable et de d\u00e9cisions responsables, l&rsquo;\u00e9ducation environnementale joue un r\u00f4le cl\u00e9 dans la formation d&rsquo;individus non seulement inform\u00e9s sur les probl\u00e9matiques environnementales, mais \u00e9galement activement engag\u00e9s dans la r\u00e9duction de leur impact \u00e9cologique.<\/p>\n\n\n\n<h2 class=\"wp-block-heading\"> Faire na\u00eetre une connexion avec la nature<\/h2>\n\n\n\n<p>L&rsquo;\u00e9ducation environnementale encourage une connexion profonde avec le monde naturel, instillant un sentiment de responsabilit\u00e9 envers sa pr\u00e9servation. Ainsi, en incitant \u00e0 l&rsquo;immersion dans la nature, cette approche \u00e9ducative vise \u00e0 cr\u00e9er un lien profond et significatif avec l&rsquo;environnement. Elle va au-del\u00e0 de la simple transmission de connaissances ; elle cultive une v\u00e9ritable appr\u00e9ciation de la beaut\u00e9 et de l&rsquo;importance du monde naturel. En entrant en contact avec la nature, les individus d\u00e9veloppent une conscience accrue de l&rsquo;\u00e9quilibre d\u00e9licat au sein des \u00e9cosyst\u00e8mes, suscitant un sentiment de responsabilit\u00e9 envers leur pr\u00e9servation. <\/p>\n\n\n\n<p>Cette connexion agit comme un puissant moteur, inspirant un engagement envers des pratiques durables et une gestion responsable de l&rsquo;environnement. En fin de compte, l&rsquo;objectif est de former des individus qui comprennent non seulement la valeur intrins\u00e8que de la nature, mais qui contribuent activement \u00e0 sa protection, assurant son bien-\u00eatre pour les g\u00e9n\u00e9rations pr\u00e9sentes et futures.<\/p>\n\n\n\n<h2 class=\"wp-block-heading\">\u00c9tapes pratiques dans l&rsquo;apprentissage environnemental<\/h2>\n\n\n\n<p><strong>Du recyclage \u00e0 la conservation de l&rsquo;\u00e9nergie, apprenez des \u00e9tapes pratiques pour un mode de vie plus vert<\/strong>. L&rsquo;\u00e9ducation environnementale implique des mesures tangibles que les individus peuvent prendre dans leur vie quotidienne pour contribuer \u00e0 un monde plus durable. En effet, apprendre les pratiques de recyclage, les techniques de conservation de l&rsquo;\u00e9nergie et d&rsquo;autres habitudes respectueuses de l&rsquo;environnement permet aux individus de faire des choix \u00e9clair\u00e9s. <\/p>\n\n\n\n<p>En comprenant l&rsquo;effet cumulatif de ces petites actions, les personnes peuvent saisir l&rsquo;influence positive substantielle qu&rsquo;elles exercent collectivement sur l&rsquo;environnement. Cette section met en avant l&rsquo;importance d&rsquo;int\u00e9grer des pratiques respectueuses de l&rsquo;environnement dans les routines quotidiennes, d\u00e9montrant le potentiel transformateur d&rsquo;ajustements en apparence mineurs dans le comportement. Enfin gr\u00e2ce \u00e0 l&rsquo;\u00e9ducation sur les \u00e9tapes pratiques, les individus deviennent des contributeurs actifs \u00e0 un avenir plus durable et respectueux de l&rsquo;environnement.<\/p>\n\n\n\n<h2 class=\"wp-block-heading\">Avantages de l&rsquo;int\u00e9gration de pratiques respectueuses de l&rsquo;environnement<\/h2>\n\n\n\n<p>L&rsquo;adoption de pratiques respectueuses de l&rsquo;environnement am\u00e9liore \u00e0 la fois le bien-\u00eatre individuel et la durabilit\u00e9 mondiale. De plus int\u00e9grer de telles pratiques dans la vie quotidienne contribue non seulement \u00e0 une plan\u00e8te plus saine, mais aussi \u00e0 une am\u00e9lioration du bien-\u00eatre personnel et social. Cette section explore les r\u00e9sultats positifs des habitudes durables, mettant en avant leur r\u00f4le dans la cr\u00e9ation d&rsquo;une plan\u00e8te plus saine et dans l&rsquo;am\u00e9lioration globale de la qualit\u00e9 de vie. De l&rsquo;impact environnemental r\u00e9duit \u00e0 l&rsquo;am\u00e9lioration de la sant\u00e9 et du bien-\u00eatre, l&rsquo;adoption de pratiques respectueuses de l&rsquo;environnement d\u00e9clenche une s\u00e9rie de changements positifs. <\/p>\n\n\n\n<p>C\u2019est ainsi que les individus trouvent satisfaction \u00e0 contribuer au bien-\u00eatre plan\u00e9taire, et la communaut\u00e9 mondiale b\u00e9n\u00e9ficie des efforts collectifs en vue d&rsquo;un avenir plus durable et r\u00e9silient. Les avantages s&rsquo;\u00e9tendent au-del\u00e0 des sph\u00e8res personnelles, soulignant l&rsquo;interconnexion des actions individuelles et leur impact plus large sur le bien-\u00eatre de notre plan\u00e8te et de ses habitants.<\/p>\n\n\n\n<h2 class=\"wp-block-heading\">D\u00e9fis de l&rsquo;\u00e9ducation environnementale<\/h2>\n\n\n\n<p><strong>R\u00e9v\u00e9lation des obstacles sur le chemin de l&rsquo;illumination environnementale.<\/strong> Aborder les d\u00e9fis est essentiel pour affiner et renforcer les initiatives d&rsquo;\u00e9ducation environnementale.  Identifier et comprendre ces d\u00e9fis est crucial pour d\u00e9velopper des strat\u00e9gies efficaces et assurer le succ\u00e8s des programmes d&rsquo;\u00e9ducation environnementale. Bien qu&rsquo;il s&rsquo;agisse de surmonter la r\u00e9sistance au changement, de traiter les disparit\u00e9s socio-\u00e9conomiques, ou d&rsquo;adapter les m\u00e9thodes \u00e9ducatives \u00e0 divers publics, reconna\u00eetre et relever ces d\u00e9fis est essentiel pour favoriser une soci\u00e9t\u00e9 plus consciente de l&rsquo;environnement. <\/p>\n\n\n\n<p>En effet en r\u00e9v\u00e9lant et en confrontant ces obstacles, le domaine de l&rsquo;\u00e9ducation environnementale peut \u00e9voluer et devenir plus r\u00e9silient, contribuant finalement \u00e0 une diffusion plus large et plus efficace des connaissances et de la sensibilisation aux probl\u00e9matiques environnementales.<\/p>\n\n\n\n<h2 class=\"wp-block-heading\">Cultiver des habitudes durables<\/h2>\n\n\n\n<p><strong>Transformer la connaissance en habitudes.<\/strong> Comprenez le processus de cultiver des habitudes durables gr\u00e2ce \u00e0 une \u00e9ducation environnementale constante. Cette section explore la transition de la sensibilisation \u00e0 l&rsquo;action, mettant en avant l&rsquo;importance d&rsquo;int\u00e9grer les connaissances environnementales dans les pratiques quotidiennes. Ainsi cultiver des habitudes durables n\u00e9cessite une approche \u00e9ducative continue qui renforce le lien entre les actions individuelles et leur impact sur l&rsquo;environnement. En offrant des perspectives sur les m\u00e9canismes de formation des habitudes dans le contexte de l&rsquo;\u00e9ducation environnementale, les individus peuvent mieux int\u00e9grer les comportements respectueux de l&rsquo;environnement. <\/p>\n\n\n\n<p>Cette compr\u00e9hension devient un catalyseur de changement durable, permettant aux individus d&rsquo;incorporer naturellement des choix durables dans leur mode de vie. L&rsquo;objectif est d&rsquo;autonomiser les individus non seulement avec des connaissances, mais aussi avec les comp\u00e9tences et la mentalit\u00e9 n\u00e9cessaires dans le but de transformer ces connaissances en habitudes durables et significatives, contribuant \u00e0 un mode de vie plus conscient de l&rsquo;environnement.<\/p>\n\n\n\n<h2 class=\"wp-block-heading\"> L&rsquo;impact du plaidoyer environnemental<\/h2>\n\n\n\n<p><strong>Devenez un d\u00e9fenseur du changement !<\/strong> Explorez l&rsquo;effet domino des actions individuelles pour cr\u00e9er une soci\u00e9t\u00e9 plus consciente de l&rsquo;environnement. Cette section plonge dans la puissance transformative du plaidoyer environnemental, encourageant les individus \u00e0 embrasser leur r\u00f4le en tant qu&rsquo;agents de changement. En plaidant en faveur de pratiques durables et en sensibilisant aux probl\u00e9matiques environnementales, les individus peuvent d\u00e9clencher une r\u00e9action en cha\u00eene inspirant une action collective. <\/p>\n\n\n\n<p>L&rsquo;effet d&rsquo;entra\u00eenement de ces efforts individuels contribue \u00e0 l&rsquo;objectif plus large de favoriser une soci\u00e9t\u00e9 profond\u00e9ment consciente et engag\u00e9e envers la pr\u00e9servation de l&rsquo;environnement. En tant que d\u00e9fenseurs du changement, les individus jouent un r\u00f4le central dans l&rsquo;influence des normes et politiques soci\u00e9tales, catalysant le passage vers un avenir plus durable et \u00e9cologiquement responsable. Mettant en avant l&rsquo;impact cumulatif du plaidoyer individuel, qui favorisent la sensibilisation environnementale et contribuent \u00e0 un changement environnemental positif.<\/p>\n\n\n\n<h2 class=\"wp-block-heading\"> Perspectives futures : \u00c9lever des \u00e9co-leaders<\/h2>\n\n\n\n<p><strong>Fa\u00e7onner les leaders de demain.<\/strong> Plongez dans les possibilit\u00e9s de former des leaders \u00e9cologiquement conscients gr\u00e2ce \u00e0 une \u00e9ducation robuste. Il faut dire potentiel de l&rsquo;\u00e9ducation de fa\u00e7onner des individus qui poss\u00e8dent non seulement des qualit\u00e9s de leadership, mais qui t\u00e9moignent \u00e9galement d&rsquo;un engagement profond envers la durabilit\u00e9 environnementale. En mettant l&rsquo;accent sur l&rsquo;importance d&rsquo;une \u00e9ducation environnementale compl\u00e8te, elle vise \u00e0 inspirer une nouvelle g\u00e9n\u00e9ration de leaders capables de prendre des d\u00e9cisions \u00e9clair\u00e9es et respectueuses de l&rsquo;environnement. <\/p>\n\n\n\n<p>Enfin ces \u00e9co-leaders sont envisag\u00e9s comme des moteurs de changement positif, influen\u00e7ant les politiques et les pratiques qui accordent la priorit\u00e9 au bien-\u00eatre \u00e9cologique. En fin de compte, l&rsquo;objectif est de cr\u00e9er un groupe de leaders qui contribueront \u00e0 un monde plus r\u00e9silient et durable sur le plan environnemental.<\/p>","protected":false},"excerpt":{"rendered":"<p>Il est facile de n\u00e9gliger l&rsquo;impact profond que nos actions ont sur l&rsquo;environnement. Pourtant, l&rsquo;\u00e9ducation \u00e0 l&rsquo;environnement est cruciale pour former une g\u00e9n\u00e9ration de d\u00e9fenseurs de l&rsquo;environnement. Embarquons dans un voyage explorant l&rsquo;importance de l&rsquo;\u00e9ducation environnementale et comment elle fa\u00e7onne les futurs gardiens de notre Terre. Qu&rsquo;est-ce que l&rsquo;\u00e9ducation \u00e0 l&rsquo;environnement ? Tout d&rsquo;abord, l&rsquo;\u00e9ducation [&hellip;]<\/p>","protected":false},"author":3,"featured_media":2561,"comment_status":"open","ping_status":"open","sticky":false,"template":"","format":"standard","meta":{"footnotes":""},"categories":[1],"tags":[14,38,97,23,162,18,161],"class_list":["post-2560","post","type-post","status-publish","format-standard","has-post-thumbnail","hentry","category-blog","tag-apprentissage","tag-developpement-durable","tag-education-2","tag-eleve","tag-environnement","tag-etablissement-scolaire","tag-planete"],"yoast_head":"<!-- This site is optimized with the Yoast SEO plugin v24.2 - https:\/\/yoast.com\/wordpress\/plugins\/seo\/ -->\n<title>L&#039;\u00e9ducation \u00e0 l&#039;environnement<\/title>\n<meta name=\"description\" content=\"L\u2019\u00e9ducation \u00e0 l\u2019environnement, d\u00e9couvrez comment cette \u00e9ducation cr\u00e9e une conscience durable pour la plan\u00e8te.\" \/>\n<meta name=\"robots\" content=\"index, follow, max-snippet:-1, max-image-preview:large, max-video-preview:-1\" \/>\n<link rel=\"canonical\" href=\"https:\/\/educap.io\/en\/leducation-a-lenvironnement-forme-les-futurs-defenseurs-de-la-planete\/\" \/>\n<meta property=\"og:locale\" content=\"en_US\" \/>\n<meta property=\"og:type\" content=\"article\" \/>\n<meta property=\"og:title\" content=\"L&#039;\u00e9ducation \u00e0 l&#039;environnement\" \/>\n<meta property=\"og:description\" content=\"L\u2019\u00e9ducation \u00e0 l\u2019environnement, d\u00e9couvrez comment cette \u00e9ducation cr\u00e9e une conscience durable pour la plan\u00e8te.\" \/>\n<meta property=\"og:url\" content=\"https:\/\/educap.io\/en\/leducation-a-lenvironnement-forme-les-futurs-defenseurs-de-la-planete\/\" \/>\n<meta property=\"og:site_name\" content=\"Educap\" \/>\n<meta property=\"article:publisher\" content=\"https:\/\/www.facebook.com\/educap.io\" \/>\n<meta property=\"article:published_time\" content=\"2024-01-10T14:55:46+00:00\" \/>\n<meta property=\"og:image\" content=\"https:\/\/educap.io\/wp-content\/uploads\/2024\/01\/Blog-Educap-1-1.jpg\" \/>\n\t<meta property=\"og:image:width\" content=\"1366\" \/>\n\t<meta property=\"og:image:height\" content=\"768\" \/>\n\t<meta property=\"og:image:type\" content=\"image\/jpeg\" \/>\n<meta name=\"author\" content=\"Julie CENTI\" \/>\n<meta name=\"twitter:card\" content=\"summary_large_image\" \/>\n<meta name=\"twitter:label1\" content=\"Written by\" \/>\n\t<meta name=\"twitter:data1\" content=\"Julie CENTI\" \/>\n\t<meta name=\"twitter:label2\" content=\"Est. reading time\" \/>\n\t<meta name=\"twitter:data2\" content=\"7 minutes\" \/>\n<script type=\"application\/ld+json\" class=\"yoast-schema-graph\">{\"@context\":\"https:\/\/schema.org\",\"@graph\":[{\"@type\":\"WebPage\",\"@id\":\"https:\/\/educap.io\/leducation-a-lenvironnement-forme-les-futurs-defenseurs-de-la-planete\/\",\"url\":\"https:\/\/educap.io\/leducation-a-lenvironnement-forme-les-futurs-defenseurs-de-la-planete\/\",\"name\":\"L'\u00e9ducation \u00e0 l'environnement\",\"isPartOf\":{\"@id\":\"https:\/\/educap.io\/#website\"},\"primaryImageOfPage\":{\"@id\":\"https:\/\/educap.io\/leducation-a-lenvironnement-forme-les-futurs-defenseurs-de-la-planete\/#primaryimage\"},\"image\":{\"@id\":\"https:\/\/educap.io\/leducation-a-lenvironnement-forme-les-futurs-defenseurs-de-la-planete\/#primaryimage\"},\"thumbnailUrl\":\"https:\/\/educap.io\/wp-content\/uploads\/2024\/01\/Blog-Educap-1-1.jpg\",\"datePublished\":\"2024-01-10T14:55:46+00:00\",\"dateModified\":\"2024-01-10T14:55:46+00:00\",\"author\":{\"@id\":\"https:\/\/educap.io\/#\/schema\/person\/af1d7ee1c5a45e1e89d8f75d7e92c114\"},\"description\":\"L\u2019\u00e9ducation \u00e0 l\u2019environnement, d\u00e9couvrez comment cette \u00e9ducation cr\u00e9e une conscience durable pour la plan\u00e8te.\",\"breadcrumb\":{\"@id\":\"https:\/\/educap.io\/leducation-a-lenvironnement-forme-les-futurs-defenseurs-de-la-planete\/#breadcrumb\"},\"inLanguage\":\"en-US\",\"potentialAction\":[{\"@type\":\"ReadAction\",\"target\":[\"https:\/\/educap.io\/leducation-a-lenvironnement-forme-les-futurs-defenseurs-de-la-planete\/\"]}]},{\"@type\":\"ImageObject\",\"inLanguage\":\"en-US\",\"@id\":\"https:\/\/educap.io\/leducation-a-lenvironnement-forme-les-futurs-defenseurs-de-la-planete\/#primaryimage\",\"url\":\"https:\/\/educap.io\/wp-content\/uploads\/2024\/01\/Blog-Educap-1-1.jpg\",\"contentUrl\":\"https:\/\/educap.io\/wp-content\/uploads\/2024\/01\/Blog-Educap-1-1.jpg\",\"width\":1366,\"height\":768,\"caption\":\"L\u2019\u00e9ducation \u00e0 l\u2019environnement\"},{\"@type\":\"BreadcrumbList\",\"@id\":\"https:\/\/educap.io\/leducation-a-lenvironnement-forme-les-futurs-defenseurs-de-la-planete\/#breadcrumb\",\"itemListElement\":[{\"@type\":\"ListItem\",\"position\":1,\"name\":\"Accueil\",\"item\":\"https:\/\/educap.io\/fr_fr\/\"},{\"@type\":\"ListItem\",\"position\":2,\"name\":\"L&rsquo;\u00e9ducation \u00e0 l&rsquo;environnement : form\u00e9 les futurs d\u00e9fenseurs de la plan\u00e8te.\"}]},{\"@type\":\"WebSite\",\"@id\":\"https:\/\/educap.io\/#website\",\"url\":\"https:\/\/educap.io\/\",\"name\":\"Educap\",\"description\":\"\",\"potentialAction\":[{\"@type\":\"SearchAction\",\"target\":{\"@type\":\"EntryPoint\",\"urlTemplate\":\"https:\/\/educap.io\/?s={search_term_string}\"},\"query-input\":{\"@type\":\"PropertyValueSpecification\",\"valueRequired\":true,\"valueName\":\"search_term_string\"}}],\"inLanguage\":\"en-US\"},{\"@type\":\"Person\",\"@id\":\"https:\/\/educap.io\/#\/schema\/person\/af1d7ee1c5a45e1e89d8f75d7e92c114\",\"name\":\"Julie CENTI\",\"image\":{\"@type\":\"ImageObject\",\"inLanguage\":\"en-US\",\"@id\":\"https:\/\/educap.io\/#\/schema\/person\/image\/\",\"url\":\"https:\/\/secure.gravatar.com\/avatar\/004044df9ff916f2557184884b7bfa29ede68f0506217a17a729109cd76ee8af?s=96&d=mm&r=g\",\"contentUrl\":\"https:\/\/secure.gravatar.com\/avatar\/004044df9ff916f2557184884b7bfa29ede68f0506217a17a729109cd76ee8af?s=96&d=mm&r=g\",\"caption\":\"Julie CENTI\"},\"sameAs\":[\"https:\/\/educap.io\/\"],\"url\":\"https:\/\/educap.io\/en\/author\/emna-chacha\/\"}]}<\/script>\n<!-- \/ Yoast SEO plugin. -->","yoast_head_json":{"title":"L'\u00e9ducation \u00e0 l'environnement","description":"L\u2019\u00e9ducation \u00e0 l\u2019environnement, d\u00e9couvrez comment cette \u00e9ducation cr\u00e9e une conscience durable pour la plan\u00e8te.","robots":{"index":"index","follow":"follow","max-snippet":"max-snippet:-1","max-image-preview":"max-image-preview:large","max-video-preview":"max-video-preview:-1"},"canonical":"https:\/\/educap.io\/en\/leducation-a-lenvironnement-forme-les-futurs-defenseurs-de-la-planete\/","og_locale":"en_US","og_type":"article","og_title":"L'\u00e9ducation \u00e0 l'environnement","og_description":"L\u2019\u00e9ducation \u00e0 l\u2019environnement, d\u00e9couvrez comment cette \u00e9ducation cr\u00e9e une conscience durable pour la plan\u00e8te.","og_url":"https:\/\/educap.io\/en\/leducation-a-lenvironnement-forme-les-futurs-defenseurs-de-la-planete\/","og_site_name":"Educap","article_publisher":"https:\/\/www.facebook.com\/educap.io","article_published_time":"2024-01-10T14:55:46+00:00","og_image":[{"width":1366,"height":768,"url":"https:\/\/educap.io\/wp-content\/uploads\/2024\/01\/Blog-Educap-1-1.jpg","type":"image\/jpeg"}],"author":"Julie CENTI","twitter_card":"summary_large_image","twitter_misc":{"Written by":"Julie CENTI","Est. reading time":"7 minutes"},"schema":{"@context":"https:\/\/schema.org","@graph":[{"@type":"WebPage","@id":"https:\/\/educap.io\/leducation-a-lenvironnement-forme-les-futurs-defenseurs-de-la-planete\/","url":"https:\/\/educap.io\/leducation-a-lenvironnement-forme-les-futurs-defenseurs-de-la-planete\/","name":"L'\u00e9ducation \u00e0 l'environnement","isPartOf":{"@id":"https:\/\/educap.io\/#website"},"primaryImageOfPage":{"@id":"https:\/\/educap.io\/leducation-a-lenvironnement-forme-les-futurs-defenseurs-de-la-planete\/#primaryimage"},"image":{"@id":"https:\/\/educap.io\/leducation-a-lenvironnement-forme-les-futurs-defenseurs-de-la-planete\/#primaryimage"},"thumbnailUrl":"https:\/\/educap.io\/wp-content\/uploads\/2024\/01\/Blog-Educap-1-1.jpg","datePublished":"2024-01-10T14:55:46+00:00","dateModified":"2024-01-10T14:55:46+00:00","author":{"@id":"https:\/\/educap.io\/#\/schema\/person\/af1d7ee1c5a45e1e89d8f75d7e92c114"},"description":"L\u2019\u00e9ducation \u00e0 l\u2019environnement, d\u00e9couvrez comment cette \u00e9ducation cr\u00e9e une conscience durable pour la plan\u00e8te.","breadcrumb":{"@id":"https:\/\/educap.io\/leducation-a-lenvironnement-forme-les-futurs-defenseurs-de-la-planete\/#breadcrumb"},"inLanguage":"en-US","potentialAction":[{"@type":"ReadAction","target":["https:\/\/educap.io\/leducation-a-lenvironnement-forme-les-futurs-defenseurs-de-la-planete\/"]}]},{"@type":"ImageObject","inLanguage":"en-US","@id":"https:\/\/educap.io\/leducation-a-lenvironnement-forme-les-futurs-defenseurs-de-la-planete\/#primaryimage","url":"https:\/\/educap.io\/wp-content\/uploads\/2024\/01\/Blog-Educap-1-1.jpg","contentUrl":"https:\/\/educap.io\/wp-content\/uploads\/2024\/01\/Blog-Educap-1-1.jpg","width":1366,"height":768,"caption":"L\u2019\u00e9ducation \u00e0 l\u2019environnement"},{"@type":"BreadcrumbList","@id":"https:\/\/educap.io\/leducation-a-lenvironnement-forme-les-futurs-defenseurs-de-la-planete\/#breadcrumb","itemListElement":[{"@type":"ListItem","position":1,"name":"Accueil","item":"https:\/\/educap.io\/fr_fr\/"},{"@type":"ListItem","position":2,"name":"L&rsquo;\u00e9ducation \u00e0 l&rsquo;environnement : form\u00e9 les futurs d\u00e9fenseurs de la plan\u00e8te."}]},{"@type":"WebSite","@id":"https:\/\/educap.io\/#website","url":"https:\/\/educap.io\/","name":"Educap","description":"","potentialAction":[{"@type":"SearchAction","target":{"@type":"EntryPoint","urlTemplate":"https:\/\/educap.io\/?s={search_term_string}"},"query-input":{"@type":"PropertyValueSpecification","valueRequired":true,"valueName":"search_term_string"}}],"inLanguage":"en-US"},{"@type":"Person","@id":"https:\/\/educap.io\/#\/schema\/person\/af1d7ee1c5a45e1e89d8f75d7e92c114","name":"Julie CENTI","image":{"@type":"ImageObject","inLanguage":"en-US","@id":"https:\/\/educap.io\/#\/schema\/person\/image\/","url":"https:\/\/secure.gravatar.com\/avatar\/004044df9ff916f2557184884b7bfa29ede68f0506217a17a729109cd76ee8af?s=96&d=mm&r=g","contentUrl":"https:\/\/secure.gravatar.com\/avatar\/004044df9ff916f2557184884b7bfa29ede68f0506217a17a729109cd76ee8af?s=96&d=mm&r=g","caption":"Julie CENTI"},"sameAs":["https:\/\/educap.io\/"],"url":"https:\/\/educap.io\/en\/author\/emna-chacha\/"}]}},"_links":{"self":[{"href":"https:\/\/educap.io\/en\/wp-json\/wp\/v2\/posts\/2560","targetHints":{"allow":["GET"]}}],"collection":[{"href":"https:\/\/educap.io\/en\/wp-json\/wp\/v2\/posts"}],"about":[{"href":"https:\/\/educap.io\/en\/wp-json\/wp\/v2\/types\/post"}],"author":[{"embeddable":true,"href":"https:\/\/educap.io\/en\/wp-json\/wp\/v2\/users\/3"}],"replies":[{"embeddable":true,"href":"https:\/\/educap.io\/en\/wp-json\/wp\/v2\/comments?post=2560"}],"version-history":[{"count":2,"href":"https:\/\/educap.io\/en\/wp-json\/wp\/v2\/posts\/2560\/revisions"}],"predecessor-version":[{"id":2563,"href":"https:\/\/educap.io\/en\/wp-json\/wp\/v2\/posts\/2560\/revisions\/2563"}],"wp:featuredmedia":[{"embeddable":true,"href":"https:\/\/educap.io\/en\/wp-json\/wp\/v2\/media\/2561"}],"wp:attachment":[{"href":"https:\/\/educap.io\/en\/wp-json\/wp\/v2\/media?parent=2560"}],"wp:term":[{"taxonomy":"category","embeddable":true,"href":"https:\/\/educap.io\/en\/wp-json\/wp\/v2\/categories?post=2560"},{"taxonomy":"post_tag","embeddable":true,"href":"https:\/\/educap.io\/en\/wp-json\/wp\/v2\/tags?post=2560"}],"curies":[{"name":"wp","href":"https:\/\/api.w.org\/{rel}","templated":true}]}}