{"id":2394,"date":"2023-12-27T20:00:00","date_gmt":"2023-12-27T20:00:00","guid":{"rendered":"https:\/\/educap.io\/?p=2394"},"modified":"2024-01-03T11:48:20","modified_gmt":"2024-01-03T11:48:20","slug":"la-concentration-comment-creer-un-environnement-propice","status":"publish","type":"post","link":"https:\/\/educap.io\/en\/la-concentration-comment-creer-un-environnement-propice\/","title":{"rendered":"Comment cr\u00e9er un environnement propice \u00e0 la concentration ?"},"content":{"rendered":"<p>Dans l&rsquo;\u00e8re contemporaine, les \u00e9tudiants se retrouvent confront\u00e9s \u00e0 un d\u00e9fi croissant : maintenir leur concentration dans un monde constamment en \u00e9bullition. Entre les notifications incessantes, les environnements d&rsquo;\u00e9tude souvent impersonnels, et la tentation num\u00e9rique omnipr\u00e9sente, la capacit\u00e9 \u00e0 se plonger profond\u00e9ment dans la concentration devient un enjeu crucial. Afin de prosp\u00e9rer acad\u00e9miquement et professionnellement, il devient imp\u00e9ratif de comprendre et de ma\u00eetriser les m\u00e9canismes de la concentration. Cet article explore les diff\u00e9rentes facettes de la cr\u00e9ation d&rsquo;un environnement propice \u00e0 la concentration, offrant des conseils pratiques et des astuces pour surmonter les obstacles modernes.<\/p>\n\n\n\n<h2 class=\"wp-block-heading\"><strong>Comprendre la concentration<\/strong><\/h2>\n\n\n\n<p>La concentration transcende le simple fait de focaliser son attention de mani\u00e8re intense, elle r\u00e9side \u00e9galement dans la cr\u00e9ation d&rsquo;un environnement propice \u00e0 une attention prolong\u00e9e. Il ne s&rsquo;agit pas seulement d&rsquo;une action consciente, mais d&rsquo;une combinaison d&rsquo;\u00e9l\u00e9ments qui convergent pour cultiver un \u00e9tat mental propice \u00e0 la concentration. Pour v\u00e9ritablement ma\u00eetriser cet art, il est essentiel de plonger dans la compr\u00e9hension des besoins de votre esprit. Cela suppose de reconna\u00eetre les facteurs qui favorisent la clart\u00e9 mentale, de tenir compte des stimuli qui peuvent d\u00e9tourner votre attention, et d&rsquo;adapter vos environs en cons\u00e9quence. En comprenant les subtilit\u00e9s de ce processus, vous serez mieux \u00e9quip\u00e9 pour cr\u00e9er un espace dans lequel la concentration devient une seconde nature, permettant \u00e0 votre esprit de s&rsquo;\u00e9panouir dans un \u00e9tat d&rsquo;attention continue.<\/p>\n\n\n\n<h2 class=\"wp-block-heading\"><strong>Choisir le bon espace<\/strong><\/h2>\n\n\n\n<p>Tout d&rsquo;abord, la s\u00e9lection du bon environnement constitue le socle fondamental de la concentration. Donc, que vous optiez pour un coin douillet propice \u00e0 la r\u00e9flexion ou pour un espace de travail sp\u00e9cifiquement d\u00e9di\u00e9, il est primordial de d\u00e9nicher un lieu en r\u00e9sonance avec votre \u00eatre. L\u00e0 o\u00f9 les contours de l&rsquo;environnement se marient harmonieusement avec vos pr\u00e9f\u00e9rences personnelles, la concentration trouve son terreau fertile. Un coin de qui\u00e9tude ou un bureau pens\u00e9 pour l&rsquo;efficacit\u00e9, le choix de cet espace devient une d\u00e9claration d&rsquo;intention, une invitation \u00e0 votre esprit pour qu&rsquo;il plonge sans r\u00e9serve dans la mer de la concentration, lib\u00e9r\u00e9 des ondes perturbatrices qui pourraient l&rsquo;assaillir.<\/p>\n\n\n\n<h2 class=\"wp-block-heading\"><strong>Int\u00e9grer la verdure<\/strong><\/h2>\n\n\n\n<p>La nature d\u00e9ploie son pouvoir apaisant sur l&rsquo;esprit, une v\u00e9ritable symphonie visuelle et sensorielle. L&rsquo;int\u00e9gration de la verdure dans votre espace devient une cl\u00e9 pr\u00e9cieuse pour instaurer une atmosph\u00e8re propice \u00e0 la concentration. Que ce soit \u00e0 travers des plantes d&rsquo;int\u00e9rieur oxyg\u00e9nantes, des fleurs color\u00e9es, ou m\u00eame un coin de verdure ext\u00e9rieur visible par la fen\u00eatre, ces \u00e9l\u00e9ments naturels cr\u00e9ent un \u00e9quilibre visuel harmonieux. Au-del\u00e0 de l&rsquo;aspect esth\u00e9tique, la pr\u00e9sence de la nature dans votre environnement quotidien induit une sensation de tranquillit\u00e9 profonde. Les plantes, en plus d&rsquo;ajouter une touche de vie, contribuent \u00e0 purifier l&rsquo;air, cr\u00e9ant ainsi un espace frais et propice \u00e0 une r\u00e9flexion claire. En int\u00e9grant la verdure dans votre quotidien, vous ouvrez une porte vers une concentration accrue, o\u00f9 la s\u00e9r\u00e9nit\u00e9 de la nature devient une alli\u00e9e puissante pour apaiser votre esprit et stimuler votre focus.<\/p>\n\n\n\n<h2 class=\"wp-block-heading\"><strong>Ergonomie consciente<\/strong><\/h2>\n\n\n\n<p>Votre bien-\u00eatre physique n&rsquo;est pas simplement un luxe, mais une pierre angulaire de votre capacit\u00e9 \u00e0 vous concentrer efficacement. Plonger dans le monde de l&rsquo;ergonomie consciente signifie cr\u00e9er un espace de travail qui devient une extension naturelle de votre propre confort. Choisissez une chaise qui soutient ad\u00e9quatement votre posture, disposez votre bureau \u00e0 une hauteur ergonomique pour \u00e9viter des tensions inutiles, et assurez-vous que votre \u00e9cran est \u00e0 la hauteur des yeux pour pr\u00e9venir la fatigue oculaire. En prenant soin de ces d\u00e9tails, vous \u00e9rigez un sanctuaire dans lequel votre corps se sent soutenu, permettant ainsi \u00e0 votre esprit de plonger sans entrave dans la mer de la concentration. L&rsquo;ergonomie consciente devient ainsi un alli\u00e9 pr\u00e9cieux, favorisant non seulement une posture saine, mais aussi une focalisation mentale durable. En investissant dans le bien-\u00eatre physique, vous investissez simultan\u00e9ment dans la qualit\u00e9 et la durabilit\u00e9 de votre concentration.<\/p>\n\n\n\n<h2 class=\"wp-block-heading\"><strong>Techniques de d\u00e9tox num\u00e9rique<\/strong><\/h2>\n\n\n\n<p>\u00c0 l&rsquo;\u00e8re num\u00e9rique tr\u00e9pidante, o\u00f9 les notifications incessantes rivalisent pour capter votre attention, la n\u00e9cessit\u00e9 d&rsquo;une d\u00e9tox num\u00e9rique devient imp\u00e9rieuse. La surcharge d&rsquo;informations et les sonneries incessantes peuvent rapidement devenir des obstacles \u00e0 votre concentration et \u00e0 votre clart\u00e9 mentale. D\u00e9couvrez des techniques simples, mais puissantes pour reprendre le contr\u00f4le de votre espace mental. Commencez par d\u00e9finir des plages horaires sp\u00e9cifiques pour consulter vos emails et messages, \u00e9loignez-vous temporairement des r\u00e9seaux sociaux, et \u00e9teignez les notifications non essentielles. Ces strat\u00e9gies, combin\u00e9es \u00e0 des moments d\u00e9lib\u00e9r\u00e9s de d\u00e9connexion totale, vous permettront de lib\u00e9rer votre esprit des cha\u00eenes num\u00e9riques, privil\u00e9giant ainsi une concentration profonde et une clart\u00e9 mentale retrouv\u00e9e. La d\u00e9tox num\u00e9rique devient ainsi une bouff\u00e9e d&rsquo;air frais dans un monde num\u00e9rique fr\u00e9n\u00e9tique, offrant une voie vers une concentration renouvel\u00e9e et une pens\u00e9e plus lucide.<\/p>\n\n\n\n<p>Dans cet article, nous avons explor\u00e9 les divers aspects de la concentration, mettant en lumi\u00e8re l&rsquo;importance cruciale de cr\u00e9er un environnement propice \u00e0 cette facult\u00e9. De la compr\u00e9hension des besoins de l&rsquo;esprit \u00e0 l&rsquo;int\u00e9gration de la verdure, de l&rsquo;ergonomie consciente \u00e0 la d\u00e9tox num\u00e9rique, chaque \u00e9l\u00e9ment contribue \u00e0 \u00e9difier un sanctuaire mental favorisant une concentration profonde. La conclusion souligne l&rsquo;essence de cette d\u00e9marche, offrant des conseils pratiques pour lib\u00e9rer l&rsquo;esprit des entraves modernes. En embrassant ces principes, chacun peut forger un chemin vers une concentration et une productivit\u00e9 soutenue.<\/p>","protected":false},"excerpt":{"rendered":"<p>Dans l&rsquo;\u00e8re contemporaine, les \u00e9tudiants se retrouvent confront\u00e9s \u00e0 un d\u00e9fi croissant : maintenir leur concentration dans un monde constamment en \u00e9bullition. Entre les notifications incessantes, les environnements d&rsquo;\u00e9tude souvent impersonnels, et la tentation num\u00e9rique omnipr\u00e9sente, la capacit\u00e9 \u00e0 se plonger profond\u00e9ment dans la concentration devient un enjeu crucial. Afin de prosp\u00e9rer acad\u00e9miquement et professionnellement, [&hellip;]<\/p>","protected":false},"author":3,"featured_media":2478,"comment_status":"open","ping_status":"open","sticky":false,"template":"","format":"standard","meta":{"footnotes":""},"categories":[1],"tags":[14,155,23,21],"class_list":["post-2394","post","type-post","status-publish","format-standard","has-post-thumbnail","hentry","category-blog","tag-apprentissage","tag-concentration","tag-eleve","tag-enseignant"],"yoast_head":"<!-- This site is optimized with the Yoast SEO plugin v24.2 - https:\/\/yoast.com\/wordpress\/plugins\/seo\/ -->\n<title>La concentration : Comment cr\u00e9er un environnement propice ?<\/title>\n<meta name=\"description\" content=\"La concentration : Comment cr\u00e9er un environnement propice ? La concentration transcende le simple fait de focaliser son attention.\" \/>\n<meta name=\"robots\" content=\"index, follow, max-snippet:-1, max-image-preview:large, max-video-preview:-1\" \/>\n<link rel=\"canonical\" href=\"https:\/\/educap.io\/en\/la-concentration-comment-creer-un-environnement-propice\/\" \/>\n<meta property=\"og:locale\" content=\"en_US\" \/>\n<meta property=\"og:type\" content=\"article\" \/>\n<meta property=\"og:title\" content=\"La concentration : Comment cr\u00e9er un environnement propice ?\" \/>\n<meta property=\"og:description\" content=\"La concentration : Comment cr\u00e9er un environnement propice ? La concentration transcende le simple fait de focaliser son attention.\" \/>\n<meta property=\"og:url\" content=\"https:\/\/educap.io\/en\/la-concentration-comment-creer-un-environnement-propice\/\" \/>\n<meta property=\"og:site_name\" content=\"Educap\" \/>\n<meta property=\"article:publisher\" content=\"https:\/\/www.facebook.com\/educap.io\" \/>\n<meta property=\"article:published_time\" content=\"2023-12-27T20:00:00+00:00\" \/>\n<meta property=\"article:modified_time\" content=\"2024-01-03T11:48:20+00:00\" \/>\n<meta property=\"og:image\" content=\"https:\/\/educap.io\/wp-content\/uploads\/2023\/12\/Blog-Educap-2-3.png\" \/>\n\t<meta property=\"og:image:width\" content=\"1366\" \/>\n\t<meta property=\"og:image:height\" content=\"768\" \/>\n\t<meta property=\"og:image:type\" content=\"image\/png\" \/>\n<meta name=\"author\" content=\"Julie CENTI\" \/>\n<meta name=\"twitter:card\" content=\"summary_large_image\" \/>\n<meta name=\"twitter:label1\" content=\"Written by\" \/>\n\t<meta name=\"twitter:data1\" content=\"Julie CENTI\" \/>\n\t<meta name=\"twitter:label2\" content=\"Est. reading time\" \/>\n\t<meta name=\"twitter:data2\" content=\"5 minutes\" \/>\n<script type=\"application\/ld+json\" class=\"yoast-schema-graph\">{\"@context\":\"https:\/\/schema.org\",\"@graph\":[{\"@type\":\"WebPage\",\"@id\":\"https:\/\/educap.io\/la-concentration-comment-creer-un-environnement-propice\/\",\"url\":\"https:\/\/educap.io\/la-concentration-comment-creer-un-environnement-propice\/\",\"name\":\"La concentration : Comment cr\u00e9er un environnement propice ?\",\"isPartOf\":{\"@id\":\"https:\/\/educap.io\/#website\"},\"primaryImageOfPage\":{\"@id\":\"https:\/\/educap.io\/la-concentration-comment-creer-un-environnement-propice\/#primaryimage\"},\"image\":{\"@id\":\"https:\/\/educap.io\/la-concentration-comment-creer-un-environnement-propice\/#primaryimage\"},\"thumbnailUrl\":\"https:\/\/educap.io\/wp-content\/uploads\/2023\/12\/Blog-Educap-2-3.png\",\"datePublished\":\"2023-12-27T20:00:00+00:00\",\"dateModified\":\"2024-01-03T11:48:20+00:00\",\"author\":{\"@id\":\"https:\/\/educap.io\/#\/schema\/person\/af1d7ee1c5a45e1e89d8f75d7e92c114\"},\"description\":\"La concentration : Comment cr\u00e9er un environnement propice ? La concentration transcende le simple fait de focaliser son attention.\",\"breadcrumb\":{\"@id\":\"https:\/\/educap.io\/la-concentration-comment-creer-un-environnement-propice\/#breadcrumb\"},\"inLanguage\":\"en-US\",\"potentialAction\":[{\"@type\":\"ReadAction\",\"target\":[\"https:\/\/educap.io\/la-concentration-comment-creer-un-environnement-propice\/\"]}]},{\"@type\":\"ImageObject\",\"inLanguage\":\"en-US\",\"@id\":\"https:\/\/educap.io\/la-concentration-comment-creer-un-environnement-propice\/#primaryimage\",\"url\":\"https:\/\/educap.io\/wp-content\/uploads\/2023\/12\/Blog-Educap-2-3.png\",\"contentUrl\":\"https:\/\/educap.io\/wp-content\/uploads\/2023\/12\/Blog-Educap-2-3.png\",\"width\":1366,\"height\":768,\"caption\":\"Comment cr\u00e9er un environnement propice \u00e0 la concentration\"},{\"@type\":\"BreadcrumbList\",\"@id\":\"https:\/\/educap.io\/la-concentration-comment-creer-un-environnement-propice\/#breadcrumb\",\"itemListElement\":[{\"@type\":\"ListItem\",\"position\":1,\"name\":\"Accueil\",\"item\":\"https:\/\/educap.io\/fr_fr\/\"},{\"@type\":\"ListItem\",\"position\":2,\"name\":\"Comment cr\u00e9er un environnement propice \u00e0 la concentration ?\"}]},{\"@type\":\"WebSite\",\"@id\":\"https:\/\/educap.io\/#website\",\"url\":\"https:\/\/educap.io\/\",\"name\":\"Educap\",\"description\":\"\",\"potentialAction\":[{\"@type\":\"SearchAction\",\"target\":{\"@type\":\"EntryPoint\",\"urlTemplate\":\"https:\/\/educap.io\/?s={search_term_string}\"},\"query-input\":{\"@type\":\"PropertyValueSpecification\",\"valueRequired\":true,\"valueName\":\"search_term_string\"}}],\"inLanguage\":\"en-US\"},{\"@type\":\"Person\",\"@id\":\"https:\/\/educap.io\/#\/schema\/person\/af1d7ee1c5a45e1e89d8f75d7e92c114\",\"name\":\"Julie CENTI\",\"image\":{\"@type\":\"ImageObject\",\"inLanguage\":\"en-US\",\"@id\":\"https:\/\/educap.io\/#\/schema\/person\/image\/\",\"url\":\"https:\/\/secure.gravatar.com\/avatar\/004044df9ff916f2557184884b7bfa29ede68f0506217a17a729109cd76ee8af?s=96&d=mm&r=g\",\"contentUrl\":\"https:\/\/secure.gravatar.com\/avatar\/004044df9ff916f2557184884b7bfa29ede68f0506217a17a729109cd76ee8af?s=96&d=mm&r=g\",\"caption\":\"Julie CENTI\"},\"sameAs\":[\"https:\/\/educap.io\/\"],\"url\":\"https:\/\/educap.io\/en\/author\/emna-chacha\/\"}]}<\/script>\n<!-- \/ Yoast SEO plugin. -->","yoast_head_json":{"title":"La concentration : Comment cr\u00e9er un environnement propice ?","description":"La concentration : Comment cr\u00e9er un environnement propice ? La concentration transcende le simple fait de focaliser son attention.","robots":{"index":"index","follow":"follow","max-snippet":"max-snippet:-1","max-image-preview":"max-image-preview:large","max-video-preview":"max-video-preview:-1"},"canonical":"https:\/\/educap.io\/en\/la-concentration-comment-creer-un-environnement-propice\/","og_locale":"en_US","og_type":"article","og_title":"La concentration : Comment cr\u00e9er un environnement propice ?","og_description":"La concentration : Comment cr\u00e9er un environnement propice ? La concentration transcende le simple fait de focaliser son attention.","og_url":"https:\/\/educap.io\/en\/la-concentration-comment-creer-un-environnement-propice\/","og_site_name":"Educap","article_publisher":"https:\/\/www.facebook.com\/educap.io","article_published_time":"2023-12-27T20:00:00+00:00","article_modified_time":"2024-01-03T11:48:20+00:00","og_image":[{"width":1366,"height":768,"url":"https:\/\/educap.io\/wp-content\/uploads\/2023\/12\/Blog-Educap-2-3.png","type":"image\/png"}],"author":"Julie CENTI","twitter_card":"summary_large_image","twitter_misc":{"Written by":"Julie CENTI","Est. reading time":"5 minutes"},"schema":{"@context":"https:\/\/schema.org","@graph":[{"@type":"WebPage","@id":"https:\/\/educap.io\/la-concentration-comment-creer-un-environnement-propice\/","url":"https:\/\/educap.io\/la-concentration-comment-creer-un-environnement-propice\/","name":"La concentration : Comment cr\u00e9er un environnement propice ?","isPartOf":{"@id":"https:\/\/educap.io\/#website"},"primaryImageOfPage":{"@id":"https:\/\/educap.io\/la-concentration-comment-creer-un-environnement-propice\/#primaryimage"},"image":{"@id":"https:\/\/educap.io\/la-concentration-comment-creer-un-environnement-propice\/#primaryimage"},"thumbnailUrl":"https:\/\/educap.io\/wp-content\/uploads\/2023\/12\/Blog-Educap-2-3.png","datePublished":"2023-12-27T20:00:00+00:00","dateModified":"2024-01-03T11:48:20+00:00","author":{"@id":"https:\/\/educap.io\/#\/schema\/person\/af1d7ee1c5a45e1e89d8f75d7e92c114"},"description":"La concentration : Comment cr\u00e9er un environnement propice ? La concentration transcende le simple fait de focaliser son attention.","breadcrumb":{"@id":"https:\/\/educap.io\/la-concentration-comment-creer-un-environnement-propice\/#breadcrumb"},"inLanguage":"en-US","potentialAction":[{"@type":"ReadAction","target":["https:\/\/educap.io\/la-concentration-comment-creer-un-environnement-propice\/"]}]},{"@type":"ImageObject","inLanguage":"en-US","@id":"https:\/\/educap.io\/la-concentration-comment-creer-un-environnement-propice\/#primaryimage","url":"https:\/\/educap.io\/wp-content\/uploads\/2023\/12\/Blog-Educap-2-3.png","contentUrl":"https:\/\/educap.io\/wp-content\/uploads\/2023\/12\/Blog-Educap-2-3.png","width":1366,"height":768,"caption":"Comment cr\u00e9er un environnement propice \u00e0 la concentration"},{"@type":"BreadcrumbList","@id":"https:\/\/educap.io\/la-concentration-comment-creer-un-environnement-propice\/#breadcrumb","itemListElement":[{"@type":"ListItem","position":1,"name":"Accueil","item":"https:\/\/educap.io\/fr_fr\/"},{"@type":"ListItem","position":2,"name":"Comment cr\u00e9er un environnement propice \u00e0 la concentration ?"}]},{"@type":"WebSite","@id":"https:\/\/educap.io\/#website","url":"https:\/\/educap.io\/","name":"Educap","description":"","potentialAction":[{"@type":"SearchAction","target":{"@type":"EntryPoint","urlTemplate":"https:\/\/educap.io\/?s={search_term_string}"},"query-input":{"@type":"PropertyValueSpecification","valueRequired":true,"valueName":"search_term_string"}}],"inLanguage":"en-US"},{"@type":"Person","@id":"https:\/\/educap.io\/#\/schema\/person\/af1d7ee1c5a45e1e89d8f75d7e92c114","name":"Julie CENTI","image":{"@type":"ImageObject","inLanguage":"en-US","@id":"https:\/\/educap.io\/#\/schema\/person\/image\/","url":"https:\/\/secure.gravatar.com\/avatar\/004044df9ff916f2557184884b7bfa29ede68f0506217a17a729109cd76ee8af?s=96&d=mm&r=g","contentUrl":"https:\/\/secure.gravatar.com\/avatar\/004044df9ff916f2557184884b7bfa29ede68f0506217a17a729109cd76ee8af?s=96&d=mm&r=g","caption":"Julie CENTI"},"sameAs":["https:\/\/educap.io\/"],"url":"https:\/\/educap.io\/en\/author\/emna-chacha\/"}]}},"_links":{"self":[{"href":"https:\/\/educap.io\/en\/wp-json\/wp\/v2\/posts\/2394","targetHints":{"allow":["GET"]}}],"collection":[{"href":"https:\/\/educap.io\/en\/wp-json\/wp\/v2\/posts"}],"about":[{"href":"https:\/\/educap.io\/en\/wp-json\/wp\/v2\/types\/post"}],"author":[{"embeddable":true,"href":"https:\/\/educap.io\/en\/wp-json\/wp\/v2\/users\/3"}],"replies":[{"embeddable":true,"href":"https:\/\/educap.io\/en\/wp-json\/wp\/v2\/comments?post=2394"}],"version-history":[{"count":1,"href":"https:\/\/educap.io\/en\/wp-json\/wp\/v2\/posts\/2394\/revisions"}],"predecessor-version":[{"id":2396,"href":"https:\/\/educap.io\/en\/wp-json\/wp\/v2\/posts\/2394\/revisions\/2396"}],"wp:featuredmedia":[{"embeddable":true,"href":"https:\/\/educap.io\/en\/wp-json\/wp\/v2\/media\/2478"}],"wp:attachment":[{"href":"https:\/\/educap.io\/en\/wp-json\/wp\/v2\/media?parent=2394"}],"wp:term":[{"taxonomy":"category","embeddable":true,"href":"https:\/\/educap.io\/en\/wp-json\/wp\/v2\/categories?post=2394"},{"taxonomy":"post_tag","embeddable":true,"href":"https:\/\/educap.io\/en\/wp-json\/wp\/v2\/tags?post=2394"}],"curies":[{"name":"wp","href":"https:\/\/api.w.org\/{rel}","templated":true}]}}