{"id":2353,"date":"2023-12-07T10:00:00","date_gmt":"2023-12-07T10:00:00","guid":{"rendered":"https:\/\/educap.io\/?p=2353"},"modified":"2023-12-01T14:05:09","modified_gmt":"2023-12-01T14:05:09","slug":"la-litterature-et-la-lecture-critique-lenseigner-aux-eleves","status":"publish","type":"post","link":"https:\/\/educap.io\/en\/la-litterature-et-la-lecture-critique-lenseigner-aux-eleves\/","title":{"rendered":"Quelles sont les meilleures approches pour enseigner la litt\u00e9rature et la lecture critique aux \u00e9l\u00e8ves ?"},"content":{"rendered":"<h2 class=\"wp-block-heading\"><strong>L&rsquo;Importance de la litt\u00e9rature<\/strong><\/h2>\n\n\n\n<p>La litt\u00e9rature n&rsquo;est pas simplement une suite de mots imprim\u00e9s sur des pages. Elle repr\u00e9sente une fen\u00eatre ouverte sur la richesse et la diversit\u00e9 de l&rsquo;exp\u00e9rience humaine. En explorant les pages d&rsquo;un livre, nous voyageons \u00e0 travers le temps et l&rsquo;espace, d\u00e9couvrant des univers nouveaux et des perspectives in\u00e9dites.<\/p>\n\n\n\n<p>La litt\u00e9rature devient ainsi la cl\u00e9 qui d\u00e9verrouille les portes de la compr\u00e9hension humaine. Chaque roman, po\u00e8me ou conte est une invitation \u00e0 entrer dans le monde int\u00e9rieur d&rsquo;un auteur, \u00e0 partager ses pens\u00e9es les plus profondes et \u00e0 ressentir les \u00e9motions qui ont donn\u00e9 naissance \u00e0 son \u0153uvre.<\/p>\n\n\n\n<p>En nous plongeant dans la litt\u00e9rature, nous \u00e9largissons notre perspective. <\/p>\n\n\n\n<p>Nous ne nous confinons plus \u00e0 notre propre r\u00e9alit\u00e9, mais nous adoptons les exp\u00e9riences et les perspectives d&rsquo;autres individus, souvent issus de lieux lointains sur la plan\u00e8te ou d&rsquo;\u00e9poques r\u00e9volues. <\/p>\n\n\n\n<p>C&rsquo;est une danse fascinante \u00e0 travers les cultures, une c\u00e9l\u00e9bration de la diversit\u00e9 qui caract\u00e9rise l&rsquo;humanit\u00e9.<\/p>\n\n\n\n<p>La litt\u00e9rature, loin d&rsquo;\u00eatre un simple passe-temps, devient ainsi un moyen puissant de construire des ponts entre les individus, les g\u00e9n\u00e9rations et les civilisations. Elle nous enseigne l&#8217;empathie en nous faisant entrer dans la peau d&rsquo;autres \u00eatres humains, nous confrontant \u00e0 leurs luttes, leurs joies et leurs peines.<\/p>\n\n\n\n<h2 class=\"wp-block-heading\"><strong>Cr\u00e9er un environnement stimulant<\/strong><\/h2>\n\n\n\n<p>Dans le monde de l&rsquo;enseignement de la litt\u00e9rature, l&rsquo;environnement dans lequel les \u00e9l\u00e8ves \u00e9voluent joue un r\u00f4le essentiel. Imaginez une salle de classe non pas comme un simple espace avec des murs, mais comme un th\u00e9\u00e2tre dans lequel se d\u00e9roule la magie de la d\u00e9couverte litt\u00e9raire.<\/p>\n\n\n\n<p>Cr\u00e9er un environnement stimulant ne se limite pas \u00e0 la d\u00e9coration des murs, bien que cela puisse certainement contribuer. C&rsquo;est avant tout une question de sensation, une atmosph\u00e8re qui titille la curiosit\u00e9 et qui encourage l&rsquo;exploration intellectuelle. Une salle de classe stimulante est comme une invitation \u00e0 un voyage litt\u00e9raire, un endroit o\u00f9 chaque coin r\u00e9sonne de possibilit\u00e9s.<\/p>\n\n\n\n<p>Lorsque les \u00e9l\u00e8ves entrent dans une telle atmosph\u00e8re, ils ressentent instinctivement que quelque chose d&rsquo;excitant se pr\u00e9pare. Les murs peuvent \u00eatre orn\u00e9s d&rsquo;affiches illustrant des sc\u00e8nes de livres classiques, les \u00e9tag\u00e8res remplies d&rsquo;\u0153uvres diverses pr\u00eates \u00e0 \u00eatre d\u00e9couvertes. Chaque \u00e9l\u00e9ment de la salle, chaque coin, devient une partie int\u00e9grante de l&rsquo;aventure litt\u00e9raire qui les attend.<\/p>\n\n\n\n<p>L&rsquo;atmosph\u00e8re stimulante va au-del\u00e0 de la d\u00e9coration physique. C&rsquo;est aussi la mani\u00e8re dont le professeur pr\u00e9sente les concepts, avec une passion contagieuse qui allume le feu de la curiosit\u00e9 chez les \u00e9l\u00e8ves. Les discussions sont vivantes, les questions sont des portes ouvertes vers la r\u00e9flexion, et chaque \u00e9l\u00e8ve se sent invit\u00e9 \u00e0 participer activement.<\/p>\n\n\n\n<p>En stimulant l&rsquo;imagination des \u00e9l\u00e8ves, on favorise une compr\u00e9hension plus profonde. Lorsque l&rsquo;environnement inspire, les barri\u00e8res de la routine quotidienne tombent, permettant aux esprits de s&rsquo;envoler dans le monde riche et imaginatif de la litt\u00e9rature. Les \u00e9l\u00e8ves ne lisent plus simplement des mots, ils cr\u00e9ent des images mentales, vivent des aventures et explorent des id\u00e9es.<\/p>\n\n\n\n<h2 class=\"wp-block-heading\"><strong>Encourager la discussion ouverte<\/strong><\/h2>\n\n\n\n<p>Dans le processus d&rsquo;enseignement de la litt\u00e9rature, la discussion ouverte est bien plus qu&rsquo;une simple activit\u00e9. C&rsquo;est une passerelle vers l&rsquo;\u00e9panouissement de la pens\u00e9e critique chez les \u00e9l\u00e8ves. En encourageant les d\u00e9bats ouverts, nous offrons \u00e0 nos \u00e9tudiants une plateforme o\u00f9 leurs id\u00e9es peuvent s&rsquo;\u00e9panouir, o\u00f9 la r\u00e9flexion devient une danse dynamique d&rsquo;opinions vari\u00e9es.<\/p>\n\n\n\n<p>Les d\u00e9bats ouverts ressemblent \u00e0 des jardins o\u00f9 les graines de la pens\u00e9e critique sont sem\u00e9es et entretenues. Lorsque les \u00e9l\u00e8ves expriment leurs opinions, d\u00e9fendent leurs points de vue et \u00e9coutent les autres, ils acqui\u00e8rent une compr\u00e9hension plus profonde des nuances pr\u00e9sentes dans la litt\u00e9rature. Cela va au-del\u00e0 de la simple compr\u00e9hension du texte, car cela implique \u00e9galement la capacit\u00e9 \u00e0 remettre en question, analyser et formuler des arguments solides.<\/p>\n\n\n\n<p>La discussion ouverte favorise une approche active de l&rsquo;apprentissage. Les \u00e9l\u00e8ves ne sont plus de simples r\u00e9ceptacles passifs d&rsquo;informations, mais deviennent des participants engag\u00e9s dans la construction collective de la compr\u00e9hension. Chacun apporte sa perspective unique, \u00e9largissant ainsi la vision globale de la classe.<\/p>\n\n\n\n<p>En lib\u00e9rant la pens\u00e9e critique, les d\u00e9bats ouverts enseignent par ailleurs le respect des opinions divergentes. Les \u00e9l\u00e8ves apprennent \u00e0 \u00e9couter avec attention, \u00e0 consid\u00e9rer diff\u00e9rentes perspectives et \u00e0 ajuster leurs propres id\u00e9es en fonction des arguments pr\u00e9sent\u00e9s. Cela cr\u00e9e un environnement dans lequel la diversit\u00e9 des opinions est c\u00e9l\u00e9br\u00e9e, stimulant la croissance intellectuelle de chacun.<\/p>\n\n\n\n<h2 class=\"wp-block-heading\"><strong>La puissance des groupes de lecture<\/strong><\/h2>\n\n\n\n<p>Plongeons dans l&rsquo;univers captivant des groupes de lecture, o\u00f9 la magie de la litt\u00e9rature prend une nouvelle dimension. Ces rassemblements ne sont pas simplement des r\u00e9unions informelles, mais des ar\u00e8nes o\u00f9 la puissance du partage transforme la lecture en une aventure collective.<\/p>\n\n\n\n<p>Les discussions en groupe ajoutent une dimension sociale \u00e0 l&rsquo;acte souvent solitaire de lire. Elles transcendent l&rsquo;exp\u00e9rience individuelle pour cr\u00e9er une communaut\u00e9 d&rsquo;apprentissage o\u00f9 les id\u00e9es s&rsquo;entrem\u00ealent, o\u00f9 chaque voix contribue \u00e0 la symphonie de la compr\u00e9hension litt\u00e9raire. C&rsquo;est un acte de partage intellectuel qui va au-del\u00e0 des pages du livre.<\/p>\n\n\n\n<p>Lorsque les \u00e9l\u00e8ves se r\u00e9unissent en groupe de lecture, ils apportent avec eux des perspectives uniques, des interpr\u00e9tations vari\u00e9es et des exp\u00e9riences personnelles. Ces diff\u00e9rences deviennent des atouts, des ingr\u00e9dients qui enrichissent la discussion. Les points de vue divergents donnent naissance \u00e0 des d\u00e9bats stimulants, offrant aux participants une fen\u00eatre sur des angles inexplor\u00e9s du texte.<\/p>\n\n\n\n<p>C&rsquo;est \u00e9galement un espace o\u00f9 l&#8217;empathie fleurit. En partageant leurs r\u00e9flexions et leurs \u00e9motions, les lecteurs cr\u00e9ent des liens, se connectent aux personnages et aux situations d&rsquo;une mani\u00e8re plus profonde. Les groupes de lecture deviennent des forums o\u00f9 la compr\u00e9hension mutuelle se d\u00e9veloppe naturellement, o\u00f9 les participants se soutiennent dans leur exploration litt\u00e9raire.<\/p>\n\n\n\n<p>L&rsquo;importance de partager dans un groupe de lecture va au-del\u00e0 de la simple compr\u00e9hension du texte. C&rsquo;est un moyen de d\u00e9velopper des comp\u00e9tences sociales, d&rsquo;apprendre \u00e0 \u00e9couter activement, \u00e0 respecter les opinions divergentes et \u00e0 collaborer vers une compr\u00e9hension collective. Chaque membre du groupe devient \u00e0 la fois un enseignant et un apprenant, contribuant ainsi \u00e0 l&rsquo;enrichissement intellectuel de tous.<\/p>","protected":false},"excerpt":{"rendered":"<p>L&rsquo;Importance de la litt\u00e9rature La litt\u00e9rature n&rsquo;est pas simplement une suite de mots imprim\u00e9s sur des pages. Elle repr\u00e9sente une fen\u00eatre ouverte sur la richesse et la diversit\u00e9 de l&rsquo;exp\u00e9rience humaine. En explorant les pages d&rsquo;un livre, nous voyageons \u00e0 travers le temps et l&rsquo;espace, d\u00e9couvrant des univers nouveaux et des perspectives in\u00e9dites. La litt\u00e9rature [&hellip;]<\/p>","protected":false},"author":3,"featured_media":2354,"comment_status":"open","ping_status":"open","sticky":false,"template":"","format":"standard","meta":{"footnotes":""},"categories":[1],"tags":[14,23,127,143],"class_list":["post-2353","post","type-post","status-publish","format-standard","has-post-thumbnail","hentry","category-blog","tag-apprentissage","tag-eleve","tag-esprit-critique","tag-lecture"],"yoast_head":"<!-- This site is optimized with the Yoast SEO plugin v24.2 - https:\/\/yoast.com\/wordpress\/plugins\/seo\/ -->\n<title>La Litt\u00e9rature et la Lecture Critique : L&#039;Enseigner Aux \u00c9l\u00e8ves<\/title>\n<meta name=\"description\" content=\"La litt\u00e9rature et la lecture critique : L&#039;enseigner aux \u00e9l\u00e8ves est essentiel pour leur d\u00e9veloppement personnel et leur esprit critique.\" \/>\n<meta name=\"robots\" content=\"index, follow, max-snippet:-1, max-image-preview:large, max-video-preview:-1\" \/>\n<link rel=\"canonical\" href=\"https:\/\/educap.io\/en\/la-litterature-et-la-lecture-critique-lenseigner-aux-eleves\/\" \/>\n<meta property=\"og:locale\" content=\"en_US\" \/>\n<meta property=\"og:type\" content=\"article\" \/>\n<meta property=\"og:title\" content=\"La Litt\u00e9rature et la Lecture Critique : L&#039;Enseigner Aux \u00c9l\u00e8ves\" \/>\n<meta property=\"og:description\" content=\"La litt\u00e9rature et la lecture critique : L&#039;enseigner aux \u00e9l\u00e8ves est essentiel pour leur d\u00e9veloppement personnel et leur esprit critique.\" \/>\n<meta property=\"og:url\" content=\"https:\/\/educap.io\/en\/la-litterature-et-la-lecture-critique-lenseigner-aux-eleves\/\" \/>\n<meta property=\"og:site_name\" content=\"Educap\" \/>\n<meta property=\"article:publisher\" content=\"https:\/\/www.facebook.com\/educap.io\" \/>\n<meta property=\"article:published_time\" content=\"2023-12-07T10:00:00+00:00\" \/>\n<meta property=\"article:modified_time\" content=\"2023-12-01T14:05:09+00:00\" \/>\n<meta property=\"og:image\" content=\"https:\/\/i0.wp.com\/educap.io\/wp-content\/uploads\/2023\/12\/Blog-Educap-1-1.png?fit=1366%2C768&ssl=1\" \/>\n\t<meta property=\"og:image:width\" content=\"1366\" \/>\n\t<meta property=\"og:image:height\" content=\"768\" \/>\n\t<meta property=\"og:image:type\" content=\"image\/png\" \/>\n<meta name=\"author\" content=\"Julie CENTI\" \/>\n<meta name=\"twitter:card\" content=\"summary_large_image\" \/>\n<meta name=\"twitter:label1\" content=\"Written by\" \/>\n\t<meta name=\"twitter:data1\" content=\"Julie CENTI\" \/>\n\t<meta name=\"twitter:label2\" content=\"Est. reading time\" \/>\n\t<meta name=\"twitter:data2\" content=\"5 minutes\" \/>\n<script type=\"application\/ld+json\" class=\"yoast-schema-graph\">{\"@context\":\"https:\/\/schema.org\",\"@graph\":[{\"@type\":\"WebPage\",\"@id\":\"https:\/\/educap.io\/la-litterature-et-la-lecture-critique-lenseigner-aux-eleves\/\",\"url\":\"https:\/\/educap.io\/la-litterature-et-la-lecture-critique-lenseigner-aux-eleves\/\",\"name\":\"La Litt\u00e9rature et la Lecture Critique : L'Enseigner Aux \u00c9l\u00e8ves\",\"isPartOf\":{\"@id\":\"https:\/\/educap.io\/#website\"},\"primaryImageOfPage\":{\"@id\":\"https:\/\/educap.io\/la-litterature-et-la-lecture-critique-lenseigner-aux-eleves\/#primaryimage\"},\"image\":{\"@id\":\"https:\/\/educap.io\/la-litterature-et-la-lecture-critique-lenseigner-aux-eleves\/#primaryimage\"},\"thumbnailUrl\":\"https:\/\/educap.io\/wp-content\/uploads\/2023\/12\/Blog-Educap-1-1.png\",\"datePublished\":\"2023-12-07T10:00:00+00:00\",\"dateModified\":\"2023-12-01T14:05:09+00:00\",\"author\":{\"@id\":\"https:\/\/educap.io\/#\/schema\/person\/af1d7ee1c5a45e1e89d8f75d7e92c114\"},\"description\":\"La litt\u00e9rature et la lecture critique : L'enseigner aux \u00e9l\u00e8ves est essentiel pour leur d\u00e9veloppement personnel et leur esprit critique.\",\"breadcrumb\":{\"@id\":\"https:\/\/educap.io\/la-litterature-et-la-lecture-critique-lenseigner-aux-eleves\/#breadcrumb\"},\"inLanguage\":\"en-US\",\"potentialAction\":[{\"@type\":\"ReadAction\",\"target\":[\"https:\/\/educap.io\/la-litterature-et-la-lecture-critique-lenseigner-aux-eleves\/\"]}]},{\"@type\":\"ImageObject\",\"inLanguage\":\"en-US\",\"@id\":\"https:\/\/educap.io\/la-litterature-et-la-lecture-critique-lenseigner-aux-eleves\/#primaryimage\",\"url\":\"https:\/\/educap.io\/wp-content\/uploads\/2023\/12\/Blog-Educap-1-1.png\",\"contentUrl\":\"https:\/\/educap.io\/wp-content\/uploads\/2023\/12\/Blog-Educap-1-1.png\",\"width\":1366,\"height\":768,\"caption\":\"La litt\u00e9rature\"},{\"@type\":\"BreadcrumbList\",\"@id\":\"https:\/\/educap.io\/la-litterature-et-la-lecture-critique-lenseigner-aux-eleves\/#breadcrumb\",\"itemListElement\":[{\"@type\":\"ListItem\",\"position\":1,\"name\":\"Accueil\",\"item\":\"https:\/\/educap.io\/fr_fr\/\"},{\"@type\":\"ListItem\",\"position\":2,\"name\":\"Quelles sont les meilleures approches pour enseigner la litt\u00e9rature et la lecture critique aux \u00e9l\u00e8ves ?\"}]},{\"@type\":\"WebSite\",\"@id\":\"https:\/\/educap.io\/#website\",\"url\":\"https:\/\/educap.io\/\",\"name\":\"Educap\",\"description\":\"\",\"potentialAction\":[{\"@type\":\"SearchAction\",\"target\":{\"@type\":\"EntryPoint\",\"urlTemplate\":\"https:\/\/educap.io\/?s={search_term_string}\"},\"query-input\":{\"@type\":\"PropertyValueSpecification\",\"valueRequired\":true,\"valueName\":\"search_term_string\"}}],\"inLanguage\":\"en-US\"},{\"@type\":\"Person\",\"@id\":\"https:\/\/educap.io\/#\/schema\/person\/af1d7ee1c5a45e1e89d8f75d7e92c114\",\"name\":\"Julie CENTI\",\"image\":{\"@type\":\"ImageObject\",\"inLanguage\":\"en-US\",\"@id\":\"https:\/\/educap.io\/#\/schema\/person\/image\/\",\"url\":\"https:\/\/secure.gravatar.com\/avatar\/004044df9ff916f2557184884b7bfa29ede68f0506217a17a729109cd76ee8af?s=96&d=mm&r=g\",\"contentUrl\":\"https:\/\/secure.gravatar.com\/avatar\/004044df9ff916f2557184884b7bfa29ede68f0506217a17a729109cd76ee8af?s=96&d=mm&r=g\",\"caption\":\"Julie CENTI\"},\"sameAs\":[\"https:\/\/educap.io\/\"],\"url\":\"https:\/\/educap.io\/en\/author\/emna-chacha\/\"}]}<\/script>\n<!-- \/ Yoast SEO plugin. -->","yoast_head_json":{"title":"La Litt\u00e9rature et la Lecture Critique : L'Enseigner Aux \u00c9l\u00e8ves","description":"La litt\u00e9rature et la lecture critique : L'enseigner aux \u00e9l\u00e8ves est essentiel pour leur d\u00e9veloppement personnel et leur esprit critique.","robots":{"index":"index","follow":"follow","max-snippet":"max-snippet:-1","max-image-preview":"max-image-preview:large","max-video-preview":"max-video-preview:-1"},"canonical":"https:\/\/educap.io\/en\/la-litterature-et-la-lecture-critique-lenseigner-aux-eleves\/","og_locale":"en_US","og_type":"article","og_title":"La Litt\u00e9rature et la Lecture Critique : L'Enseigner Aux \u00c9l\u00e8ves","og_description":"La litt\u00e9rature et la lecture critique : L'enseigner aux \u00e9l\u00e8ves est essentiel pour leur d\u00e9veloppement personnel et leur esprit critique.","og_url":"https:\/\/educap.io\/en\/la-litterature-et-la-lecture-critique-lenseigner-aux-eleves\/","og_site_name":"Educap","article_publisher":"https:\/\/www.facebook.com\/educap.io","article_published_time":"2023-12-07T10:00:00+00:00","article_modified_time":"2023-12-01T14:05:09+00:00","og_image":[{"width":1366,"height":768,"url":"https:\/\/i0.wp.com\/educap.io\/wp-content\/uploads\/2023\/12\/Blog-Educap-1-1.png?fit=1366%2C768&ssl=1","type":"image\/png"}],"author":"Julie CENTI","twitter_card":"summary_large_image","twitter_misc":{"Written by":"Julie CENTI","Est. reading time":"5 minutes"},"schema":{"@context":"https:\/\/schema.org","@graph":[{"@type":"WebPage","@id":"https:\/\/educap.io\/la-litterature-et-la-lecture-critique-lenseigner-aux-eleves\/","url":"https:\/\/educap.io\/la-litterature-et-la-lecture-critique-lenseigner-aux-eleves\/","name":"La Litt\u00e9rature et la Lecture Critique : L'Enseigner Aux \u00c9l\u00e8ves","isPartOf":{"@id":"https:\/\/educap.io\/#website"},"primaryImageOfPage":{"@id":"https:\/\/educap.io\/la-litterature-et-la-lecture-critique-lenseigner-aux-eleves\/#primaryimage"},"image":{"@id":"https:\/\/educap.io\/la-litterature-et-la-lecture-critique-lenseigner-aux-eleves\/#primaryimage"},"thumbnailUrl":"https:\/\/educap.io\/wp-content\/uploads\/2023\/12\/Blog-Educap-1-1.png","datePublished":"2023-12-07T10:00:00+00:00","dateModified":"2023-12-01T14:05:09+00:00","author":{"@id":"https:\/\/educap.io\/#\/schema\/person\/af1d7ee1c5a45e1e89d8f75d7e92c114"},"description":"La litt\u00e9rature et la lecture critique : L'enseigner aux \u00e9l\u00e8ves est essentiel pour leur d\u00e9veloppement personnel et leur esprit critique.","breadcrumb":{"@id":"https:\/\/educap.io\/la-litterature-et-la-lecture-critique-lenseigner-aux-eleves\/#breadcrumb"},"inLanguage":"en-US","potentialAction":[{"@type":"ReadAction","target":["https:\/\/educap.io\/la-litterature-et-la-lecture-critique-lenseigner-aux-eleves\/"]}]},{"@type":"ImageObject","inLanguage":"en-US","@id":"https:\/\/educap.io\/la-litterature-et-la-lecture-critique-lenseigner-aux-eleves\/#primaryimage","url":"https:\/\/educap.io\/wp-content\/uploads\/2023\/12\/Blog-Educap-1-1.png","contentUrl":"https:\/\/educap.io\/wp-content\/uploads\/2023\/12\/Blog-Educap-1-1.png","width":1366,"height":768,"caption":"La litt\u00e9rature"},{"@type":"BreadcrumbList","@id":"https:\/\/educap.io\/la-litterature-et-la-lecture-critique-lenseigner-aux-eleves\/#breadcrumb","itemListElement":[{"@type":"ListItem","position":1,"name":"Accueil","item":"https:\/\/educap.io\/fr_fr\/"},{"@type":"ListItem","position":2,"name":"Quelles sont les meilleures approches pour enseigner la litt\u00e9rature et la lecture critique aux \u00e9l\u00e8ves ?"}]},{"@type":"WebSite","@id":"https:\/\/educap.io\/#website","url":"https:\/\/educap.io\/","name":"Educap","description":"","potentialAction":[{"@type":"SearchAction","target":{"@type":"EntryPoint","urlTemplate":"https:\/\/educap.io\/?s={search_term_string}"},"query-input":{"@type":"PropertyValueSpecification","valueRequired":true,"valueName":"search_term_string"}}],"inLanguage":"en-US"},{"@type":"Person","@id":"https:\/\/educap.io\/#\/schema\/person\/af1d7ee1c5a45e1e89d8f75d7e92c114","name":"Julie CENTI","image":{"@type":"ImageObject","inLanguage":"en-US","@id":"https:\/\/educap.io\/#\/schema\/person\/image\/","url":"https:\/\/secure.gravatar.com\/avatar\/004044df9ff916f2557184884b7bfa29ede68f0506217a17a729109cd76ee8af?s=96&d=mm&r=g","contentUrl":"https:\/\/secure.gravatar.com\/avatar\/004044df9ff916f2557184884b7bfa29ede68f0506217a17a729109cd76ee8af?s=96&d=mm&r=g","caption":"Julie CENTI"},"sameAs":["https:\/\/educap.io\/"],"url":"https:\/\/educap.io\/en\/author\/emna-chacha\/"}]}},"_links":{"self":[{"href":"https:\/\/educap.io\/en\/wp-json\/wp\/v2\/posts\/2353","targetHints":{"allow":["GET"]}}],"collection":[{"href":"https:\/\/educap.io\/en\/wp-json\/wp\/v2\/posts"}],"about":[{"href":"https:\/\/educap.io\/en\/wp-json\/wp\/v2\/types\/post"}],"author":[{"embeddable":true,"href":"https:\/\/educap.io\/en\/wp-json\/wp\/v2\/users\/3"}],"replies":[{"embeddable":true,"href":"https:\/\/educap.io\/en\/wp-json\/wp\/v2\/comments?post=2353"}],"version-history":[{"count":1,"href":"https:\/\/educap.io\/en\/wp-json\/wp\/v2\/posts\/2353\/revisions"}],"predecessor-version":[{"id":2356,"href":"https:\/\/educap.io\/en\/wp-json\/wp\/v2\/posts\/2353\/revisions\/2356"}],"wp:featuredmedia":[{"embeddable":true,"href":"https:\/\/educap.io\/en\/wp-json\/wp\/v2\/media\/2354"}],"wp:attachment":[{"href":"https:\/\/educap.io\/en\/wp-json\/wp\/v2\/media?parent=2353"}],"wp:term":[{"taxonomy":"category","embeddable":true,"href":"https:\/\/educap.io\/en\/wp-json\/wp\/v2\/categories?post=2353"},{"taxonomy":"post_tag","embeddable":true,"href":"https:\/\/educap.io\/en\/wp-json\/wp\/v2\/tags?post=2353"}],"curies":[{"name":"wp","href":"https:\/\/api.w.org\/{rel}","templated":true}]}}