{"id":2272,"date":"2023-11-27T10:00:00","date_gmt":"2023-11-27T10:00:00","guid":{"rendered":"https:\/\/educap.io\/?p=2272"},"modified":"2023-11-02T13:07:13","modified_gmt":"2023-11-02T13:07:13","slug":"stress-et-anxiete-chez-les-eleves-comment-les-aider-a-se-gerer","status":"publish","type":"post","link":"https:\/\/educap.io\/en\/stress-et-anxiete-chez-les-eleves-comment-les-aider-a-se-gerer\/","title":{"rendered":"Comment encourager les \u00e9l\u00e8ves \u00e0 d\u00e9velopper des comp\u00e9tences en gestion du stress et de l&rsquo;anxi\u00e9t\u00e9 ?"},"content":{"rendered":"<p>S&rsquo;occuper du stress et de l&rsquo;anxi\u00e9t\u00e9 est crucial pour les \u00e9l\u00e8ves. Comment pouvons-nous les aider \u00e0 d\u00e9velopper des comp\u00e9tences essentielles pour y faire face ? Voici un guide pratique pour comprendre, mettre en situation et conseiller nos \u00e9tudiants, favorisant ainsi leur bien-\u00eatre mental.<\/p>\n\n\n\n<h3 class=\"wp-block-heading\"><strong>1. Comprendre le stress et l&rsquo;anxi\u00e9t\u00e9<\/strong><\/h3>\n\n\n\n<p>Avant de pouvoir aider efficacement les \u00e9l\u00e8ves, il est fondamental de saisir la nature du stress et de l&rsquo;anxi\u00e9t\u00e9. Le stress peut rev\u00eatir des aspects positifs en offrant une impulsion pour l&rsquo;action, mais lorsqu&rsquo;il s&rsquo;intensifie, il peut engendrer des effets n\u00e9fastes sur la sant\u00e9 mentale des \u00e9l\u00e8ves. La pression provenant des \u00e9tudes, des relations sociales ou m\u00eame des attentes personnelles peut mener \u00e0 une anxi\u00e9t\u00e9 excessive, qui perturbe le bien-\u00eatre \u00e9motionnel. Cette tension \u00e9motionnelle peut se manifester de diverses mani\u00e8res telles que des troubles du sommeil, une concentration alt\u00e9r\u00e9e et m\u00eame des r\u00e9percussions physiques. Il est donc imp\u00e9ratif de reconna\u00eetre les signes avant-coureurs du stress pour intervenir de mani\u00e8re proactive et aider les \u00e9l\u00e8ves \u00e0 d\u00e9velopper des m\u00e9canismes d&rsquo;adaptation sains.<\/p>\n\n\n\n<p>Comprendre la complexit\u00e9 de l&rsquo;anxi\u00e9t\u00e9 est \u00e9galement essentiel. L&rsquo;anxi\u00e9t\u00e9, bien que normale dans une certaine mesure, peut devenir envahissante, g\u00e9n\u00e9rant un sentiment de peur ou d&rsquo;appr\u00e9hension intense, parfois sans raison apparente. Les \u00e9l\u00e8ves peuvent ressentir une anxi\u00e9t\u00e9 li\u00e9e \u00e0 leurs performances scolaires, \u00e0 leurs relations ou \u00e0 des pressions ext\u00e9rieures. Cela peut entra\u00eener un cycle de pens\u00e9es n\u00e9gatives et de r\u00e9actions physiologiques, perturbant leur \u00e9quilibre \u00e9motionnel. Comprendre la diversit\u00e9 des d\u00e9clencheurs d&rsquo;anxi\u00e9t\u00e9 et comment celle-ci affecte individuellement les \u00e9l\u00e8ves est essentiel pour leur offrir un soutien ad\u00e9quat. En abordant ces probl\u00e8mes avec sensibilit\u00e9 et compr\u00e9hension, il devient possible d&rsquo;\u00e9tablir des strat\u00e9gies efficaces pour les aider \u00e0 naviguer \u00e0 travers ces \u00e9motions et \u00e0 d\u00e9velopper des comp\u00e9tences de gestion du stress.<\/p>\n\n\n\n<h3 class=\"wp-block-heading\"><strong>2. Mise en situation pour les \u00e9l\u00e8ves<\/strong><\/h3>\n\n\n\n<p>Immerger les \u00e9l\u00e8ves dans des situations concr\u00e8tes pour appr\u00e9hender le stress et l&rsquo;anxi\u00e9t\u00e9 leur offre une opportunit\u00e9 pr\u00e9cieuse de d\u00e9velopper des comp\u00e9tences pratiques. En les confrontant \u00e0 des sc\u00e9narios r\u00e9els, nous leur permettons de comprendre et d&rsquo;exp\u00e9rimenter diverses \u00e9motions dans un environnement s\u00e9curis\u00e9 et contr\u00f4l\u00e9. Cette approche favorise l&rsquo;apprentissage actif en leur donnant les outils pour reconna\u00eetre, comprendre et g\u00e9rer leurs r\u00e9actions face au stress. En affrontant ces situations dans un cadre \u00e9ducatif et bienveillant, les \u00e9l\u00e8ves sont en mesure d&rsquo;exp\u00e9rimenter des strat\u00e9gies pour faire face \u00e0 ces pressions sans \u00eatre accabl\u00e9s.<\/p>\n\n\n\n<p>La mise en situation offre \u00e9galement la possibilit\u00e9 de mettre en pratique des techniques de gestion du stress dans un contexte r\u00e9aliste. Cela permet aux \u00e9l\u00e8ves de tester diverses m\u00e9thodes et de d\u00e9terminer celles qui leur conviennent le mieux. En affrontant des d\u00e9fis simul\u00e9s, qu\u2019ils soient li\u00e9s aux \u00e9tudes, aux relations sociales ou \u00e0 d&rsquo;autres sph\u00e8res de leur vie, ils acqui\u00e8rent la confiance et la capacit\u00e9 de r\u00e9agir de mani\u00e8re plus r\u00e9fl\u00e9chie face \u00e0 des situations stressantes. Ainsi, en les exposant \u00e0 ces conditions contr\u00f4l\u00e9es, nous leur offrons une opportunit\u00e9 de d\u00e9veloppement personnel et \u00e9motionnel pour mieux affronter les d\u00e9fis de la vie r\u00e9elle.<\/p>\n\n\n\n<h3 class=\"wp-block-heading has-text-align-left\"><strong>3. Importance du d\u00e9veloppement de comp\u00e9tences<\/strong><\/h3>\n\n\n\n<p>Le d\u00e9veloppement de comp\u00e9tences pour faire face au stress et \u00e0 l&rsquo;anxi\u00e9t\u00e9 rev\u00eat une importance capitale, tout aussi significative que l&rsquo;acquisition de comp\u00e9tences acad\u00e9miques. Ces aptitudes repr\u00e9sentent des outils essentiels pour naviguer \u00e0 travers les complexit\u00e9s de la vie. Lorsqu&rsquo;on leur accorde l&rsquo;attention n\u00e9cessaire, ces comp\u00e9tences deviennent des piliers fondamentaux pour le bien-\u00eatre \u00e9motionnel et mental des individus. En effet, savoir g\u00e9rer le stress et l&rsquo;anxi\u00e9t\u00e9 est une comp\u00e9tence qui transcende le cadre scolaire, offrant des b\u00e9n\u00e9fices durables et applicables dans tous les aspects de la vie quotidienne.<\/p>\n\n\n\n<p>Accorder une importance \u00e9gale \u00e0 ces comp\u00e9tences \u00e9motionnelles est primordial pour le d\u00e9veloppement holistique des individus. La capacit\u00e9 \u00e0 g\u00e9rer le stress et l&rsquo;anxi\u00e9t\u00e9 non seulement favorise un meilleur \u00e9quilibre \u00e9motionnel, mais elle a aussi un impact positif sur les performances acad\u00e9miques et les relations sociales. En reconnaissant ces comp\u00e9tences comme des atouts essentiels, on leur offre une l\u00e9gitimit\u00e9 \u00e9gale \u00e0 d&rsquo;autres comp\u00e9tences plus traditionnellement valoris\u00e9es. En cons\u00e9quence, encourager le d\u00e9veloppement de ces comp\u00e9tences s&rsquo;av\u00e8re \u00eatre un investissement non seulement dans la sant\u00e9 mentale des individus, mais aussi dans leur succ\u00e8s et leur bien-\u00eatre \u00e0 long terme.<\/p>\n\n\n\n<h3 class=\"wp-block-heading\"><strong>4. Conseils pour les \u00e9l\u00e8ves<\/strong><\/h3>\n\n\n\n<p>Fournir des conseils pratiques aux \u00e9l\u00e8ves repr\u00e9sente une \u00e9tape essentielle dans la gestion quotidienne du stress et de l&rsquo;anxi\u00e9t\u00e9. Ces recommandations pratiques visent \u00e0 offrir des solutions simples, mais efficaces, pour aider les \u00e9l\u00e8ves \u00e0 faire face \u00e0 leurs pr\u00e9occupations \u00e9motionnelles. Parmi ces conseils figurent la pratique de la respiration profonde, la mise en \u0153uvre de moments de calme et la planification de temps pour des activit\u00e9s r\u00e9cr\u00e9atives. Ces recommandations visent \u00e0 offrir des outils concrets aux \u00e9l\u00e8ves pour faire face \u00e0 des situations stressantes de mani\u00e8re constructive.<\/p>\n\n\n\n<p>Des techniques de gestion du stress simples et accessibles peuvent \u00eatre int\u00e9gr\u00e9es dans la routine quotidienne des \u00e9l\u00e8ves. La pratique r\u00e9guli\u00e8re de la pleine conscience, la tenue d&rsquo;un journal de gratitude et la planification de pauses r\u00e9guli\u00e8res pour se d\u00e9tendre sont parmi les conseils efficaces pour r\u00e9duire le stress et l&rsquo;anxi\u00e9t\u00e9. Ces pratiques visent \u00e0 encourager les \u00e9l\u00e8ves \u00e0 identifier leurs propres d\u00e9clencheurs de stress et \u00e0 leur offrir des moyens pour y faire face de mani\u00e8re proactive. En les informant sur ces astuces simples, ils disposent ainsi d&rsquo;outils pour g\u00e9rer efficacement les tensions \u00e9motionnelles et apprendre \u00e0 maintenir un \u00e9quilibre sain dans leur vie quotidienne.<\/p>\n\n\n\n<h3 class=\"wp-block-heading\"><strong>6. Encourager les activit\u00e9s physiques<\/strong><\/h3>\n\n\n\n<p>Pr\u00f4ner la pratique r\u00e9guli\u00e8re d&rsquo;activit\u00e9s physiques repr\u00e9sente un excellent moyen de diminuer le stress chez les \u00e9l\u00e8ves. Encourager les jeunes \u00e0 adopter un mode de vie actif peut apporter une contribution significative \u00e0 leur bien-\u00eatre \u00e9motionnel. L&rsquo;exercice r\u00e9gulier lib\u00e8re des endorphines, ces substances chimiques naturelles, offrant ainsi une sensation de bien-\u00eatre et de soulagement du stress.<\/p>\n\n\n\n<p>Il est primordial d&rsquo;encourager les \u00e9l\u00e8ves \u00e0 trouver des activit\u00e9s physiques qu&rsquo;ils appr\u00e9cient. Cela peut inclure une vari\u00e9t\u00e9 d&rsquo;options telles que la pratique d&rsquo;un sport, la danse, la marche, le yoga ou m\u00eame des jeux actifs. Ces activit\u00e9s contribuent non seulement \u00e0 la r\u00e9duction du stress, mais elles favorisent \u00e9galement la concentration, am\u00e9liorent le sommeil et renforcent la confiance en soi. En incitant les \u00e9l\u00e8ves \u00e0 faire de l&rsquo;exercice une habitude quotidienne, on leur offre un outil efficace pour contrer le stress et l&rsquo;anxi\u00e9t\u00e9. En leur inculquant cette pratique, on encourage ainsi des habitudes de vie saines, b\u00e9n\u00e9fiques \u00e0 long terme pour leur bien-\u00eatre global.<\/p>\n\n\n\n<h3 class=\"wp-block-heading\"><strong>7. Cr\u00e9er un environnement de soutien<\/strong><\/h3>\n\n\n\n<p>\u00c9tablir un environnement chaleureux et bienveillant, que ce soit en classe ou \u00e0 la maison, repr\u00e9sente un levier puissant pour r\u00e9duire le stress et l&rsquo;anxi\u00e9t\u00e9 chez les \u00e9l\u00e8ves. Un cadre accueillant offre un sentiment de s\u00e9curit\u00e9 et de soutien, \u00e9l\u00e9ments cruciaux pour le bien-\u00eatre \u00e9motionnel des \u00e9l\u00e8ves.<\/p>\n\n\n\n<p>Favoriser un environnement o\u00f9 les \u00e9l\u00e8ves se sentent \u00e9cout\u00e9s, compris et soutenus dans leurs difficult\u00e9s contribue \u00e0 r\u00e9duire leur niveau de stress. Encourager la bienveillance, la communication ouverte et l&rsquo;entraide entre pairs cr\u00e9e un sentiment d&rsquo;appartenance, renfor\u00e7ant ainsi leur r\u00e9silience face aux d\u00e9fis. De m\u00eame, des encouragements positifs et des interactions bienveillantes avec les enseignants, les camarades et la famille sont des piliers fondamentaux pour instaurer un climat propice \u00e0 la gestion du stress. En cr\u00e9ant un espace s\u00e9curis\u00e9 o\u00f9 les \u00e9l\u00e8ves se sentent \u00e0 l&rsquo;aise pour s&rsquo;exprimer, demander de l&rsquo;aide ou exprimer leurs \u00e9motions, on \u00e9rige un rempart essentiel contre le stress et l&rsquo;anxi\u00e9t\u00e9, favorisant un apprentissage et un \u00e9panouissement plus serein.<\/p>\n\n\n\n<p>La gestion du stress et de l&rsquo;anxi\u00e9t\u00e9 est essentielle pour les \u00e9l\u00e8ves. Pour les aider, il faut les comprendre, les immerger dans des situations r\u00e9elles et leur offrir des conseils pratiques. En saisissant la nature du stress et de l&rsquo;anxi\u00e9t\u00e9, les \u00e9l\u00e8ves peuvent reconna\u00eetre les signaux et d\u00e9velopper des r\u00e9ponses saines. Les conseils, comme la respiration profonde et la pleine conscience, les aident \u00e0 g\u00e9rer les pressions \u00e9motionnelles. Les activit\u00e9s physiques r\u00e9guli\u00e8res et un environnement de soutien bienveillant sont \u00e9galement cl\u00e9s pour r\u00e9duire le stress et favoriser leur bien-\u00eatre \u00e9motionnel. En combinant ces approches, nous contribuons \u00e0 leur \u00e9panouissement \u00e9motionnel.<\/p>","protected":false},"excerpt":{"rendered":"<p>S&rsquo;occuper du stress et de l&rsquo;anxi\u00e9t\u00e9 est crucial pour les \u00e9l\u00e8ves. Comment pouvons-nous les aider \u00e0 d\u00e9velopper des comp\u00e9tences essentielles pour y faire face ? Voici un guide pratique pour comprendre, mettre en situation et conseiller nos \u00e9tudiants, favorisant ainsi leur bien-\u00eatre mental. 1. Comprendre le stress et l&rsquo;anxi\u00e9t\u00e9 Avant de pouvoir aider efficacement les [&hellip;]<\/p>","protected":false},"author":3,"featured_media":2273,"comment_status":"open","ping_status":"open","sticky":false,"template":"","format":"standard","meta":{"footnotes":""},"categories":[1],"tags":[141,99,23,59],"class_list":["post-2272","post","type-post","status-publish","format-standard","has-post-thumbnail","hentry","category-blog","tag-anxiete","tag-competences","tag-eleve","tag-gestion-du-stress"],"yoast_head":"<!-- This site is optimized with the Yoast SEO plugin v24.2 - https:\/\/yoast.com\/wordpress\/plugins\/seo\/ -->\n<title>Stress et anxi\u00e9t\u00e9 chez les \u00e9l\u00e8ves : Comment les aider \u00e0 se g\u00e9rer ?<\/title>\n<meta name=\"description\" content=\"Stress et anxi\u00e9t\u00e9 chez les \u00e9l\u00e8ves : Comment les aider \u00e0 se g\u00e9rer ? il est fondamental de saisir la nature du stress et de l&#039;anxi\u00e9t\u00e9..\" \/>\n<meta name=\"robots\" content=\"index, follow, max-snippet:-1, max-image-preview:large, max-video-preview:-1\" \/>\n<link rel=\"canonical\" href=\"https:\/\/educap.io\/en\/stress-et-anxiete-chez-les-eleves-comment-les-aider-a-se-gerer\/\" \/>\n<meta property=\"og:locale\" content=\"en_US\" \/>\n<meta property=\"og:type\" content=\"article\" \/>\n<meta property=\"og:title\" content=\"Stress et anxi\u00e9t\u00e9 chez les \u00e9l\u00e8ves : Comment les aider \u00e0 se g\u00e9rer ?\" \/>\n<meta property=\"og:description\" content=\"Stress et anxi\u00e9t\u00e9 chez les \u00e9l\u00e8ves : Comment les aider \u00e0 se g\u00e9rer ? il est fondamental de saisir la nature du stress et de l&#039;anxi\u00e9t\u00e9..\" \/>\n<meta property=\"og:url\" content=\"https:\/\/educap.io\/en\/stress-et-anxiete-chez-les-eleves-comment-les-aider-a-se-gerer\/\" \/>\n<meta property=\"og:site_name\" content=\"Educap\" \/>\n<meta property=\"article:publisher\" content=\"https:\/\/www.facebook.com\/educap.io\" \/>\n<meta property=\"article:published_time\" content=\"2023-11-27T10:00:00+00:00\" \/>\n<meta property=\"article:modified_time\" content=\"2023-11-02T13:07:13+00:00\" \/>\n<meta property=\"og:image\" content=\"https:\/\/i0.wp.com\/educap.io\/wp-content\/uploads\/2023\/11\/Blog-Educap-20.png?fit=1366%2C768&ssl=1\" \/>\n\t<meta property=\"og:image:width\" content=\"1366\" \/>\n\t<meta property=\"og:image:height\" content=\"768\" \/>\n\t<meta property=\"og:image:type\" content=\"image\/png\" \/>\n<meta name=\"author\" content=\"Julie CENTI\" \/>\n<meta name=\"twitter:card\" content=\"summary_large_image\" \/>\n<meta name=\"twitter:label1\" content=\"Written by\" \/>\n\t<meta name=\"twitter:data1\" content=\"Julie CENTI\" \/>\n\t<meta name=\"twitter:label2\" content=\"Est. reading time\" \/>\n\t<meta name=\"twitter:data2\" content=\"7 minutes\" \/>\n<script type=\"application\/ld+json\" class=\"yoast-schema-graph\">{\"@context\":\"https:\/\/schema.org\",\"@graph\":[{\"@type\":\"WebPage\",\"@id\":\"https:\/\/educap.io\/stress-et-anxiete-chez-les-eleves-comment-les-aider-a-se-gerer\/\",\"url\":\"https:\/\/educap.io\/stress-et-anxiete-chez-les-eleves-comment-les-aider-a-se-gerer\/\",\"name\":\"Stress et anxi\u00e9t\u00e9 chez les \u00e9l\u00e8ves : Comment les aider \u00e0 se g\u00e9rer ?\",\"isPartOf\":{\"@id\":\"https:\/\/educap.io\/#website\"},\"primaryImageOfPage\":{\"@id\":\"https:\/\/educap.io\/stress-et-anxiete-chez-les-eleves-comment-les-aider-a-se-gerer\/#primaryimage\"},\"image\":{\"@id\":\"https:\/\/educap.io\/stress-et-anxiete-chez-les-eleves-comment-les-aider-a-se-gerer\/#primaryimage\"},\"thumbnailUrl\":\"https:\/\/educap.io\/wp-content\/uploads\/2023\/11\/Blog-Educap-20.png\",\"datePublished\":\"2023-11-27T10:00:00+00:00\",\"dateModified\":\"2023-11-02T13:07:13+00:00\",\"author\":{\"@id\":\"https:\/\/educap.io\/#\/schema\/person\/af1d7ee1c5a45e1e89d8f75d7e92c114\"},\"description\":\"Stress et anxi\u00e9t\u00e9 chez les \u00e9l\u00e8ves : Comment les aider \u00e0 se g\u00e9rer ? il est fondamental de saisir la nature du stress et de l'anxi\u00e9t\u00e9..\",\"breadcrumb\":{\"@id\":\"https:\/\/educap.io\/stress-et-anxiete-chez-les-eleves-comment-les-aider-a-se-gerer\/#breadcrumb\"},\"inLanguage\":\"en-US\",\"potentialAction\":[{\"@type\":\"ReadAction\",\"target\":[\"https:\/\/educap.io\/stress-et-anxiete-chez-les-eleves-comment-les-aider-a-se-gerer\/\"]}]},{\"@type\":\"ImageObject\",\"inLanguage\":\"en-US\",\"@id\":\"https:\/\/educap.io\/stress-et-anxiete-chez-les-eleves-comment-les-aider-a-se-gerer\/#primaryimage\",\"url\":\"https:\/\/educap.io\/wp-content\/uploads\/2023\/11\/Blog-Educap-20.png\",\"contentUrl\":\"https:\/\/educap.io\/wp-content\/uploads\/2023\/11\/Blog-Educap-20.png\",\"width\":1366,\"height\":768,\"caption\":\"stress et anxi\u00e9t\u00e9\"},{\"@type\":\"BreadcrumbList\",\"@id\":\"https:\/\/educap.io\/stress-et-anxiete-chez-les-eleves-comment-les-aider-a-se-gerer\/#breadcrumb\",\"itemListElement\":[{\"@type\":\"ListItem\",\"position\":1,\"name\":\"Accueil\",\"item\":\"https:\/\/educap.io\/fr_fr\/\"},{\"@type\":\"ListItem\",\"position\":2,\"name\":\"Comment encourager les \u00e9l\u00e8ves \u00e0 d\u00e9velopper des comp\u00e9tences en gestion du stress et de l&rsquo;anxi\u00e9t\u00e9 ?\"}]},{\"@type\":\"WebSite\",\"@id\":\"https:\/\/educap.io\/#website\",\"url\":\"https:\/\/educap.io\/\",\"name\":\"Educap\",\"description\":\"\",\"potentialAction\":[{\"@type\":\"SearchAction\",\"target\":{\"@type\":\"EntryPoint\",\"urlTemplate\":\"https:\/\/educap.io\/?s={search_term_string}\"},\"query-input\":{\"@type\":\"PropertyValueSpecification\",\"valueRequired\":true,\"valueName\":\"search_term_string\"}}],\"inLanguage\":\"en-US\"},{\"@type\":\"Person\",\"@id\":\"https:\/\/educap.io\/#\/schema\/person\/af1d7ee1c5a45e1e89d8f75d7e92c114\",\"name\":\"Julie CENTI\",\"image\":{\"@type\":\"ImageObject\",\"inLanguage\":\"en-US\",\"@id\":\"https:\/\/educap.io\/#\/schema\/person\/image\/\",\"url\":\"https:\/\/secure.gravatar.com\/avatar\/004044df9ff916f2557184884b7bfa29ede68f0506217a17a729109cd76ee8af?s=96&d=mm&r=g\",\"contentUrl\":\"https:\/\/secure.gravatar.com\/avatar\/004044df9ff916f2557184884b7bfa29ede68f0506217a17a729109cd76ee8af?s=96&d=mm&r=g\",\"caption\":\"Julie CENTI\"},\"sameAs\":[\"https:\/\/educap.io\/\"],\"url\":\"https:\/\/educap.io\/en\/author\/emna-chacha\/\"}]}<\/script>\n<!-- \/ Yoast SEO plugin. -->","yoast_head_json":{"title":"Stress et anxi\u00e9t\u00e9 chez les \u00e9l\u00e8ves : Comment les aider \u00e0 se g\u00e9rer ?","description":"Stress et anxi\u00e9t\u00e9 chez les \u00e9l\u00e8ves : Comment les aider \u00e0 se g\u00e9rer ? il est fondamental de saisir la nature du stress et de l'anxi\u00e9t\u00e9..","robots":{"index":"index","follow":"follow","max-snippet":"max-snippet:-1","max-image-preview":"max-image-preview:large","max-video-preview":"max-video-preview:-1"},"canonical":"https:\/\/educap.io\/en\/stress-et-anxiete-chez-les-eleves-comment-les-aider-a-se-gerer\/","og_locale":"en_US","og_type":"article","og_title":"Stress et anxi\u00e9t\u00e9 chez les \u00e9l\u00e8ves : Comment les aider \u00e0 se g\u00e9rer ?","og_description":"Stress et anxi\u00e9t\u00e9 chez les \u00e9l\u00e8ves : Comment les aider \u00e0 se g\u00e9rer ? il est fondamental de saisir la nature du stress et de l'anxi\u00e9t\u00e9..","og_url":"https:\/\/educap.io\/en\/stress-et-anxiete-chez-les-eleves-comment-les-aider-a-se-gerer\/","og_site_name":"Educap","article_publisher":"https:\/\/www.facebook.com\/educap.io","article_published_time":"2023-11-27T10:00:00+00:00","article_modified_time":"2023-11-02T13:07:13+00:00","og_image":[{"width":1366,"height":768,"url":"https:\/\/i0.wp.com\/educap.io\/wp-content\/uploads\/2023\/11\/Blog-Educap-20.png?fit=1366%2C768&ssl=1","type":"image\/png"}],"author":"Julie CENTI","twitter_card":"summary_large_image","twitter_misc":{"Written by":"Julie CENTI","Est. reading time":"7 minutes"},"schema":{"@context":"https:\/\/schema.org","@graph":[{"@type":"WebPage","@id":"https:\/\/educap.io\/stress-et-anxiete-chez-les-eleves-comment-les-aider-a-se-gerer\/","url":"https:\/\/educap.io\/stress-et-anxiete-chez-les-eleves-comment-les-aider-a-se-gerer\/","name":"Stress et anxi\u00e9t\u00e9 chez les \u00e9l\u00e8ves : Comment les aider \u00e0 se g\u00e9rer ?","isPartOf":{"@id":"https:\/\/educap.io\/#website"},"primaryImageOfPage":{"@id":"https:\/\/educap.io\/stress-et-anxiete-chez-les-eleves-comment-les-aider-a-se-gerer\/#primaryimage"},"image":{"@id":"https:\/\/educap.io\/stress-et-anxiete-chez-les-eleves-comment-les-aider-a-se-gerer\/#primaryimage"},"thumbnailUrl":"https:\/\/educap.io\/wp-content\/uploads\/2023\/11\/Blog-Educap-20.png","datePublished":"2023-11-27T10:00:00+00:00","dateModified":"2023-11-02T13:07:13+00:00","author":{"@id":"https:\/\/educap.io\/#\/schema\/person\/af1d7ee1c5a45e1e89d8f75d7e92c114"},"description":"Stress et anxi\u00e9t\u00e9 chez les \u00e9l\u00e8ves : Comment les aider \u00e0 se g\u00e9rer ? il est fondamental de saisir la nature du stress et de l'anxi\u00e9t\u00e9..","breadcrumb":{"@id":"https:\/\/educap.io\/stress-et-anxiete-chez-les-eleves-comment-les-aider-a-se-gerer\/#breadcrumb"},"inLanguage":"en-US","potentialAction":[{"@type":"ReadAction","target":["https:\/\/educap.io\/stress-et-anxiete-chez-les-eleves-comment-les-aider-a-se-gerer\/"]}]},{"@type":"ImageObject","inLanguage":"en-US","@id":"https:\/\/educap.io\/stress-et-anxiete-chez-les-eleves-comment-les-aider-a-se-gerer\/#primaryimage","url":"https:\/\/educap.io\/wp-content\/uploads\/2023\/11\/Blog-Educap-20.png","contentUrl":"https:\/\/educap.io\/wp-content\/uploads\/2023\/11\/Blog-Educap-20.png","width":1366,"height":768,"caption":"stress et anxi\u00e9t\u00e9"},{"@type":"BreadcrumbList","@id":"https:\/\/educap.io\/stress-et-anxiete-chez-les-eleves-comment-les-aider-a-se-gerer\/#breadcrumb","itemListElement":[{"@type":"ListItem","position":1,"name":"Accueil","item":"https:\/\/educap.io\/fr_fr\/"},{"@type":"ListItem","position":2,"name":"Comment encourager les \u00e9l\u00e8ves \u00e0 d\u00e9velopper des comp\u00e9tences en gestion du stress et de l&rsquo;anxi\u00e9t\u00e9 ?"}]},{"@type":"WebSite","@id":"https:\/\/educap.io\/#website","url":"https:\/\/educap.io\/","name":"Educap","description":"","potentialAction":[{"@type":"SearchAction","target":{"@type":"EntryPoint","urlTemplate":"https:\/\/educap.io\/?s={search_term_string}"},"query-input":{"@type":"PropertyValueSpecification","valueRequired":true,"valueName":"search_term_string"}}],"inLanguage":"en-US"},{"@type":"Person","@id":"https:\/\/educap.io\/#\/schema\/person\/af1d7ee1c5a45e1e89d8f75d7e92c114","name":"Julie CENTI","image":{"@type":"ImageObject","inLanguage":"en-US","@id":"https:\/\/educap.io\/#\/schema\/person\/image\/","url":"https:\/\/secure.gravatar.com\/avatar\/004044df9ff916f2557184884b7bfa29ede68f0506217a17a729109cd76ee8af?s=96&d=mm&r=g","contentUrl":"https:\/\/secure.gravatar.com\/avatar\/004044df9ff916f2557184884b7bfa29ede68f0506217a17a729109cd76ee8af?s=96&d=mm&r=g","caption":"Julie CENTI"},"sameAs":["https:\/\/educap.io\/"],"url":"https:\/\/educap.io\/en\/author\/emna-chacha\/"}]}},"_links":{"self":[{"href":"https:\/\/educap.io\/en\/wp-json\/wp\/v2\/posts\/2272","targetHints":{"allow":["GET"]}}],"collection":[{"href":"https:\/\/educap.io\/en\/wp-json\/wp\/v2\/posts"}],"about":[{"href":"https:\/\/educap.io\/en\/wp-json\/wp\/v2\/types\/post"}],"author":[{"embeddable":true,"href":"https:\/\/educap.io\/en\/wp-json\/wp\/v2\/users\/3"}],"replies":[{"embeddable":true,"href":"https:\/\/educap.io\/en\/wp-json\/wp\/v2\/comments?post=2272"}],"version-history":[{"count":2,"href":"https:\/\/educap.io\/en\/wp-json\/wp\/v2\/posts\/2272\/revisions"}],"predecessor-version":[{"id":2275,"href":"https:\/\/educap.io\/en\/wp-json\/wp\/v2\/posts\/2272\/revisions\/2275"}],"wp:featuredmedia":[{"embeddable":true,"href":"https:\/\/educap.io\/en\/wp-json\/wp\/v2\/media\/2273"}],"wp:attachment":[{"href":"https:\/\/educap.io\/en\/wp-json\/wp\/v2\/media?parent=2272"}],"wp:term":[{"taxonomy":"category","embeddable":true,"href":"https:\/\/educap.io\/en\/wp-json\/wp\/v2\/categories?post=2272"},{"taxonomy":"post_tag","embeddable":true,"href":"https:\/\/educap.io\/en\/wp-json\/wp\/v2\/tags?post=2272"}],"curies":[{"name":"wp","href":"https:\/\/api.w.org\/{rel}","templated":true}]}}