{"id":2207,"date":"2023-11-02T10:00:00","date_gmt":"2023-11-02T10:00:00","guid":{"rendered":"https:\/\/educap.io\/?p=2207"},"modified":"2023-10-27T14:40:26","modified_gmt":"2023-10-27T14:40:26","slug":"sante-mentale-et-bien-etre-des-eleves-conseils-et-astuces","status":"publish","type":"post","link":"https:\/\/educap.io\/en\/sante-mentale-et-bien-etre-des-eleves-conseils-et-astuces\/","title":{"rendered":"Comment cr\u00e9er un environnement scolaire qui favorise la sant\u00e9 mentale et le bien-\u00eatre des \u00e9l\u00e8ves ?"},"content":{"rendered":"<p>L&rsquo;environnement scolaire joue un r\u00f4le crucial dans la vie des \u00e9l\u00e8ves. De plus, il peut influencer leur sant\u00e9 mentale et leur bien-\u00eatre de mani\u00e8re significative. Par cons\u00e9quent, dans cet article, nous allons explorer comment cr\u00e9er un environnement scolaire propice \u00e0 la sant\u00e9 mentale et au bien-\u00eatre des \u00e9l\u00e8ves. Pour ce faire, nous allons examiner les meilleures pratiques, les strat\u00e9gies \u00e9prouv\u00e9es, et les mesures concr\u00e8tes que les \u00e9coles peuvent mettre en place pour soutenir leurs \u00e9l\u00e8ves.<\/p>\n\n\n\n<p><\/p>\n\n\n\n<h2 class=\"wp-block-heading\"><strong>L&rsquo;importance de la sant\u00e9 mentale \u00e0 l&rsquo;\u00e9cole<\/strong><\/h2>\n\n\n\n<h3 class=\"wp-block-heading\">Reconna\u00eetre les d\u00e9fis<\/h3>\n\n\n\n<p>Les \u00e9l\u00e8ves d&rsquo;aujourd&rsquo;hui sont confront\u00e9s \u00e0 des d\u00e9fis sans pr\u00e9c\u00e9dent. En outre, les pressions acad\u00e9miques, sociales, et familiales peuvent avoir un impact n\u00e9gatif sur leur sant\u00e9 mentale. Ainsi, il est essentiel que les \u00e9coles reconnaissent ces d\u00e9fis et s&rsquo;engagent activement \u00e0 les aborder<\/p>\n\n\n\n<h3 class=\"wp-block-heading\">Cr\u00e9er un environnement accueillant<\/h3>\n\n\n\n<p>Pour favoriser la sant\u00e9 mentale des \u00e9l\u00e8ves, les \u00e9coles doivent cr\u00e9er un environnement accueillant et inclusif. Donc, cela signifie encourager la diversit\u00e9, l&rsquo;\u00e9quit\u00e9 et l&rsquo;inclusion, et lutter contre toute forme de discrimination ou de harc\u00e8lement.<\/p>\n\n\n\n<h2 class=\"wp-block-heading has-text-align-left\"><strong>Les pratiques pour promouvoir la sant\u00e9 mentale<\/strong><\/h2>\n\n\n\n<h3 class=\"wp-block-heading\">Offrir un soutien professionnel<\/h3>\n\n\n\n<p>Les \u00e9coles doivent disposer de professionnels de la sant\u00e9 mentale, tels que des psychologues scolaires, des conseillers et des travailleurs sociaux, qui peuvent fournir un soutien individualis\u00e9 aux \u00e9l\u00e8ves en difficult\u00e9.<\/p>\n\n\n\n<h3 class=\"wp-block-heading\">Enseigner la r\u00e9silience<\/h3>\n\n\n\n<p>Un programme \u00e9ducatif visant \u00e0 enseigner aux \u00e9l\u00e8ves des comp\u00e9tences en mati\u00e8re de r\u00e9silience peut les aider \u00e0 faire face au stress et aux d\u00e9fis de la vie quotidienne.<\/p>\n\n\n\n<h3 class=\"wp-block-heading has-text-align-left\">Fournir des espaces de d\u00e9tente et de d\u00e9compression<\/h3>\n\n\n\n<p>Les \u00e9coles devraient \u00e9galement investir dans la cr\u00e9ation d&rsquo;espaces de d\u00e9tente et de d\u00e9compression, tels que des coins tranquilles ou des jardins. Ces environnements offrent aux \u00e9l\u00e8ves un endroit o\u00f9 ils peuvent se retirer pour se ressourcer, se calmer et se recentrer en cas de besoin. Ces espaces peuvent contribuer \u00e0 r\u00e9duire le stress et \u00e0 favoriser un climat scolaire plus propice \u00e0 la sant\u00e9 mentale.<\/p>\n\n\n\n<p>En incorporant ces pratiques essentielles dans le syst\u00e8me \u00e9ducatif, les \u00e9coles peuvent jouer un r\u00f4le significatif dans la promotion de la sant\u00e9 mentale des \u00e9l\u00e8ves. Enfin, elles leur fournissent des comp\u00e9tences pour faire face aux d\u00e9fis de la vie tout en cr\u00e9ant un environnement favorable \u00e0 leur bien-\u00eatre \u00e9motionnel.<\/p>\n\n\n\n<h2 class=\"wp-block-heading\"><strong>L&rsquo;importance du bien-\u00eatre physique<\/strong><\/h2>\n\n\n\n<h3 class=\"wp-block-heading\">Promouvoir l&rsquo;activit\u00e9 physique<\/h3>\n\n\n\n<p>L&rsquo;activit\u00e9 physique est \u00e9troitement li\u00e9e \u00e0 la sant\u00e9 mentale. Les \u00e9coles doivent encourager les \u00e9l\u00e8ves \u00e0 \u00eatre physiquement actifs en proposant des cours d&rsquo;\u00e9ducation physique de qualit\u00e9 et des activit\u00e9s sportives.<\/p>\n\n\n\n<h3 class=\"wp-block-heading\">Nutrition \u00e9quilibr\u00e9e<\/h3>\n\n\n\n<p>Une alimentation \u00e9quilibr\u00e9e joue un r\u00f4le essentiel dans le bien-\u00eatre physique et mental des \u00e9l\u00e8ves. Les \u00e9coles doivent offrir des repas sains et \u00e9quilibr\u00e9s.<\/p>\n\n\n\n<h3 class=\"wp-block-heading\">Favoriser le sommeil de qualit\u00e9<\/h3>\n\n\n\n<p>Le sommeil est un \u00e9l\u00e9ment crucial du bien-\u00eatre physique et mental. Ainsi, les \u00e9coles devraient sensibiliser les \u00e9l\u00e8ves \u00e0 l&rsquo;importance d&rsquo;un sommeil de qualit\u00e9 et mettre en place des initiatives pour les encourager \u00e0 adopter de bonnes habitudes de sommeil. Ainsi, cela pourrait inclure des campagnes d&rsquo;information sur les avantages du sommeil, des horaires scolaires plus adapt\u00e9s aux besoins des \u00e9l\u00e8ves, ou des espaces de sieste pour favoriser une meilleure r\u00e9cup\u00e9ration pendant la journ\u00e9e scolaire. Un sommeil ad\u00e9quat am\u00e9liore la concentration, la gestion du stress et l&rsquo;humeur, contribuant ainsi de mani\u00e8re significative \u00e0 la sant\u00e9 mentale des \u00e9l\u00e8ves.<\/p>\n\n\n\n<h2 class=\"wp-block-heading\"><strong>L&rsquo;importance de la communication<\/strong><\/h2>\n\n\n\n<h3 class=\"wp-block-heading\">Encourager la communication ouverte<\/h3>\n\n\n\n<p>Les \u00e9l\u00e8ves doivent se sentir \u00e0 l&rsquo;aise pour parler de leurs probl\u00e8mes et de leurs pr\u00e9occupations. Les \u00e9coles doivent encourager la communication ouverte en fournissant des espaces s\u00e9curis\u00e9s pour le partage.<\/p>\n\n\n\n<h3 class=\"wp-block-heading\">Impliquer les parents<\/h3>\n\n\n\n<p>La collaboration entre l&rsquo;\u00e9cole et les parents est essentielle. Les \u00e9coles devraient organiser des r\u00e9unions r\u00e9guli\u00e8res avec les parents pour discuter du bien-\u00eatre des \u00e9l\u00e8ves.<\/p>\n\n\n\n<h3 class=\"wp-block-heading has-text-align-left\">Sensibiliser aux comp\u00e9tences en communication<\/h3>\n\n\n\n<p>Des programmes \u00e9ducatifs visant \u00e0 d\u00e9velopper les aptitudes \u00e0 l&rsquo;\u00e9coute active, \u00e0 l&rsquo;expression claire et \u00e0 la r\u00e9solution de conflits peuvent renforcer la capacit\u00e9 des \u00e9l\u00e8ves \u00e0 communiquer de mani\u00e8re saine et constructive. Ainsi, en acqu\u00e9rant ces comp\u00e9tences, les \u00e9l\u00e8ves seront mieux pr\u00e9par\u00e9s \u00e0 g\u00e9rer les situations de stress, \u00e0 r\u00e9soudre des probl\u00e8mes, et \u00e0 maintenir des relations interpersonnelles positives. Ainsi, cela contribuera \u00e0 leur bien-\u00eatre \u00e9motionnel et \u00e0 leur sant\u00e9 mentale.<\/p>\n\n\n\n<h2 class=\"wp-block-heading has-text-align-left\"><strong>Mesures concr\u00e8tes pour cr\u00e9er un environnement favorable<\/strong><\/h2>\n\n\n\n<h3 class=\"wp-block-heading\">Programme de sensibilisation<\/h3>\n\n\n\n<p>Mettre en place un programme de sensibilisation \u00e0 la sant\u00e9 mentale qui \u00e9duque les \u00e9l\u00e8ves sur les probl\u00e8mes li\u00e9s \u00e0 la sant\u00e9 mentale et r\u00e9duit la stigmatisation est un \u00e9l\u00e9ment cl\u00e9 de la promotion de la sant\u00e9 mentale \u00e0 l&rsquo;\u00e9cole. De plus, ce programme peut comprendre des s\u00e9ances \u00e9ducatives sur les diff\u00e9rentes conditions de sant\u00e9 mentale, les signes pr\u00e9curseurs, ainsi que les ressources disponibles pour le soutien. En outre, il peut encourager les \u00e9l\u00e8ves \u00e0 partager leurs exp\u00e9riences et \u00e0 exprimer leurs pr\u00e9occupations, ce qui contribue \u00e0 normaliser les discussions sur la sant\u00e9 mentale.<\/p>\n\n\n\n<h3 class=\"wp-block-heading\">Espaces de d\u00e9tente<\/h3>\n\n\n\n<p>Cr\u00e9er des espaces de d\u00e9tente dans l&rsquo;\u00e9cole o\u00f9 les \u00e9l\u00e8ves peuvent se relaxer et se ressourcer est une initiative cruciale pour favoriser leur bien-\u00eatre \u00e9motionnel. Ces espaces peuvent inclure des zones de m\u00e9ditation, des coins lecture tranquilles, ou m\u00eame des jardins apaisants. De plus, il est essentiel d&rsquo;assurer que ces espaces soient accueillants et s\u00e9curis\u00e9s, favorisant ainsi un environnement propice \u00e0 la relaxation.<\/p>\n\n\n\n<h3 class=\"wp-block-heading\">Formation du personnel<\/h3>\n\n\n\n<p>Former le personnel de l&rsquo;\u00e9cole pour identifier les signes de d\u00e9tresse chez les \u00e9l\u00e8ves et leur fournir un soutien ad\u00e9quat. Cette formation peut inclure des sessions de sensibilisation sur les probl\u00e8mes de sant\u00e9 mentale courants chez les jeunes, des techniques d&rsquo;\u00e9coute active et des protocoles d&rsquo;intervention en cas de crise. Elle devrait \u00e9galement encourager la bienveillance, l&#8217;empathie et la compr\u00e9hension envers les \u00e9l\u00e8ves, cr\u00e9ant ainsi un environnement propice \u00e0 l&rsquo;expression ouverte des \u00e9motions et des pr\u00e9occupations.<\/p>\n\n\n\n<p>La cr\u00e9ation d&rsquo;un environnement scolaire favorable \u00e0 la sant\u00e9 mentale et au bien-\u00eatre des \u00e9l\u00e8ves est une t\u00e2che essentielle pour toutes les \u00e9coles. Par cons\u00e9quent, en mettant en \u0153uvre les meilleures pratiques, en offrant un soutien professionnel, en promouvant l&rsquo;activit\u00e9 physique, la nutrition \u00e9quilibr\u00e9e, et la communication ouverte, les \u00e9coles peuvent jouer un r\u00f4le crucial dans la vie de leurs \u00e9l\u00e8ves. En adoptant ces mesures, nous pouvons contribuer \u00e0 former des g\u00e9n\u00e9rations d&rsquo;\u00e9l\u00e8ves en meilleure sant\u00e9 mentale et en meilleur bien-\u00eatre, pr\u00eats \u00e0 relever les d\u00e9fis de la vie avec confiance et r\u00e9silience.<\/p>","protected":false},"excerpt":{"rendered":"<p>L&rsquo;environnement scolaire joue un r\u00f4le crucial dans la vie des \u00e9l\u00e8ves. De plus, il peut influencer leur sant\u00e9 mentale et leur bien-\u00eatre de mani\u00e8re significative. Par cons\u00e9quent, dans cet article, nous allons explorer comment cr\u00e9er un environnement scolaire propice \u00e0 la sant\u00e9 mentale et au bien-\u00eatre des \u00e9l\u00e8ves. Pour ce faire, nous allons examiner les [&hellip;]<\/p>","protected":false},"author":3,"featured_media":2212,"comment_status":"open","ping_status":"open","sticky":false,"template":"","format":"standard","meta":{"footnotes":""},"categories":[1],"tags":[90,23,18,89],"class_list":["post-2207","post","type-post","status-publish","format-standard","has-post-thumbnail","hentry","category-blog","tag-bien-etre","tag-eleve","tag-etablissement-scolaire","tag-sante-mentale"],"yoast_head":"<!-- This site is optimized with the Yoast SEO plugin v24.2 - https:\/\/yoast.com\/wordpress\/plugins\/seo\/ -->\n<title>Sant\u00e9 Mentale et Bien-\u00catre des \u00c9l\u00e8ves : Conseils et Astuces<\/title>\n<meta name=\"description\" content=\"Sant\u00e9 Mentale et Bien-\u00catre des \u00c9l\u00e8ves : conseils et astuces pour cr\u00e9er un environnement scolaire propice au bien-\u00eatre des \u00e9l\u00e8ves.\" \/>\n<meta name=\"robots\" content=\"index, follow, max-snippet:-1, max-image-preview:large, max-video-preview:-1\" \/>\n<link rel=\"canonical\" href=\"https:\/\/educap.io\/en\/sante-mentale-et-bien-etre-des-eleves-conseils-et-astuces\/\" \/>\n<meta property=\"og:locale\" content=\"en_US\" \/>\n<meta property=\"og:type\" content=\"article\" \/>\n<meta property=\"og:title\" content=\"Sant\u00e9 Mentale et Bien-\u00catre des \u00c9l\u00e8ves : Conseils et Astuces\" \/>\n<meta property=\"og:description\" content=\"Sant\u00e9 Mentale et Bien-\u00catre des \u00c9l\u00e8ves : conseils et astuces pour cr\u00e9er un environnement scolaire propice au bien-\u00eatre des \u00e9l\u00e8ves.\" \/>\n<meta property=\"og:url\" content=\"https:\/\/educap.io\/en\/sante-mentale-et-bien-etre-des-eleves-conseils-et-astuces\/\" \/>\n<meta property=\"og:site_name\" content=\"Educap\" \/>\n<meta property=\"article:publisher\" content=\"https:\/\/www.facebook.com\/educap.io\" \/>\n<meta property=\"article:published_time\" content=\"2023-11-02T10:00:00+00:00\" \/>\n<meta property=\"article:modified_time\" content=\"2023-10-27T14:40:26+00:00\" \/>\n<meta property=\"og:image\" content=\"https:\/\/i0.wp.com\/educap.io\/wp-content\/uploads\/2023\/10\/Blog-Educap-12.png?fit=1366%2C768&ssl=1\" \/>\n\t<meta property=\"og:image:width\" content=\"1366\" \/>\n\t<meta property=\"og:image:height\" content=\"768\" \/>\n\t<meta property=\"og:image:type\" content=\"image\/png\" \/>\n<meta name=\"author\" content=\"Julie CENTI\" \/>\n<meta name=\"twitter:card\" content=\"summary_large_image\" \/>\n<meta name=\"twitter:label1\" content=\"Written by\" \/>\n\t<meta name=\"twitter:data1\" content=\"Julie CENTI\" \/>\n\t<meta name=\"twitter:label2\" content=\"Est. reading time\" \/>\n\t<meta name=\"twitter:data2\" content=\"6 minutes\" \/>\n<script type=\"application\/ld+json\" class=\"yoast-schema-graph\">{\"@context\":\"https:\/\/schema.org\",\"@graph\":[{\"@type\":\"WebPage\",\"@id\":\"https:\/\/educap.io\/sante-mentale-et-bien-etre-des-eleves-conseils-et-astuces\/\",\"url\":\"https:\/\/educap.io\/sante-mentale-et-bien-etre-des-eleves-conseils-et-astuces\/\",\"name\":\"Sant\u00e9 Mentale et Bien-\u00catre des \u00c9l\u00e8ves : Conseils et Astuces\",\"isPartOf\":{\"@id\":\"https:\/\/educap.io\/#website\"},\"primaryImageOfPage\":{\"@id\":\"https:\/\/educap.io\/sante-mentale-et-bien-etre-des-eleves-conseils-et-astuces\/#primaryimage\"},\"image\":{\"@id\":\"https:\/\/educap.io\/sante-mentale-et-bien-etre-des-eleves-conseils-et-astuces\/#primaryimage\"},\"thumbnailUrl\":\"https:\/\/educap.io\/wp-content\/uploads\/2023\/10\/Blog-Educap-12.png\",\"datePublished\":\"2023-11-02T10:00:00+00:00\",\"dateModified\":\"2023-10-27T14:40:26+00:00\",\"author\":{\"@id\":\"https:\/\/educap.io\/#\/schema\/person\/af1d7ee1c5a45e1e89d8f75d7e92c114\"},\"description\":\"Sant\u00e9 Mentale et Bien-\u00catre des \u00c9l\u00e8ves : conseils et astuces pour cr\u00e9er un environnement scolaire propice au bien-\u00eatre des \u00e9l\u00e8ves.\",\"breadcrumb\":{\"@id\":\"https:\/\/educap.io\/sante-mentale-et-bien-etre-des-eleves-conseils-et-astuces\/#breadcrumb\"},\"inLanguage\":\"en-US\",\"potentialAction\":[{\"@type\":\"ReadAction\",\"target\":[\"https:\/\/educap.io\/sante-mentale-et-bien-etre-des-eleves-conseils-et-astuces\/\"]}]},{\"@type\":\"ImageObject\",\"inLanguage\":\"en-US\",\"@id\":\"https:\/\/educap.io\/sante-mentale-et-bien-etre-des-eleves-conseils-et-astuces\/#primaryimage\",\"url\":\"https:\/\/educap.io\/wp-content\/uploads\/2023\/10\/Blog-Educap-12.png\",\"contentUrl\":\"https:\/\/educap.io\/wp-content\/uploads\/2023\/10\/Blog-Educap-12.png\",\"width\":1366,\"height\":768,\"caption\":\"Sant\u00e9 Mentale et Bien-\u00catre des \u00c9l\u00e8ves : Conseils et Astuces\"},{\"@type\":\"BreadcrumbList\",\"@id\":\"https:\/\/educap.io\/sante-mentale-et-bien-etre-des-eleves-conseils-et-astuces\/#breadcrumb\",\"itemListElement\":[{\"@type\":\"ListItem\",\"position\":1,\"name\":\"Accueil\",\"item\":\"https:\/\/educap.io\/fr_fr\/\"},{\"@type\":\"ListItem\",\"position\":2,\"name\":\"Comment cr\u00e9er un environnement scolaire qui favorise la sant\u00e9 mentale et le bien-\u00eatre des \u00e9l\u00e8ves ?\"}]},{\"@type\":\"WebSite\",\"@id\":\"https:\/\/educap.io\/#website\",\"url\":\"https:\/\/educap.io\/\",\"name\":\"Educap\",\"description\":\"\",\"potentialAction\":[{\"@type\":\"SearchAction\",\"target\":{\"@type\":\"EntryPoint\",\"urlTemplate\":\"https:\/\/educap.io\/?s={search_term_string}\"},\"query-input\":{\"@type\":\"PropertyValueSpecification\",\"valueRequired\":true,\"valueName\":\"search_term_string\"}}],\"inLanguage\":\"en-US\"},{\"@type\":\"Person\",\"@id\":\"https:\/\/educap.io\/#\/schema\/person\/af1d7ee1c5a45e1e89d8f75d7e92c114\",\"name\":\"Julie CENTI\",\"image\":{\"@type\":\"ImageObject\",\"inLanguage\":\"en-US\",\"@id\":\"https:\/\/educap.io\/#\/schema\/person\/image\/\",\"url\":\"https:\/\/secure.gravatar.com\/avatar\/004044df9ff916f2557184884b7bfa29ede68f0506217a17a729109cd76ee8af?s=96&d=mm&r=g\",\"contentUrl\":\"https:\/\/secure.gravatar.com\/avatar\/004044df9ff916f2557184884b7bfa29ede68f0506217a17a729109cd76ee8af?s=96&d=mm&r=g\",\"caption\":\"Julie CENTI\"},\"sameAs\":[\"https:\/\/educap.io\/\"],\"url\":\"https:\/\/educap.io\/en\/author\/emna-chacha\/\"}]}<\/script>\n<!-- \/ Yoast SEO plugin. -->","yoast_head_json":{"title":"Sant\u00e9 Mentale et Bien-\u00catre des \u00c9l\u00e8ves : Conseils et Astuces","description":"Sant\u00e9 Mentale et Bien-\u00catre des \u00c9l\u00e8ves : conseils et astuces pour cr\u00e9er un environnement scolaire propice au bien-\u00eatre des \u00e9l\u00e8ves.","robots":{"index":"index","follow":"follow","max-snippet":"max-snippet:-1","max-image-preview":"max-image-preview:large","max-video-preview":"max-video-preview:-1"},"canonical":"https:\/\/educap.io\/en\/sante-mentale-et-bien-etre-des-eleves-conseils-et-astuces\/","og_locale":"en_US","og_type":"article","og_title":"Sant\u00e9 Mentale et Bien-\u00catre des \u00c9l\u00e8ves : Conseils et Astuces","og_description":"Sant\u00e9 Mentale et Bien-\u00catre des \u00c9l\u00e8ves : conseils et astuces pour cr\u00e9er un environnement scolaire propice au bien-\u00eatre des \u00e9l\u00e8ves.","og_url":"https:\/\/educap.io\/en\/sante-mentale-et-bien-etre-des-eleves-conseils-et-astuces\/","og_site_name":"Educap","article_publisher":"https:\/\/www.facebook.com\/educap.io","article_published_time":"2023-11-02T10:00:00+00:00","article_modified_time":"2023-10-27T14:40:26+00:00","og_image":[{"width":1366,"height":768,"url":"https:\/\/i0.wp.com\/educap.io\/wp-content\/uploads\/2023\/10\/Blog-Educap-12.png?fit=1366%2C768&ssl=1","type":"image\/png"}],"author":"Julie CENTI","twitter_card":"summary_large_image","twitter_misc":{"Written by":"Julie CENTI","Est. reading time":"6 minutes"},"schema":{"@context":"https:\/\/schema.org","@graph":[{"@type":"WebPage","@id":"https:\/\/educap.io\/sante-mentale-et-bien-etre-des-eleves-conseils-et-astuces\/","url":"https:\/\/educap.io\/sante-mentale-et-bien-etre-des-eleves-conseils-et-astuces\/","name":"Sant\u00e9 Mentale et Bien-\u00catre des \u00c9l\u00e8ves : Conseils et Astuces","isPartOf":{"@id":"https:\/\/educap.io\/#website"},"primaryImageOfPage":{"@id":"https:\/\/educap.io\/sante-mentale-et-bien-etre-des-eleves-conseils-et-astuces\/#primaryimage"},"image":{"@id":"https:\/\/educap.io\/sante-mentale-et-bien-etre-des-eleves-conseils-et-astuces\/#primaryimage"},"thumbnailUrl":"https:\/\/educap.io\/wp-content\/uploads\/2023\/10\/Blog-Educap-12.png","datePublished":"2023-11-02T10:00:00+00:00","dateModified":"2023-10-27T14:40:26+00:00","author":{"@id":"https:\/\/educap.io\/#\/schema\/person\/af1d7ee1c5a45e1e89d8f75d7e92c114"},"description":"Sant\u00e9 Mentale et Bien-\u00catre des \u00c9l\u00e8ves : conseils et astuces pour cr\u00e9er un environnement scolaire propice au bien-\u00eatre des \u00e9l\u00e8ves.","breadcrumb":{"@id":"https:\/\/educap.io\/sante-mentale-et-bien-etre-des-eleves-conseils-et-astuces\/#breadcrumb"},"inLanguage":"en-US","potentialAction":[{"@type":"ReadAction","target":["https:\/\/educap.io\/sante-mentale-et-bien-etre-des-eleves-conseils-et-astuces\/"]}]},{"@type":"ImageObject","inLanguage":"en-US","@id":"https:\/\/educap.io\/sante-mentale-et-bien-etre-des-eleves-conseils-et-astuces\/#primaryimage","url":"https:\/\/educap.io\/wp-content\/uploads\/2023\/10\/Blog-Educap-12.png","contentUrl":"https:\/\/educap.io\/wp-content\/uploads\/2023\/10\/Blog-Educap-12.png","width":1366,"height":768,"caption":"Sant\u00e9 Mentale et Bien-\u00catre des \u00c9l\u00e8ves : Conseils et Astuces"},{"@type":"BreadcrumbList","@id":"https:\/\/educap.io\/sante-mentale-et-bien-etre-des-eleves-conseils-et-astuces\/#breadcrumb","itemListElement":[{"@type":"ListItem","position":1,"name":"Accueil","item":"https:\/\/educap.io\/fr_fr\/"},{"@type":"ListItem","position":2,"name":"Comment cr\u00e9er un environnement scolaire qui favorise la sant\u00e9 mentale et le bien-\u00eatre des \u00e9l\u00e8ves ?"}]},{"@type":"WebSite","@id":"https:\/\/educap.io\/#website","url":"https:\/\/educap.io\/","name":"Educap","description":"","potentialAction":[{"@type":"SearchAction","target":{"@type":"EntryPoint","urlTemplate":"https:\/\/educap.io\/?s={search_term_string}"},"query-input":{"@type":"PropertyValueSpecification","valueRequired":true,"valueName":"search_term_string"}}],"inLanguage":"en-US"},{"@type":"Person","@id":"https:\/\/educap.io\/#\/schema\/person\/af1d7ee1c5a45e1e89d8f75d7e92c114","name":"Julie CENTI","image":{"@type":"ImageObject","inLanguage":"en-US","@id":"https:\/\/educap.io\/#\/schema\/person\/image\/","url":"https:\/\/secure.gravatar.com\/avatar\/004044df9ff916f2557184884b7bfa29ede68f0506217a17a729109cd76ee8af?s=96&d=mm&r=g","contentUrl":"https:\/\/secure.gravatar.com\/avatar\/004044df9ff916f2557184884b7bfa29ede68f0506217a17a729109cd76ee8af?s=96&d=mm&r=g","caption":"Julie CENTI"},"sameAs":["https:\/\/educap.io\/"],"url":"https:\/\/educap.io\/en\/author\/emna-chacha\/"}]}},"_links":{"self":[{"href":"https:\/\/educap.io\/en\/wp-json\/wp\/v2\/posts\/2207","targetHints":{"allow":["GET"]}}],"collection":[{"href":"https:\/\/educap.io\/en\/wp-json\/wp\/v2\/posts"}],"about":[{"href":"https:\/\/educap.io\/en\/wp-json\/wp\/v2\/types\/post"}],"author":[{"embeddable":true,"href":"https:\/\/educap.io\/en\/wp-json\/wp\/v2\/users\/3"}],"replies":[{"embeddable":true,"href":"https:\/\/educap.io\/en\/wp-json\/wp\/v2\/comments?post=2207"}],"version-history":[{"count":3,"href":"https:\/\/educap.io\/en\/wp-json\/wp\/v2\/posts\/2207\/revisions"}],"predecessor-version":[{"id":2220,"href":"https:\/\/educap.io\/en\/wp-json\/wp\/v2\/posts\/2207\/revisions\/2220"}],"wp:featuredmedia":[{"embeddable":true,"href":"https:\/\/educap.io\/en\/wp-json\/wp\/v2\/media\/2212"}],"wp:attachment":[{"href":"https:\/\/educap.io\/en\/wp-json\/wp\/v2\/media?parent=2207"}],"wp:term":[{"taxonomy":"category","embeddable":true,"href":"https:\/\/educap.io\/en\/wp-json\/wp\/v2\/categories?post=2207"},{"taxonomy":"post_tag","embeddable":true,"href":"https:\/\/educap.io\/en\/wp-json\/wp\/v2\/tags?post=2207"}],"curies":[{"name":"wp","href":"https:\/\/api.w.org\/{rel}","templated":true}]}}