{"id":1911,"date":"2023-10-23T22:00:00","date_gmt":"2023-10-23T22:00:00","guid":{"rendered":"https:\/\/educap.io\/?p=1911"},"modified":"2023-10-17T12:49:00","modified_gmt":"2023-10-17T12:49:00","slug":"la-justice-sociale-et-lequite-dans-leducation-comment-faire","status":"publish","type":"post","link":"https:\/\/educap.io\/en\/la-justice-sociale-et-lequite-dans-leducation-comment-faire\/","title":{"rendered":"Comment int\u00e9grer la justice sociale et l&rsquo;\u00e9quit\u00e9 dans l&rsquo;\u00e9ducation ?"},"content":{"rendered":"<p>L&rsquo;\u00e9ducation est un pilier essentiel de notre soci\u00e9t\u00e9. Elle fa\u00e7onne les esprits, ouvre des portes, et pr\u00e9pare les individus \u00e0 affronter l&rsquo;avenir. Cependant, l&rsquo;\u00e9ducation n&rsquo;est v\u00e9ritablement b\u00e9n\u00e9fique que si elle est impr\u00e9gn\u00e9e de justice sociale et d&rsquo;\u00e9quit\u00e9. Dans cet article, nous explorerons comment int\u00e9grer ces principes fondamentaux dans le syst\u00e8me \u00e9ducatif. Nous partagerons des conseils pratiques pour promouvoir la justice sociale, l&rsquo;\u00e9quit\u00e9 et la pr\u00e9vention des in\u00e9galit\u00e9s dans nos \u00e9coles. Rejoignez-nous pour un voyage vers un syst\u00e8me \u00e9ducatif plus inclusif et \u00e9quitable.<\/p>\n\n\n\n<h2 class=\"wp-block-heading\"><strong>Comprendre la justice sociale et l&rsquo;\u00e9quit\u00e9<\/strong><\/h2>\n\n\n\n<h3 class=\"wp-block-heading\">D\u00e9finitions essentielles<\/h3>\n\n\n\n<p>La justice sociale implique de garantir que tous les individus, quel que soit leur origine, leur race, leur sexe ou leur statut socio-\u00e9conomique, aient un acc\u00e8s \u00e9gal aux opportunit\u00e9s et aux ressources. L&rsquo;\u00e9quit\u00e9 va plus loin en reconnaissant que certaines personnes ont besoin de plus de soutien pour atteindre le m\u00eame niveau de r\u00e9ussite que d&rsquo;autres.<\/p>\n\n\n\n<h3 class=\"wp-block-heading\">Pourquoi sont-elles importantes en \u00e9ducation ?<\/h3>\n\n\n\n<p>Lorsque la justice sociale et l&rsquo;\u00e9quit\u00e9 sont int\u00e9gr\u00e9es dans l&rsquo;\u00e9ducation, les \u00e9l\u00e8ves peuvent prosp\u00e9rer, ind\u00e9pendamment de leurs circonstances. Cela contribue \u00e0 construire une soci\u00e9t\u00e9 plus \u00e9quilibr\u00e9e et \u00e9panouissante.<\/p>\n\n\n\n<h2 class=\"wp-block-heading\"><strong>Les d\u00e9fis de l&rsquo;\u00e9quit\u00e9 en \u00e9ducation<\/strong><\/h2>\n\n\n\n<h3 class=\"wp-block-heading\">In\u00e9galit\u00e9s dans l&rsquo;acc\u00e8s \u00e0 l&rsquo;\u00e9ducation<\/h3>\n\n\n\n<p>De nombreuses communaut\u00e9s et groupes sociaux ont un acc\u00e8s limit\u00e9 \u00e0 une \u00e9ducation de qualit\u00e9. Cela cr\u00e9e des in\u00e9galit\u00e9s d\u00e8s le d\u00e9part, car tous les \u00e9l\u00e8ves n&rsquo;ont pas les m\u00eames opportunit\u00e9s.<\/p>\n\n\n\n<h3 class=\"wp-block-heading\">In\u00e9galit\u00e9s dans la qualit\u00e9 de l&rsquo;\u00e9ducation<\/h3>\n\n\n\n<p>M\u00eame lorsque l&rsquo;acc\u00e8s \u00e0 l&rsquo;\u00e9ducation est assur\u00e9, la qualit\u00e9 de l&rsquo;\u00e9ducation peut varier consid\u00e9rablement. Certaines \u00e9coles disposent de ressources abondantes, tandis que d&rsquo;autres luttent pour fournir des installations de base.<\/p>\n\n\n\n<h2 class=\"wp-block-heading\"><strong>Conseils pour int\u00e9grer la justice sociale<\/strong><\/h2>\n\n\n\n<h3 class=\"wp-block-heading\">\u00c9ducation inclusive<\/h3>\n\n\n\n<p>L&rsquo;inclusion est la pierre angulaire de la justice sociale. Les \u00e9coles doivent accueillir tous les \u00e9l\u00e8ves, y compris ceux en situation de handicap, et cr\u00e9er un environnement o\u00f9 chacun se sent accept\u00e9.<\/p>\n\n\n\n<h3 class=\"wp-block-heading\">Sensibilisation aux pr\u00e9jug\u00e9s<\/h3>\n\n\n\n<p>La sensibilisation aux pr\u00e9jug\u00e9s est essentielle pour lutter contre la discrimination. Les \u00e9coles peuvent organiser des ateliers et des discussions pour \u00e9duquer les \u00e9l\u00e8ves sur la diversit\u00e9 et l&rsquo;inclusion.<\/p>\n\n\n\n<h3 class=\"wp-block-heading\">Promotion de la diversit\u00e9 culturelle<\/h3>\n\n\n\n<p>Il est important que les \u00e9l\u00e8ves soient expos\u00e9s \u00e0 une vari\u00e9t\u00e9 de cultures et de perspectives. Cela \u00e9largit leur compr\u00e9hension du monde et favorise la tol\u00e9rance.<\/p>\n\n\n\n<h2 class=\"wp-block-heading has-text-align-left\"><strong>Conseils pour promouvoir l&rsquo;\u00e9quit\u00e9 en \u00e9ducation<\/strong><\/h2>\n\n\n\n<h3 class=\"wp-block-heading\">Ressources \u00e9ducatives \u00e9quitables<\/h3>\n\n\n\n<p>Tous les \u00e9l\u00e8ves devraient avoir acc\u00e8s aux m\u00eames ressources \u00e9ducatives, quel que soit leur lieu de r\u00e9sidence. Cela signifie fournir des manuels, des ordinateurs et d&rsquo;autres outils n\u00e9cessaires.<\/p>\n\n\n\n<h3 class=\"wp-block-heading\">Soutien aux \u00e9l\u00e8ves en difficult\u00e9<\/h3>\n\n\n\n<p>Certains \u00e9l\u00e8ves ont besoin de soutien suppl\u00e9mentaire pour r\u00e9ussir. Les \u00e9coles doivent offrir des services de soutien aux \u00e9l\u00e8ves en difficult\u00e9.<\/p>\n\n\n\n<h3 class=\"wp-block-heading\">\u00c9valuation \u00e9quitable des \u00e9l\u00e8ves<\/h3>\n\n\n\n<p>L&rsquo;\u00e9valuation des \u00e9l\u00e8ves doit \u00eatre impartiale. Cela signifie utiliser des m\u00e9thodes d&rsquo;\u00e9valuation appropri\u00e9es et justes pour mesurer la r\u00e9ussite des \u00e9l\u00e8ves.<\/p>\n\n\n\n<h2 class=\"wp-block-heading has-text-align-left\"><strong>Pr\u00e9vention des in\u00e9galit\u00e9s en \u00e9ducation<\/strong><\/h2>\n\n\n\n<h3 class=\"wp-block-heading\">Intervenir t\u00f4t<\/h3>\n\n\n\n<p>Pour \u00e9viter les in\u00e9galit\u00e9s, il est essentiel d&rsquo;intervenir t\u00f4t dans la vie des \u00e9l\u00e8ves. Cela signifie fournir un soutien pr\u00e9coce en cas de difficult\u00e9s d&rsquo;apprentissage.<\/p>\n\n\n\n<h3 class=\"wp-block-heading\">Lutter contre le d\u00e9crochage scolaire<\/h3>\n\n\n\n<p>Le d\u00e9crochage scolaire est un probl\u00e8me majeur. Les \u00e9coles doivent mettre en place des mesures pour pr\u00e9venir le d\u00e9crochage et encourager les \u00e9l\u00e8ves \u00e0 rester \u00e0 l&rsquo;\u00e9cole.<\/p>\n\n\n\n<h3 class=\"wp-block-heading\">Sensibilisation \u00e0 l&rsquo;\u00e9ducation<\/h3>\n\n\n\n<p>Sensibiliser la communaut\u00e9 \u00e0 l&rsquo;importance de l&rsquo;\u00e9ducation est essentiel. Cela peut encourager la participation des parents et des membres de la communaut\u00e9.<\/p>\n\n\n\n<h2 class=\"wp-block-heading\"><strong>L&rsquo;\u00e9ducation et la soci\u00e9t\u00e9<\/strong><\/h2>\n\n\n\n<h3 class=\"wp-block-heading\">Les avantages d&rsquo;une soci\u00e9t\u00e9 \u00e9duqu\u00e9e et \u00e9quitable<\/h3>\n\n\n\n<p>Une soci\u00e9t\u00e9 \u00e9duqu\u00e9e et \u00e9quitable est plus prosp\u00e8re, plus saine et plus harmonieuse. Les avantages se font sentir \u00e0 tous les niveaux de la soci\u00e9t\u00e9.<\/p>\n\n\n\n<h2 class=\"wp-block-heading has-text-align-left\"><strong>Les enseignants en tant qu&rsquo;agents du changement<\/strong><\/h2>\n\n\n\n<h3 class=\"wp-block-heading\">Formation des enseignants<\/h3>\n\n\n\n<p>Les enseignants jouent un r\u00f4le central dans la promotion de la justice sociale et de l&rsquo;\u00e9quit\u00e9. Ils doivent \u00eatre form\u00e9s pour comprendre les enjeux et les meilleures pratiques.<\/p>\n\n\n\n<h3 class=\"wp-block-heading\">\u00c9volution des programmes \u00e9ducatifs<\/h3>\n\n\n\n<p>Les programmes \u00e9ducatifs doivent \u00e9voluer pour refl\u00e9ter les valeurs de justice sociale et d&rsquo;\u00e9quit\u00e9. Cela peut signifier l&rsquo;int\u00e9gration de nouveaux sujets et perspectives.<\/p>\n\n\n\n<h2 class=\"wp-block-heading has-text-align-left\"><strong>La participation des parents et de la communaut\u00e9<\/strong><\/h2>\n\n\n\n<h3 class=\"wp-block-heading\">Implication des parents dans l&rsquo;\u00e9ducation<\/h3>\n\n\n\n<p>Les parents sont des partenaires essentiels dans l&rsquo;\u00e9ducation de leurs enfants. Les \u00e9coles doivent encourager leur participation active.<\/p>\n\n\n\n<h3 class=\"wp-block-heading\">Les partenariats communautaires<\/h3>\n\n\n\n<p>Collaborer avec la communaut\u00e9 peut renforcer les ressources et le soutien disponibles pour les \u00e9l\u00e8ves. Les partenariats communautaires sont pr\u00e9cieux.<\/p>\n\n\n\n<h2 class=\"wp-block-heading\"><strong>Ressources pour une \u00e9ducation \u00e9quitable<\/strong><\/h2>\n\n\n\n<h3 class=\"wp-block-heading\">Financement de l&rsquo;\u00e9ducation<\/h3>\n\n\n\n<p>Un financement \u00e9quitable de l&rsquo;\u00e9ducation est essentiel pour garantir que toutes les \u00e9coles disposent des ressources n\u00e9cessaires pour offrir une \u00e9ducation de qualit\u00e9.<\/p>\n\n\n\n<h3 class=\"wp-block-heading\">Technologies \u00e9ducatives<\/h3>\n\n\n\n<p>Les technologies \u00e9ducatives peuvent \u00eatre un outil pr\u00e9cieux pour atteindre un plus grand nombre d&rsquo;\u00e9l\u00e8ves. Cependant, il est essentiel que leur utilisation soit \u00e9quitable.<\/p>\n\n\n\n<h2 class=\"wp-block-heading\"><strong>\u00c9valuer et mesurer le progr\u00e8s<\/strong><\/h2>\n\n\n\n<h3 class=\"wp-block-heading\">Indicateurs de r\u00e9ussite<\/h3>\n\n\n\n<p>Il est important de d\u00e9finir des indicateurs de r\u00e9ussite pour mesurer les progr\u00e8s vers une \u00e9ducation plus \u00e9quitable.<\/p>\n\n\n\n<h3 class=\"wp-block-heading\">\u00c9valuation continue<\/h3>\n\n\n\n<p>L&rsquo;\u00e9valuation constante des pratiques \u00e9ducatives permet de s&rsquo;assurer que l&rsquo;\u00e9quit\u00e9 et la justice sociale restent au c\u0153ur de l&rsquo;\u00e9ducation.<\/p>\n\n\n\n<h2 class=\"wp-block-heading\"><strong>Conclusion<\/strong><\/h2>\n\n\n\n<p>Int\u00e9grer la justice sociale et l&rsquo;\u00e9quit\u00e9 dans l&rsquo;\u00e9ducation est un d\u00e9fi, mais c&rsquo;est un objectif noble et essentiel. En travaillant ensemble, en sensibilisant, en mettant en place des politiques \u00e9ducatives \u00e9quitables et en soutenant nos enseignants, nous pouvons cr\u00e9er un syst\u00e8me \u00e9ducatif qui offre des opportunit\u00e9s \u00e0 tous les \u00e9l\u00e8ves, quel que soit leur parcours. Il est temps de faire de l&rsquo;\u00e9ducation un levier de changement social et de construire un avenir plus \u00e9quitable pour tous.<\/p>","protected":false},"excerpt":{"rendered":"<p>L&rsquo;\u00e9ducation est un pilier essentiel de notre soci\u00e9t\u00e9. Elle fa\u00e7onne les esprits, ouvre des portes, et pr\u00e9pare les individus \u00e0 affronter l&rsquo;avenir. Cependant, l&rsquo;\u00e9ducation n&rsquo;est v\u00e9ritablement b\u00e9n\u00e9fique que si elle est impr\u00e9gn\u00e9e de justice sociale et d&rsquo;\u00e9quit\u00e9. Dans cet article, nous explorerons comment int\u00e9grer ces principes fondamentaux dans le syst\u00e8me \u00e9ducatif. Nous partagerons des conseils [&hellip;]<\/p>","protected":false},"author":3,"featured_media":1914,"comment_status":"open","ping_status":"open","sticky":false,"template":"","format":"standard","meta":{"footnotes":""},"categories":[1],"tags":[14,125,23,124],"class_list":["post-1911","post","type-post","status-publish","format-standard","has-post-thumbnail","hentry","category-blog","tag-apprentissage","tag-egalite","tag-eleve","tag-equite"],"yoast_head":"<!-- This site is optimized with the Yoast SEO plugin v24.2 - https:\/\/yoast.com\/wordpress\/plugins\/seo\/ -->\n<title>La justice sociale et l&#039;\u00e9quit\u00e9 dans l&#039;\u00e9ducation : comment faire ?<\/title>\n<meta name=\"description\" content=\"La justice sociale et l&#039;\u00e9quit\u00e9 dans l&#039;\u00e9ducation : comment faire ? Plusieurs groupes sociaux ont un acc\u00e8s limit\u00e9 \u00e0 une \u00e9ducation de qualit\u00e9.\" \/>\n<meta name=\"robots\" content=\"index, follow, max-snippet:-1, max-image-preview:large, max-video-preview:-1\" \/>\n<link rel=\"canonical\" href=\"https:\/\/educap.io\/en\/la-justice-sociale-et-lequite-dans-leducation-comment-faire\/\" \/>\n<meta property=\"og:locale\" content=\"en_US\" \/>\n<meta property=\"og:type\" content=\"article\" \/>\n<meta property=\"og:title\" content=\"La justice sociale et l&#039;\u00e9quit\u00e9 dans l&#039;\u00e9ducation : comment faire ?\" \/>\n<meta property=\"og:description\" content=\"La justice sociale et l&#039;\u00e9quit\u00e9 dans l&#039;\u00e9ducation : comment faire ? Plusieurs groupes sociaux ont un acc\u00e8s limit\u00e9 \u00e0 une \u00e9ducation de qualit\u00e9.\" \/>\n<meta property=\"og:url\" content=\"https:\/\/educap.io\/en\/la-justice-sociale-et-lequite-dans-leducation-comment-faire\/\" \/>\n<meta property=\"og:site_name\" content=\"Educap\" \/>\n<meta property=\"article:publisher\" content=\"https:\/\/www.facebook.com\/educap.io\" \/>\n<meta property=\"article:published_time\" content=\"2023-10-23T22:00:00+00:00\" \/>\n<meta property=\"article:modified_time\" content=\"2023-10-17T12:49:00+00:00\" \/>\n<meta property=\"og:image\" content=\"https:\/\/i0.wp.com\/educap.io\/wp-content\/uploads\/2023\/10\/Blog-Educap-6.png?fit=1366%2C768&ssl=1\" \/>\n\t<meta property=\"og:image:width\" content=\"1366\" \/>\n\t<meta property=\"og:image:height\" content=\"768\" \/>\n\t<meta property=\"og:image:type\" content=\"image\/png\" \/>\n<meta name=\"author\" content=\"Julie CENTI\" \/>\n<meta name=\"twitter:card\" content=\"summary_large_image\" \/>\n<meta name=\"twitter:label1\" content=\"Written by\" \/>\n\t<meta name=\"twitter:data1\" content=\"Julie CENTI\" \/>\n\t<meta name=\"twitter:label2\" content=\"Est. reading time\" \/>\n\t<meta name=\"twitter:data2\" content=\"5 minutes\" \/>\n<script type=\"application\/ld+json\" class=\"yoast-schema-graph\">{\"@context\":\"https:\/\/schema.org\",\"@graph\":[{\"@type\":\"WebPage\",\"@id\":\"https:\/\/educap.io\/la-justice-sociale-et-lequite-dans-leducation-comment-faire\/\",\"url\":\"https:\/\/educap.io\/la-justice-sociale-et-lequite-dans-leducation-comment-faire\/\",\"name\":\"La justice sociale et l'\u00e9quit\u00e9 dans l'\u00e9ducation : comment faire ?\",\"isPartOf\":{\"@id\":\"https:\/\/educap.io\/#website\"},\"primaryImageOfPage\":{\"@id\":\"https:\/\/educap.io\/la-justice-sociale-et-lequite-dans-leducation-comment-faire\/#primaryimage\"},\"image\":{\"@id\":\"https:\/\/educap.io\/la-justice-sociale-et-lequite-dans-leducation-comment-faire\/#primaryimage\"},\"thumbnailUrl\":\"https:\/\/educap.io\/wp-content\/uploads\/2023\/10\/Blog-Educap-6.png\",\"datePublished\":\"2023-10-23T22:00:00+00:00\",\"dateModified\":\"2023-10-17T12:49:00+00:00\",\"author\":{\"@id\":\"https:\/\/educap.io\/#\/schema\/person\/af1d7ee1c5a45e1e89d8f75d7e92c114\"},\"description\":\"La justice sociale et l'\u00e9quit\u00e9 dans l'\u00e9ducation : comment faire ? Plusieurs groupes sociaux ont un acc\u00e8s limit\u00e9 \u00e0 une \u00e9ducation de qualit\u00e9.\",\"breadcrumb\":{\"@id\":\"https:\/\/educap.io\/la-justice-sociale-et-lequite-dans-leducation-comment-faire\/#breadcrumb\"},\"inLanguage\":\"en-US\",\"potentialAction\":[{\"@type\":\"ReadAction\",\"target\":[\"https:\/\/educap.io\/la-justice-sociale-et-lequite-dans-leducation-comment-faire\/\"]}]},{\"@type\":\"ImageObject\",\"inLanguage\":\"en-US\",\"@id\":\"https:\/\/educap.io\/la-justice-sociale-et-lequite-dans-leducation-comment-faire\/#primaryimage\",\"url\":\"https:\/\/educap.io\/wp-content\/uploads\/2023\/10\/Blog-Educap-6.png\",\"contentUrl\":\"https:\/\/educap.io\/wp-content\/uploads\/2023\/10\/Blog-Educap-6.png\",\"width\":1366,\"height\":768,\"caption\":\"int\u00e9grer la justice sociale et l'\u00e9quit\u00e9 dans l'\u00e9ducation\"},{\"@type\":\"BreadcrumbList\",\"@id\":\"https:\/\/educap.io\/la-justice-sociale-et-lequite-dans-leducation-comment-faire\/#breadcrumb\",\"itemListElement\":[{\"@type\":\"ListItem\",\"position\":1,\"name\":\"Accueil\",\"item\":\"https:\/\/educap.io\/fr_fr\/\"},{\"@type\":\"ListItem\",\"position\":2,\"name\":\"Comment int\u00e9grer la justice sociale et l&rsquo;\u00e9quit\u00e9 dans l&rsquo;\u00e9ducation ?\"}]},{\"@type\":\"WebSite\",\"@id\":\"https:\/\/educap.io\/#website\",\"url\":\"https:\/\/educap.io\/\",\"name\":\"Educap\",\"description\":\"\",\"potentialAction\":[{\"@type\":\"SearchAction\",\"target\":{\"@type\":\"EntryPoint\",\"urlTemplate\":\"https:\/\/educap.io\/?s={search_term_string}\"},\"query-input\":{\"@type\":\"PropertyValueSpecification\",\"valueRequired\":true,\"valueName\":\"search_term_string\"}}],\"inLanguage\":\"en-US\"},{\"@type\":\"Person\",\"@id\":\"https:\/\/educap.io\/#\/schema\/person\/af1d7ee1c5a45e1e89d8f75d7e92c114\",\"name\":\"Julie CENTI\",\"image\":{\"@type\":\"ImageObject\",\"inLanguage\":\"en-US\",\"@id\":\"https:\/\/educap.io\/#\/schema\/person\/image\/\",\"url\":\"https:\/\/secure.gravatar.com\/avatar\/004044df9ff916f2557184884b7bfa29ede68f0506217a17a729109cd76ee8af?s=96&d=mm&r=g\",\"contentUrl\":\"https:\/\/secure.gravatar.com\/avatar\/004044df9ff916f2557184884b7bfa29ede68f0506217a17a729109cd76ee8af?s=96&d=mm&r=g\",\"caption\":\"Julie CENTI\"},\"sameAs\":[\"https:\/\/educap.io\/\"],\"url\":\"https:\/\/educap.io\/en\/author\/emna-chacha\/\"}]}<\/script>\n<!-- \/ Yoast SEO plugin. -->","yoast_head_json":{"title":"La justice sociale et l'\u00e9quit\u00e9 dans l'\u00e9ducation : comment faire ?","description":"La justice sociale et l'\u00e9quit\u00e9 dans l'\u00e9ducation : comment faire ? Plusieurs groupes sociaux ont un acc\u00e8s limit\u00e9 \u00e0 une \u00e9ducation de qualit\u00e9.","robots":{"index":"index","follow":"follow","max-snippet":"max-snippet:-1","max-image-preview":"max-image-preview:large","max-video-preview":"max-video-preview:-1"},"canonical":"https:\/\/educap.io\/en\/la-justice-sociale-et-lequite-dans-leducation-comment-faire\/","og_locale":"en_US","og_type":"article","og_title":"La justice sociale et l'\u00e9quit\u00e9 dans l'\u00e9ducation : comment faire ?","og_description":"La justice sociale et l'\u00e9quit\u00e9 dans l'\u00e9ducation : comment faire ? Plusieurs groupes sociaux ont un acc\u00e8s limit\u00e9 \u00e0 une \u00e9ducation de qualit\u00e9.","og_url":"https:\/\/educap.io\/en\/la-justice-sociale-et-lequite-dans-leducation-comment-faire\/","og_site_name":"Educap","article_publisher":"https:\/\/www.facebook.com\/educap.io","article_published_time":"2023-10-23T22:00:00+00:00","article_modified_time":"2023-10-17T12:49:00+00:00","og_image":[{"width":1366,"height":768,"url":"https:\/\/i0.wp.com\/educap.io\/wp-content\/uploads\/2023\/10\/Blog-Educap-6.png?fit=1366%2C768&ssl=1","type":"image\/png"}],"author":"Julie CENTI","twitter_card":"summary_large_image","twitter_misc":{"Written by":"Julie CENTI","Est. reading time":"5 minutes"},"schema":{"@context":"https:\/\/schema.org","@graph":[{"@type":"WebPage","@id":"https:\/\/educap.io\/la-justice-sociale-et-lequite-dans-leducation-comment-faire\/","url":"https:\/\/educap.io\/la-justice-sociale-et-lequite-dans-leducation-comment-faire\/","name":"La justice sociale et l'\u00e9quit\u00e9 dans l'\u00e9ducation : comment faire ?","isPartOf":{"@id":"https:\/\/educap.io\/#website"},"primaryImageOfPage":{"@id":"https:\/\/educap.io\/la-justice-sociale-et-lequite-dans-leducation-comment-faire\/#primaryimage"},"image":{"@id":"https:\/\/educap.io\/la-justice-sociale-et-lequite-dans-leducation-comment-faire\/#primaryimage"},"thumbnailUrl":"https:\/\/educap.io\/wp-content\/uploads\/2023\/10\/Blog-Educap-6.png","datePublished":"2023-10-23T22:00:00+00:00","dateModified":"2023-10-17T12:49:00+00:00","author":{"@id":"https:\/\/educap.io\/#\/schema\/person\/af1d7ee1c5a45e1e89d8f75d7e92c114"},"description":"La justice sociale et l'\u00e9quit\u00e9 dans l'\u00e9ducation : comment faire ? Plusieurs groupes sociaux ont un acc\u00e8s limit\u00e9 \u00e0 une \u00e9ducation de qualit\u00e9.","breadcrumb":{"@id":"https:\/\/educap.io\/la-justice-sociale-et-lequite-dans-leducation-comment-faire\/#breadcrumb"},"inLanguage":"en-US","potentialAction":[{"@type":"ReadAction","target":["https:\/\/educap.io\/la-justice-sociale-et-lequite-dans-leducation-comment-faire\/"]}]},{"@type":"ImageObject","inLanguage":"en-US","@id":"https:\/\/educap.io\/la-justice-sociale-et-lequite-dans-leducation-comment-faire\/#primaryimage","url":"https:\/\/educap.io\/wp-content\/uploads\/2023\/10\/Blog-Educap-6.png","contentUrl":"https:\/\/educap.io\/wp-content\/uploads\/2023\/10\/Blog-Educap-6.png","width":1366,"height":768,"caption":"int\u00e9grer la justice sociale et l'\u00e9quit\u00e9 dans l'\u00e9ducation"},{"@type":"BreadcrumbList","@id":"https:\/\/educap.io\/la-justice-sociale-et-lequite-dans-leducation-comment-faire\/#breadcrumb","itemListElement":[{"@type":"ListItem","position":1,"name":"Accueil","item":"https:\/\/educap.io\/fr_fr\/"},{"@type":"ListItem","position":2,"name":"Comment int\u00e9grer la justice sociale et l&rsquo;\u00e9quit\u00e9 dans l&rsquo;\u00e9ducation ?"}]},{"@type":"WebSite","@id":"https:\/\/educap.io\/#website","url":"https:\/\/educap.io\/","name":"Educap","description":"","potentialAction":[{"@type":"SearchAction","target":{"@type":"EntryPoint","urlTemplate":"https:\/\/educap.io\/?s={search_term_string}"},"query-input":{"@type":"PropertyValueSpecification","valueRequired":true,"valueName":"search_term_string"}}],"inLanguage":"en-US"},{"@type":"Person","@id":"https:\/\/educap.io\/#\/schema\/person\/af1d7ee1c5a45e1e89d8f75d7e92c114","name":"Julie CENTI","image":{"@type":"ImageObject","inLanguage":"en-US","@id":"https:\/\/educap.io\/#\/schema\/person\/image\/","url":"https:\/\/secure.gravatar.com\/avatar\/004044df9ff916f2557184884b7bfa29ede68f0506217a17a729109cd76ee8af?s=96&d=mm&r=g","contentUrl":"https:\/\/secure.gravatar.com\/avatar\/004044df9ff916f2557184884b7bfa29ede68f0506217a17a729109cd76ee8af?s=96&d=mm&r=g","caption":"Julie CENTI"},"sameAs":["https:\/\/educap.io\/"],"url":"https:\/\/educap.io\/en\/author\/emna-chacha\/"}]}},"_links":{"self":[{"href":"https:\/\/educap.io\/en\/wp-json\/wp\/v2\/posts\/1911","targetHints":{"allow":["GET"]}}],"collection":[{"href":"https:\/\/educap.io\/en\/wp-json\/wp\/v2\/posts"}],"about":[{"href":"https:\/\/educap.io\/en\/wp-json\/wp\/v2\/types\/post"}],"author":[{"embeddable":true,"href":"https:\/\/educap.io\/en\/wp-json\/wp\/v2\/users\/3"}],"replies":[{"embeddable":true,"href":"https:\/\/educap.io\/en\/wp-json\/wp\/v2\/comments?post=1911"}],"version-history":[{"count":2,"href":"https:\/\/educap.io\/en\/wp-json\/wp\/v2\/posts\/1911\/revisions"}],"predecessor-version":[{"id":1916,"href":"https:\/\/educap.io\/en\/wp-json\/wp\/v2\/posts\/1911\/revisions\/1916"}],"wp:featuredmedia":[{"embeddable":true,"href":"https:\/\/educap.io\/en\/wp-json\/wp\/v2\/media\/1914"}],"wp:attachment":[{"href":"https:\/\/educap.io\/en\/wp-json\/wp\/v2\/media?parent=1911"}],"wp:term":[{"taxonomy":"category","embeddable":true,"href":"https:\/\/educap.io\/en\/wp-json\/wp\/v2\/categories?post=1911"},{"taxonomy":"post_tag","embeddable":true,"href":"https:\/\/educap.io\/en\/wp-json\/wp\/v2\/tags?post=1911"}],"curies":[{"name":"wp","href":"https:\/\/api.w.org\/{rel}","templated":true}]}}