{"id":1725,"date":"2023-09-01T09:25:08","date_gmt":"2023-09-01T09:25:08","guid":{"rendered":"https:\/\/educap.io\/?p=1725"},"modified":"2023-11-02T14:05:18","modified_gmt":"2023-11-02T14:05:18","slug":"quel-est-le-role-des-ecoles-dans-la-promotion-de-la-sante-mentale-et-du-bien-etre-des-eleves","status":"publish","type":"post","link":"https:\/\/educap.io\/en\/quel-est-le-role-des-ecoles-dans-la-promotion-de-la-sante-mentale-et-du-bien-etre-des-eleves\/","title":{"rendered":"Quel est le r\u00f4le des \u00e9coles dans la promotion de la sant\u00e9 mentale et du bien-\u00eatre des \u00e9l\u00e8ves ?"},"content":{"rendered":"<p>Pour commencer, la sant\u00e9 mentale est un pilier essentiel du bien-\u00eatre global d&rsquo;un individu, englobant sa capacit\u00e9 \u00e0 penser, ressentir, et g\u00e9rer ses \u00e9motions de mani\u00e8re saine. Ainsi, au c\u0153ur de cette dynamique complexe se trouve un acteur cl\u00e9 dans la promotion de la sant\u00e9 mentale : l&rsquo;\u00e9cole. En effet, les \u00e9coles jouent un r\u00f4le central dans le fa\u00e7onnement du d\u00e9veloppement psychologique et \u00e9motionnel des \u00e9l\u00e8ves, et leur impact sur la sant\u00e9 mentale de la jeunesse est ind\u00e9niable. Dans cet article, nous explorerons comment les \u00e9coles peuvent contribuer de mani\u00e8re significative au bien-\u00eatre des \u00e9l\u00e8ves en cr\u00e9ant un environnement favorable et en fournissant un soutien appropri\u00e9, tout en reconnaissant les avantages durables que cela peut apporter \u00e0 leur r\u00e9ussite acad\u00e9mique et \u00e0 leur vie future.<\/p>\n\n\n\n<p><\/p>\n\n\n\n<h2 class=\"wp-block-heading\"><strong>La promotion active de la sant\u00e9 mentale<\/strong><\/h2>\n\n\n\n<p>La promotion de la sant\u00e9 mentale au sein des \u00e9coles est fondamentale pour le bien-\u00eatre global des \u00e9l\u00e8ves. Diverses strat\u00e9gies peuvent \u00eatre mises en place afin de favoriser un environnement propice \u00e0 cet \u00e9gard. Tout d&rsquo;abord, l&rsquo;\u00e9tablissement de programmes de sensibilisation d\u00e9di\u00e9s aux probl\u00e8mes de sant\u00e9 mentale constitue un point de d\u00e9part essentiel. Ces programmes pourraient inclure des s\u00e9ances d&rsquo;information, des ateliers interactifs ou des ressources p\u00e9dagogiques sp\u00e9cifiques pour sensibiliser les \u00e9l\u00e8ves, les enseignants et le personnel \u00e9ducatif sur les enjeux li\u00e9s \u00e0 la sant\u00e9 mentale. En outre, fournir des ressources ad\u00e9quates, telles que des conseillers ou des professionnels de la sant\u00e9 mentale, non seulement aux \u00e9l\u00e8ves mais \u00e9galement aux parents, offre un soutien vital. Ces ressources peuvent permettre une meilleure compr\u00e9hension des probl\u00e8mes de sant\u00e9 mentale et offrir des solutions adapt\u00e9es pour y faire face, \u00e0 la fois \u00e0 l&rsquo;\u00e9cole et au domicile.<\/p>\n\n\n\n<h2 class=\"wp-block-heading\"><strong>La cr\u00e9ation d&rsquo;un environnement favorable<\/strong><\/h2>\n\n\n\n<p>Les \u00e9coles ne se limitent pas \u00e0 enseigner le savoir : elles cr\u00e9ent un environnement qui favorise non seulement l&rsquo;apprentissage acad\u00e9mique, mais aussi le bien-\u00eatre \u00e9motionnel des \u00e9l\u00e8ves. En encourageant des relations positives entre pairs, tout en offrant un soutien aux \u00e9l\u00e8ves en difficult\u00e9, les \u00e9coles favorisent un environnement propice \u00e0 la croissance intellectuelle et au d\u00e9veloppement \u00e9motionnel des \u00e9l\u00e8ves. Ainsi, en adoptant une approche inclusive c\u00e9l\u00e9brant la diversit\u00e9, elles contribuent \u00e0 cr\u00e9er un climat accueillant et respectueux. Enfin, cette approche combin\u00e9e favorise des individus \u00e9quilibr\u00e9s, pr\u00eats \u00e0 apprendre, tout en pr\u00e9servant une sant\u00e9 mentale robuste.<\/p>\n\n\n\n<p><\/p>\n\n\n\n<h2 class=\"wp-block-heading has-text-align-left\"><strong>La pr\u00e9vention des probl\u00e8mes de sant\u00e9 mentale<\/strong><\/h2>\n\n\n\n<p>La pr\u00e9vention des probl\u00e8mes de sant\u00e9 mentale est un objectif important pour les \u00e9coles. Les \u00e9coles peuvent mettre en place des programmes de pr\u00e9vention pour aider les \u00e9l\u00e8ves \u00e0 d\u00e9velopper des comp\u00e9tences de vie saines et \u00e0 faire face aux facteurs de stress.<\/p>\n\n\n\n<p><\/p>\n\n\n\n<h2 class=\"wp-block-heading\"><strong>Le soutien actif aux \u00e9l\u00e8ves en difficult\u00e9 <\/strong><\/h2>\n\n\n\n<p>Les \u00e9coles doivent \u00eatre pr\u00eates \u00e0 fournir un soutien actif aux \u00e9l\u00e8ves qui rencontrent des probl\u00e8mes de sant\u00e9 mentale. Ce soutien peut inclure des services de counseling, des groupes de soutien et des services de sant\u00e9 mentale.<\/p>\n\n\n\n<p><\/p>\n\n\n\n<h2 class=\"wp-block-heading\"><strong>L&rsquo;impact positif sur la r\u00e9ussite scolaire<\/strong><\/h2>\n\n\n\n<p>La promotion de la sant\u00e9 mentale est \u00e9troitement li\u00e9e \u00e0 la r\u00e9ussite scolaire. Les \u00e9l\u00e8ves b\u00e9n\u00e9ficiant de soutien et d&rsquo;une sant\u00e9 mentale \u00e9quilibr\u00e9e ont davantage de chances de r\u00e9ussir sur le plan acad\u00e9mique.<\/p>\n\n\n\n<p>Dans ce sens, les \u00e9coles assument une responsabilit\u00e9 cruciale dans la promotion de la sant\u00e9 mentale des \u00e9l\u00e8ves. En adoptant une approche proactive et en fournissant un environnement favorable, elles peuvent grandement influencer le bien-\u00eatre global des \u00e9l\u00e8ves, et par cons\u00e9quent, leur r\u00e9ussite scolaire.<\/p>\n\n\n\n<h2 class=\"wp-block-heading\"><strong>D\u00e9veloppements suppl\u00e9mentaires<\/strong><\/h2>\n\n\n\n<p><\/p>\n\n\n\n<h3 class=\"wp-block-heading\">&#8211; Facteurs socio-\u00e9conomiques<\/h3>\n\n\n\n<p><\/p>\n\n\n\n<p>Les \u00e9l\u00e8ves issus de milieux socio-\u00e9conomiques d\u00e9favoris\u00e9s sont plus susceptibles de rencontrer des probl\u00e8mes de sant\u00e9 mentale. Les \u00e9coles peuvent contribuer \u00e0 r\u00e9duire ce risque en fournissant des ressources et des soutiens suppl\u00e9mentaires \u00e0 ces \u00e9l\u00e8ves.<\/p>\n\n\n\n<p><\/p>\n\n\n\n<h3 class=\"wp-block-heading\">&#8211; Facteurs familiaux<\/h3>\n\n\n\n<p>Les relations familiales jouent un r\u00f4le important dans le d\u00e9veloppement de la sant\u00e9 mentale des enfants. Les \u00e9coles peuvent travailler avec les familles pour promouvoir des relations saines et soutenir les parents dans leur r\u00f4le d&rsquo;\u00e9ducateurs.<\/p>\n\n\n\n<p><\/p>\n\n\n\n<h3 class=\"wp-block-heading\">&#8211; Facteurs scolaires<\/h3>\n\n\n\n<p>L&rsquo;environnement scolaire peut avoir un impact significatif sur la sant\u00e9 mentale des \u00e9l\u00e8ves. Les \u00e9coles peuvent cr\u00e9er un environnement scolaire positif en favorisant la bienveillance, l&rsquo;inclusion et la r\u00e9ussite pour tous les \u00e9l\u00e8ves.<\/p>\n\n\n\n<p><\/p>\n\n\n\n<h3 class=\"wp-block-heading\">&#8211; Programmes et pratiques efficaces<\/h3>\n\n\n\n<p>Il existe de nombreux programmes et pratiques efficaces pour promouvoir la sant\u00e9 mentale des \u00e9l\u00e8ves. Les \u00e9coles peuvent s&rsquo;inspirer de ces programmes et pratiques pour d\u00e9velopper leurs propres initiatives.<\/p>\n\n\n\n<p><\/p>\n\n\n\n<h3 class=\"wp-block-heading\">&#8211; Recommandations pour les \u00e9coles<\/h3>\n\n\n\n<p>Les \u00e9coles peuvent prendre un certain nombre de mesures pour promouvoir la sant\u00e9 mentale des \u00e9l\u00e8ves. Ces mesures comprennent la mise en place de programmes de sensibilisation, la formation du personnel scolaire et la cr\u00e9ation d&rsquo;un environnement scolaire positif.<\/p>\n\n\n\n<p><\/p>\n\n\n\n<p>En conclusion, la sant\u00e9 mentale est bien plus qu&rsquo;une simple composante du bien-\u00eatre individuel ; elle est le socle sur lequel repose une vie \u00e9quilibr\u00e9e et productive. Les \u00e9coles, en tant que piliers de l&rsquo;\u00e9ducation et de la formation de la jeunesse, ont un r\u00f4le central \u00e0 jouer dans la promotion de cette sant\u00e9 mentale. En adoptant une approche proactive ax\u00e9e sur la promotion, la pr\u00e9vention et le soutien, les \u00e9coles peuvent influencer positivement le d\u00e9veloppement psychologique et \u00e9motionnel des \u00e9l\u00e8ves. Elles peuvent cr\u00e9er un environnement propice au bien-\u00eatre des \u00e9l\u00e8ves, pr\u00e9venir les probl\u00e8mes potentiels, et offrir un soutien actif aux \u00e9l\u00e8ves en difficult\u00e9.<\/p>\n\n\n\n<p>Cela ne se limite pas \u00e0 la sph\u00e8re acad\u00e9mique. Les avantages de cette d\u00e9marche s&rsquo;\u00e9tendent bien au-del\u00e0 des murs de l&rsquo;\u00e9cole. Les \u00e9l\u00e8ves qui se sentent soutenus et en bonne sant\u00e9 mentale sont mieux pr\u00e9par\u00e9s pour r\u00e9ussir \u00e0 l&rsquo;\u00e9cole, dans leur vie future, et contribuent \u00e9galement \u00e0 une soci\u00e9t\u00e9 plus r\u00e9siliente et \u00e9quilibr\u00e9e. Il est donc imp\u00e9ratif que les \u00e9coles reconnaissent et investissent dans leur r\u00f4le crucial dans la promotion de la sant\u00e9 mentale des \u00e9l\u00e8ves, car cela ne consiste pas seulement \u00e0 fa\u00e7onner leur avenir acad\u00e9mique, mais aussi \u00e0 favoriser le bien-\u00eatre global de la jeunesse et \u00e0 pr\u00e9parer une g\u00e9n\u00e9ration forte et mentalement saine pour les d\u00e9fis \u00e0 venir.<\/p>","protected":false},"excerpt":{"rendered":"<p>Pour commencer, la sant\u00e9 mentale est un pilier essentiel du bien-\u00eatre global d&rsquo;un individu, englobant sa capacit\u00e9 \u00e0 penser, ressentir, et g\u00e9rer ses \u00e9motions de mani\u00e8re saine. Ainsi, au c\u0153ur de cette dynamique complexe se trouve un acteur cl\u00e9 dans la promotion de la sant\u00e9 mentale : l&rsquo;\u00e9cole. En effet, les \u00e9coles jouent un r\u00f4le [&hellip;]<\/p>","protected":false},"author":3,"featured_media":1727,"comment_status":"open","ping_status":"open","sticky":false,"template":"","format":"standard","meta":{"footnotes":""},"categories":[1],"tags":[90,23,18,89],"class_list":["post-1725","post","type-post","status-publish","format-standard","has-post-thumbnail","hentry","category-blog","tag-bien-etre","tag-eleve","tag-etablissement-scolaire","tag-sante-mentale"],"yoast_head":"<!-- This site is optimized with the Yoast SEO plugin v24.2 - https:\/\/yoast.com\/wordpress\/plugins\/seo\/ -->\n<title>Le bien-\u00eatre des \u00e9l\u00e8ves et la sant\u00e9 mentale : le r\u00f4le des \u00e9coles<\/title>\n<meta name=\"description\" content=\"Le bien-\u00eatre des \u00e9l\u00e8ves et la sant\u00e9 mentale : le r\u00f4le des \u00e9coles dans la promotion de la sant\u00e9 mentale et du bien-\u00eatre des \u00e9l\u00e8ves\" \/>\n<meta name=\"robots\" content=\"index, follow, max-snippet:-1, max-image-preview:large, max-video-preview:-1\" \/>\n<link rel=\"canonical\" href=\"https:\/\/educap.io\/en\/quel-est-le-role-des-ecoles-dans-la-promotion-de-la-sante-mentale-et-du-bien-etre-des-eleves\/\" \/>\n<meta property=\"og:locale\" content=\"en_US\" \/>\n<meta property=\"og:type\" content=\"article\" \/>\n<meta property=\"og:title\" content=\"Le bien-\u00eatre des \u00e9l\u00e8ves et la sant\u00e9 mentale : le r\u00f4le des \u00e9coles\" \/>\n<meta property=\"og:description\" content=\"Le bien-\u00eatre des \u00e9l\u00e8ves et la sant\u00e9 mentale : le r\u00f4le des \u00e9coles dans la promotion de la sant\u00e9 mentale et du bien-\u00eatre des \u00e9l\u00e8ves\" \/>\n<meta property=\"og:url\" content=\"https:\/\/educap.io\/en\/quel-est-le-role-des-ecoles-dans-la-promotion-de-la-sante-mentale-et-du-bien-etre-des-eleves\/\" \/>\n<meta property=\"og:site_name\" content=\"Educap\" \/>\n<meta property=\"article:publisher\" content=\"https:\/\/www.facebook.com\/educap.io\" \/>\n<meta property=\"article:published_time\" content=\"2023-09-01T09:25:08+00:00\" \/>\n<meta property=\"article:modified_time\" content=\"2023-11-02T14:05:18+00:00\" \/>\n<meta property=\"og:image\" content=\"https:\/\/educap.io\/wp-content\/uploads\/2023\/09\/Blog-Educap-1.png\" \/>\n\t<meta property=\"og:image:width\" content=\"1366\" \/>\n\t<meta property=\"og:image:height\" content=\"768\" \/>\n\t<meta property=\"og:image:type\" content=\"image\/png\" \/>\n<meta name=\"author\" content=\"Julie CENTI\" \/>\n<meta name=\"twitter:card\" content=\"summary_large_image\" \/>\n<meta name=\"twitter:label1\" content=\"Written by\" \/>\n\t<meta name=\"twitter:data1\" content=\"Julie CENTI\" \/>\n\t<meta name=\"twitter:label2\" content=\"Est. reading time\" \/>\n\t<meta name=\"twitter:data2\" content=\"5 minutes\" \/>\n<script type=\"application\/ld+json\" class=\"yoast-schema-graph\">{\"@context\":\"https:\/\/schema.org\",\"@graph\":[{\"@type\":\"WebPage\",\"@id\":\"https:\/\/educap.io\/quel-est-le-role-des-ecoles-dans-la-promotion-de-la-sante-mentale-et-du-bien-etre-des-eleves\/\",\"url\":\"https:\/\/educap.io\/quel-est-le-role-des-ecoles-dans-la-promotion-de-la-sante-mentale-et-du-bien-etre-des-eleves\/\",\"name\":\"Le bien-\u00eatre des \u00e9l\u00e8ves et la sant\u00e9 mentale : le r\u00f4le des \u00e9coles\",\"isPartOf\":{\"@id\":\"https:\/\/educap.io\/#website\"},\"primaryImageOfPage\":{\"@id\":\"https:\/\/educap.io\/quel-est-le-role-des-ecoles-dans-la-promotion-de-la-sante-mentale-et-du-bien-etre-des-eleves\/#primaryimage\"},\"image\":{\"@id\":\"https:\/\/educap.io\/quel-est-le-role-des-ecoles-dans-la-promotion-de-la-sante-mentale-et-du-bien-etre-des-eleves\/#primaryimage\"},\"thumbnailUrl\":\"https:\/\/educap.io\/wp-content\/uploads\/2023\/09\/Blog-Educap-1.png\",\"datePublished\":\"2023-09-01T09:25:08+00:00\",\"dateModified\":\"2023-11-02T14:05:18+00:00\",\"author\":{\"@id\":\"https:\/\/educap.io\/#\/schema\/person\/af1d7ee1c5a45e1e89d8f75d7e92c114\"},\"description\":\"Le bien-\u00eatre des \u00e9l\u00e8ves et la sant\u00e9 mentale : le r\u00f4le des \u00e9coles dans la promotion de la sant\u00e9 mentale et du bien-\u00eatre des \u00e9l\u00e8ves\",\"breadcrumb\":{\"@id\":\"https:\/\/educap.io\/quel-est-le-role-des-ecoles-dans-la-promotion-de-la-sante-mentale-et-du-bien-etre-des-eleves\/#breadcrumb\"},\"inLanguage\":\"en-US\",\"potentialAction\":[{\"@type\":\"ReadAction\",\"target\":[\"https:\/\/educap.io\/quel-est-le-role-des-ecoles-dans-la-promotion-de-la-sante-mentale-et-du-bien-etre-des-eleves\/\"]}]},{\"@type\":\"ImageObject\",\"inLanguage\":\"en-US\",\"@id\":\"https:\/\/educap.io\/quel-est-le-role-des-ecoles-dans-la-promotion-de-la-sante-mentale-et-du-bien-etre-des-eleves\/#primaryimage\",\"url\":\"https:\/\/educap.io\/wp-content\/uploads\/2023\/09\/Blog-Educap-1.png\",\"contentUrl\":\"https:\/\/educap.io\/wp-content\/uploads\/2023\/09\/Blog-Educap-1.png\",\"width\":1366,\"height\":768,\"caption\":\"Quel est le r\u00f4le des \u00e9coles dans la promotion de la sant\u00e9 mentale et du bien-\u00eatre des \u00e9l\u00e8ves ?\"},{\"@type\":\"BreadcrumbList\",\"@id\":\"https:\/\/educap.io\/quel-est-le-role-des-ecoles-dans-la-promotion-de-la-sante-mentale-et-du-bien-etre-des-eleves\/#breadcrumb\",\"itemListElement\":[{\"@type\":\"ListItem\",\"position\":1,\"name\":\"Accueil\",\"item\":\"https:\/\/educap.io\/fr_fr\/\"},{\"@type\":\"ListItem\",\"position\":2,\"name\":\"Quel est le r\u00f4le des \u00e9coles dans la promotion de la sant\u00e9 mentale et du bien-\u00eatre des \u00e9l\u00e8ves ?\"}]},{\"@type\":\"WebSite\",\"@id\":\"https:\/\/educap.io\/#website\",\"url\":\"https:\/\/educap.io\/\",\"name\":\"Educap\",\"description\":\"\",\"potentialAction\":[{\"@type\":\"SearchAction\",\"target\":{\"@type\":\"EntryPoint\",\"urlTemplate\":\"https:\/\/educap.io\/?s={search_term_string}\"},\"query-input\":{\"@type\":\"PropertyValueSpecification\",\"valueRequired\":true,\"valueName\":\"search_term_string\"}}],\"inLanguage\":\"en-US\"},{\"@type\":\"Person\",\"@id\":\"https:\/\/educap.io\/#\/schema\/person\/af1d7ee1c5a45e1e89d8f75d7e92c114\",\"name\":\"Julie CENTI\",\"image\":{\"@type\":\"ImageObject\",\"inLanguage\":\"en-US\",\"@id\":\"https:\/\/educap.io\/#\/schema\/person\/image\/\",\"url\":\"https:\/\/secure.gravatar.com\/avatar\/004044df9ff916f2557184884b7bfa29ede68f0506217a17a729109cd76ee8af?s=96&d=mm&r=g\",\"contentUrl\":\"https:\/\/secure.gravatar.com\/avatar\/004044df9ff916f2557184884b7bfa29ede68f0506217a17a729109cd76ee8af?s=96&d=mm&r=g\",\"caption\":\"Julie CENTI\"},\"sameAs\":[\"https:\/\/educap.io\/\"],\"url\":\"https:\/\/educap.io\/en\/author\/emna-chacha\/\"}]}<\/script>\n<!-- \/ Yoast SEO plugin. -->","yoast_head_json":{"title":"Le bien-\u00eatre des \u00e9l\u00e8ves et la sant\u00e9 mentale : le r\u00f4le des \u00e9coles","description":"Le bien-\u00eatre des \u00e9l\u00e8ves et la sant\u00e9 mentale : le r\u00f4le des \u00e9coles dans la promotion de la sant\u00e9 mentale et du bien-\u00eatre des \u00e9l\u00e8ves","robots":{"index":"index","follow":"follow","max-snippet":"max-snippet:-1","max-image-preview":"max-image-preview:large","max-video-preview":"max-video-preview:-1"},"canonical":"https:\/\/educap.io\/en\/quel-est-le-role-des-ecoles-dans-la-promotion-de-la-sante-mentale-et-du-bien-etre-des-eleves\/","og_locale":"en_US","og_type":"article","og_title":"Le bien-\u00eatre des \u00e9l\u00e8ves et la sant\u00e9 mentale : le r\u00f4le des \u00e9coles","og_description":"Le bien-\u00eatre des \u00e9l\u00e8ves et la sant\u00e9 mentale : le r\u00f4le des \u00e9coles dans la promotion de la sant\u00e9 mentale et du bien-\u00eatre des \u00e9l\u00e8ves","og_url":"https:\/\/educap.io\/en\/quel-est-le-role-des-ecoles-dans-la-promotion-de-la-sante-mentale-et-du-bien-etre-des-eleves\/","og_site_name":"Educap","article_publisher":"https:\/\/www.facebook.com\/educap.io","article_published_time":"2023-09-01T09:25:08+00:00","article_modified_time":"2023-11-02T14:05:18+00:00","og_image":[{"width":1366,"height":768,"url":"https:\/\/educap.io\/wp-content\/uploads\/2023\/09\/Blog-Educap-1.png","type":"image\/png"}],"author":"Julie CENTI","twitter_card":"summary_large_image","twitter_misc":{"Written by":"Julie CENTI","Est. reading time":"5 minutes"},"schema":{"@context":"https:\/\/schema.org","@graph":[{"@type":"WebPage","@id":"https:\/\/educap.io\/quel-est-le-role-des-ecoles-dans-la-promotion-de-la-sante-mentale-et-du-bien-etre-des-eleves\/","url":"https:\/\/educap.io\/quel-est-le-role-des-ecoles-dans-la-promotion-de-la-sante-mentale-et-du-bien-etre-des-eleves\/","name":"Le bien-\u00eatre des \u00e9l\u00e8ves et la sant\u00e9 mentale : le r\u00f4le des \u00e9coles","isPartOf":{"@id":"https:\/\/educap.io\/#website"},"primaryImageOfPage":{"@id":"https:\/\/educap.io\/quel-est-le-role-des-ecoles-dans-la-promotion-de-la-sante-mentale-et-du-bien-etre-des-eleves\/#primaryimage"},"image":{"@id":"https:\/\/educap.io\/quel-est-le-role-des-ecoles-dans-la-promotion-de-la-sante-mentale-et-du-bien-etre-des-eleves\/#primaryimage"},"thumbnailUrl":"https:\/\/educap.io\/wp-content\/uploads\/2023\/09\/Blog-Educap-1.png","datePublished":"2023-09-01T09:25:08+00:00","dateModified":"2023-11-02T14:05:18+00:00","author":{"@id":"https:\/\/educap.io\/#\/schema\/person\/af1d7ee1c5a45e1e89d8f75d7e92c114"},"description":"Le bien-\u00eatre des \u00e9l\u00e8ves et la sant\u00e9 mentale : le r\u00f4le des \u00e9coles dans la promotion de la sant\u00e9 mentale et du bien-\u00eatre des \u00e9l\u00e8ves","breadcrumb":{"@id":"https:\/\/educap.io\/quel-est-le-role-des-ecoles-dans-la-promotion-de-la-sante-mentale-et-du-bien-etre-des-eleves\/#breadcrumb"},"inLanguage":"en-US","potentialAction":[{"@type":"ReadAction","target":["https:\/\/educap.io\/quel-est-le-role-des-ecoles-dans-la-promotion-de-la-sante-mentale-et-du-bien-etre-des-eleves\/"]}]},{"@type":"ImageObject","inLanguage":"en-US","@id":"https:\/\/educap.io\/quel-est-le-role-des-ecoles-dans-la-promotion-de-la-sante-mentale-et-du-bien-etre-des-eleves\/#primaryimage","url":"https:\/\/educap.io\/wp-content\/uploads\/2023\/09\/Blog-Educap-1.png","contentUrl":"https:\/\/educap.io\/wp-content\/uploads\/2023\/09\/Blog-Educap-1.png","width":1366,"height":768,"caption":"Quel est le r\u00f4le des \u00e9coles dans la promotion de la sant\u00e9 mentale et du bien-\u00eatre des \u00e9l\u00e8ves ?"},{"@type":"BreadcrumbList","@id":"https:\/\/educap.io\/quel-est-le-role-des-ecoles-dans-la-promotion-de-la-sante-mentale-et-du-bien-etre-des-eleves\/#breadcrumb","itemListElement":[{"@type":"ListItem","position":1,"name":"Accueil","item":"https:\/\/educap.io\/fr_fr\/"},{"@type":"ListItem","position":2,"name":"Quel est le r\u00f4le des \u00e9coles dans la promotion de la sant\u00e9 mentale et du bien-\u00eatre des \u00e9l\u00e8ves ?"}]},{"@type":"WebSite","@id":"https:\/\/educap.io\/#website","url":"https:\/\/educap.io\/","name":"Educap","description":"","potentialAction":[{"@type":"SearchAction","target":{"@type":"EntryPoint","urlTemplate":"https:\/\/educap.io\/?s={search_term_string}"},"query-input":{"@type":"PropertyValueSpecification","valueRequired":true,"valueName":"search_term_string"}}],"inLanguage":"en-US"},{"@type":"Person","@id":"https:\/\/educap.io\/#\/schema\/person\/af1d7ee1c5a45e1e89d8f75d7e92c114","name":"Julie CENTI","image":{"@type":"ImageObject","inLanguage":"en-US","@id":"https:\/\/educap.io\/#\/schema\/person\/image\/","url":"https:\/\/secure.gravatar.com\/avatar\/004044df9ff916f2557184884b7bfa29ede68f0506217a17a729109cd76ee8af?s=96&d=mm&r=g","contentUrl":"https:\/\/secure.gravatar.com\/avatar\/004044df9ff916f2557184884b7bfa29ede68f0506217a17a729109cd76ee8af?s=96&d=mm&r=g","caption":"Julie CENTI"},"sameAs":["https:\/\/educap.io\/"],"url":"https:\/\/educap.io\/en\/author\/emna-chacha\/"}]}},"_links":{"self":[{"href":"https:\/\/educap.io\/en\/wp-json\/wp\/v2\/posts\/1725","targetHints":{"allow":["GET"]}}],"collection":[{"href":"https:\/\/educap.io\/en\/wp-json\/wp\/v2\/posts"}],"about":[{"href":"https:\/\/educap.io\/en\/wp-json\/wp\/v2\/types\/post"}],"author":[{"embeddable":true,"href":"https:\/\/educap.io\/en\/wp-json\/wp\/v2\/users\/3"}],"replies":[{"embeddable":true,"href":"https:\/\/educap.io\/en\/wp-json\/wp\/v2\/comments?post=1725"}],"version-history":[{"count":8,"href":"https:\/\/educap.io\/en\/wp-json\/wp\/v2\/posts\/1725\/revisions"}],"predecessor-version":[{"id":2285,"href":"https:\/\/educap.io\/en\/wp-json\/wp\/v2\/posts\/1725\/revisions\/2285"}],"wp:featuredmedia":[{"embeddable":true,"href":"https:\/\/educap.io\/en\/wp-json\/wp\/v2\/media\/1727"}],"wp:attachment":[{"href":"https:\/\/educap.io\/en\/wp-json\/wp\/v2\/media?parent=1725"}],"wp:term":[{"taxonomy":"category","embeddable":true,"href":"https:\/\/educap.io\/en\/wp-json\/wp\/v2\/categories?post=1725"},{"taxonomy":"post_tag","embeddable":true,"href":"https:\/\/educap.io\/en\/wp-json\/wp\/v2\/tags?post=1725"}],"curies":[{"name":"wp","href":"https:\/\/api.w.org\/{rel}","templated":true}]}}