{"id":1611,"date":"2023-08-10T10:00:00","date_gmt":"2023-08-10T10:00:00","guid":{"rendered":"https:\/\/educap.io\/?p=1611"},"modified":"2023-11-02T15:18:20","modified_gmt":"2023-11-02T15:18:20","slug":"quelles-sont-les-strategies-pour-renforcer-le-sentiment-dappartenance-et-la-fierte-des-eleves-vis-a-vis-de-leur-ecole","status":"publish","type":"post","link":"https:\/\/educap.io\/en\/quelles-sont-les-strategies-pour-renforcer-le-sentiment-dappartenance-et-la-fierte-des-eleves-vis-a-vis-de-leur-ecole\/","title":{"rendered":"Quelles sont les strat\u00e9gies pour renforcer le sentiment d&rsquo;appartenance et la fiert\u00e9 des \u00e9l\u00e8ves vis-\u00e0-vis de leur \u00e9cole ?"},"content":{"rendered":"<p>Tout d&rsquo;abord, l&rsquo;\u00e9panouissement des \u00e9l\u00e8ves dans leur environnement scolaire est essentiel pour favoriser leur r\u00e9ussite acad\u00e9mique et leur d\u00e9veloppement personnel. Ainsi, un \u00e9l\u00e9ment cl\u00e9 pour atteindre cet objectif est de renforcer le sentiment d&rsquo;appartenance et la fiert\u00e9 des \u00e9l\u00e8ves vis-\u00e0-vis de leur \u00e9cole. Lorsque les \u00e9l\u00e8ves se sentent connect\u00e9s et valoris\u00e9s au sein de leur \u00e9tablissement, ils sont plus enclins \u00e0 s&rsquo;impliquer activement dans leur apprentissage, \u00e0 participer aux activit\u00e9s parascolaires et \u00e0 d\u00e9velopper des relations positives avec leurs camarades et leurs enseignants.<\/p>\n\n\n\n<p><\/p>\n\n\n\n<h2 class=\"wp-block-heading has-text-align-left\"><strong>L&rsquo;importance du sentiment d&rsquo;appartenance \u00e0 l&rsquo;\u00e9cole :<\/strong><\/h2>\n\n\n\n<p>Le sentiment d&rsquo;appartenance \u00e0 l&rsquo;\u00e9cole joue un r\u00f4le fondamental dans la vie d&rsquo;un \u00e9l\u00e8ve. Lorsque les \u00e9l\u00e8ves se sentent accept\u00e9s, inclus et soutenus par leur communaut\u00e9 scolaire, ils ont tendance \u00e0 \u00eatre plus motiv\u00e9s, engag\u00e9s et heureux \u00e0 l&rsquo;\u00e9cole. Cela cr\u00e9e un environnement propice \u00e0 l&rsquo;apprentissage et favorise leur d\u00e9veloppement \u00e9motionnel et social.<\/p>\n\n\n\n<h3 class=\"wp-block-heading\"><em>Cr\u00e9er un environnement accueillant<\/em><\/h3>\n\n\n\n<p>Tout d&rsquo;abord, la premi\u00e8re \u00e9tape pour renforcer le sentiment d&rsquo;appartenance est de cr\u00e9er un environnement accueillant et bienveillant au sein de l&rsquo;\u00e9cole. Ensuite, cela peut \u00eatre r\u00e9alis\u00e9 en encourageant la diversit\u00e9 et en c\u00e9l\u00e9brant les diff\u00e9rences culturelles des \u00e9l\u00e8ves. Ainsi, les activit\u00e9s et les projets qui mettent en valeur la richesse de la culture et de l&rsquo;histoire de chaque \u00e9l\u00e8ve peuvent \u00eatre organis\u00e9s. Enfin, les enseignants et le personnel de l&rsquo;\u00e9cole doivent s&rsquo;efforcer d&rsquo;\u00eatre empathique et \u00e0 l&rsquo;\u00e9coute des besoins des \u00e9l\u00e8ves.<\/p>\n\n\n\n<h3 class=\"wp-block-heading\"><em>Encourager la participation active<\/em> <\/h3>\n\n\n\n<p>L&rsquo;engagement actif des \u00e9l\u00e8ves dans la vie scolaire est un excellent moyen de renforcer leur sentiment d&rsquo;appartenance. Les \u00e9coles peuvent offrir une vari\u00e9t\u00e9 d&rsquo;activit\u00e9s parascolaires, de clubs et d&rsquo;associations qui r\u00e9pondent aux int\u00e9r\u00eats et aux passions des \u00e9l\u00e8ves. Cela leur donne l&rsquo;occasion de se connecter avec des personnes partageant les m\u00eames id\u00e9es et de d\u00e9velopper des amiti\u00e9s durables.<\/p>\n\n\n\n<h2 class=\"wp-block-heading\"><strong>La fiert\u00e9 de l&rsquo;\u00e9cole et son impact sur les \u00e9l\u00e8ves : <\/strong><\/h2>\n\n\n\n<p>Outre le sentiment d&rsquo;appartenance, la fiert\u00e9 de l&rsquo;\u00e9cole est \u00e9galement cruciale pour le bien-\u00eatre des \u00e9l\u00e8ves. Lorsque les \u00e9l\u00e8ves sont fiers de leur \u00e9cole, ils sont plus enclins \u00e0 \u00eatre des ambassadeurs positifs de celle-ci, ce qui peut attirer de nouveaux \u00e9l\u00e8ves et renforcer la r\u00e9putation de l&rsquo;\u00e9tablissement.<\/p>\n\n\n\n<h3 class=\"wp-block-heading\"><em>C\u00e9l\u00e9brer les r\u00e9ussites et les talents des \u00e9l\u00e8ves <\/em><\/h3>\n\n\n\n<p>La mise en valeur des r\u00e9ussites et des talents des \u00e9l\u00e8ves est un moyen puissant de renforcer la fiert\u00e9 de l&rsquo;\u00e9cole. Les c\u00e9r\u00e9monies de remise de prix, les spectacles et les \u00e9v\u00e9nements culturels sont autant d&rsquo;occasions de reconna\u00eetre et de c\u00e9l\u00e9brer les accomplissements des \u00e9l\u00e8ves. Cela contribue \u00e0 cr\u00e9er un climat positif et stimulant au sein de l&rsquo;\u00e9cole.<\/p>\n\n\n\n<h3 class=\"wp-block-heading\"><em>Impliquer les \u00e9l\u00e8ves dans la prise de d\u00e9cisions<\/em><\/h3>\n\n\n\n<p>Impliquer les \u00e9l\u00e8ves dans la prise de d\u00e9cisions concernant la vie scolaire peut \u00e9galement contribuer \u00e0 renforcer leur fiert\u00e9. Leur donner une voix dans les questions qui les concernent directement leur donne le sentiment d&rsquo;\u00eatre valoris\u00e9s et \u00e9cout\u00e9s. Cela peut se faire \u00e0 travers des conseils d&rsquo;\u00e9l\u00e8ves, des sondages ou des discussions ouvertes avec les enseignants et l&rsquo;administration.<\/p>\n\n\n\n<h2 class=\"wp-block-heading has-text-align-left\"><strong>Le r\u00f4le des enseignants et du personnel scolaire : <\/strong><\/h2>\n\n\n\n<p>Les enseignants et le personnel scolaire jouent un r\u00f4le central dans le renforcement du sentiment d&rsquo;appartenance et de la fiert\u00e9 des \u00e9l\u00e8ves vis-\u00e0-vis de leur \u00e9cole. Leur attitude, leur comportement et leur approche p\u00e9dagogique peuvent avoir un impact significatif sur le bien-\u00eatre \u00e9motionnel des \u00e9l\u00e8ves. <\/p>\n\n\n\n<h3 class=\"wp-block-heading\"><em>Cr\u00e9er des relations de confiance<\/em> <\/h3>\n\n\n\n<p>Les enseignants doivent cr\u00e9er des relations de confiance avec leurs \u00e9l\u00e8ves en \u00e9tant attentifs \u00e0 leurs besoins et en leur fournissant un soutien \u00e9motionnel. Une communication ouverte et bienveillante est essentielle pour que les \u00e9l\u00e8ves se sentent en s\u00e9curit\u00e9 et \u00e0 l&rsquo;aise \u00e0 l&rsquo;\u00e9cole.<\/p>\n\n\n\n<h3 class=\"wp-block-heading\"><em>Encourager la coop\u00e9ration et l&rsquo;inclusion<\/em> <\/h3>\n\n\n\n<p>En favorisant la coop\u00e9ration plut\u00f4t que la comp\u00e9tition, les enseignants peuvent promouvoir un environnement o\u00f9 chaque \u00e9l\u00e8ve se sent accept\u00e9 et valoris\u00e9. La mise en place de projets de groupe et d&rsquo;activit\u00e9s collaboratives permet aux \u00e9l\u00e8ves de d\u00e9velopper des comp\u00e9tences sociales tout en renfor\u00e7ant le sentiment d&rsquo;appartenance.<\/p>\n\n\n\n<p><\/p>\n\n\n\n<h2 class=\"wp-block-heading has-text-align-left\"><strong>Impliquer les parents et la communaut\u00e9 :<\/strong> <\/h2>\n\n\n\n<p>Impliquer les parents et la communaut\u00e9 dans la vie scolaire est un autre aspect important pour renforcer le sentiment d&rsquo;appartenance des \u00e9l\u00e8ves. Les \u00e9coles peuvent inviter les parents \u00e0 participer \u00e0 des \u00e9v\u00e9nements scolaires, \u00e0 des r\u00e9unions ou \u00e0 des activit\u00e9s parascolaires. La coop\u00e9ration entre l&rsquo;\u00e9cole, les parents et la communaut\u00e9 cr\u00e9e un r\u00e9seau de soutien solide pour les \u00e9l\u00e8ves.<\/p>\n\n\n\n<p><\/p>\n\n\n\n<p>Pour conclure, renforcer le sentiment d&rsquo;appartenance et la fiert\u00e9 des \u00e9l\u00e8ves vis-\u00e0-vis de leur \u00e9cole est un processus essentiel pour favoriser leur \u00e9panouissement personnel et acad\u00e9mique. En cr\u00e9ant un environnement accueillant, en encourageant la participation active, en mettant en valeur les r\u00e9ussites des \u00e9l\u00e8ves et en impliquant les enseignants, les parents et la communaut\u00e9, les \u00e9coles peuvent cr\u00e9er un lieu o\u00f9 les \u00e9l\u00e8ves se sentent valoris\u00e9s, soutenus et fiers d&rsquo;appartenir. Enfin, en adoptant ces strat\u00e9gies, les \u00e9tablissements scolaires peuvent laisser derri\u00e8re eux leurs concurrents et se d\u00e9marquer en tant qu&rsquo;institutions d&rsquo;apprentissage de premier choix.<\/p>\n\n\n\n<p><\/p>","protected":false},"excerpt":{"rendered":"<p>Tout d&rsquo;abord, l&rsquo;\u00e9panouissement des \u00e9l\u00e8ves dans leur environnement scolaire est essentiel pour favoriser leur r\u00e9ussite acad\u00e9mique et leur d\u00e9veloppement personnel. Ainsi, un \u00e9l\u00e9ment cl\u00e9 pour atteindre cet objectif est de renforcer le sentiment d&rsquo;appartenance et la fiert\u00e9 des \u00e9l\u00e8ves vis-\u00e0-vis de leur \u00e9cole. Lorsque les \u00e9l\u00e8ves se sentent connect\u00e9s et valoris\u00e9s au sein de leur [&hellip;]<\/p>","protected":false},"author":3,"featured_media":1612,"comment_status":"open","ping_status":"open","sticky":false,"template":"","format":"standard","meta":{"footnotes":""},"categories":[1],"tags":[64,23,18,65],"class_list":["post-1611","post","type-post","status-publish","format-standard","has-post-thumbnail","hentry","category-blog","tag-appartenance","tag-eleve","tag-etablissement-scolaire","tag-fierte"],"yoast_head":"<!-- This site is optimized with the Yoast SEO plugin v24.2 - https:\/\/yoast.com\/wordpress\/plugins\/seo\/ -->\n<title>Renforcer le sentiment d&#039;appartenance des \u00e9l\u00e8ves envers l&#039;\u00e9cole<\/title>\n<meta name=\"description\" content=\"Renforcer le sentiment d&#039;appartenance des \u00e9l\u00e8ves envers l&#039;\u00e9cole : d\u00e9couvrez des m\u00e9thodes pour augmenter l&#039;engagement scolaire des \u00e9l\u00e8ves.\" \/>\n<meta name=\"robots\" content=\"index, follow, max-snippet:-1, max-image-preview:large, max-video-preview:-1\" \/>\n<link rel=\"canonical\" href=\"https:\/\/educap.io\/en\/quelles-sont-les-strategies-pour-renforcer-le-sentiment-dappartenance-et-la-fierte-des-eleves-vis-a-vis-de-leur-ecole\/\" \/>\n<meta property=\"og:locale\" content=\"en_US\" \/>\n<meta property=\"og:type\" content=\"article\" \/>\n<meta property=\"og:title\" content=\"Renforcer le sentiment d&#039;appartenance des \u00e9l\u00e8ves envers l&#039;\u00e9cole\" \/>\n<meta property=\"og:description\" content=\"Renforcer le sentiment d&#039;appartenance des \u00e9l\u00e8ves envers l&#039;\u00e9cole : d\u00e9couvrez des m\u00e9thodes pour augmenter l&#039;engagement scolaire des \u00e9l\u00e8ves.\" \/>\n<meta property=\"og:url\" content=\"https:\/\/educap.io\/en\/quelles-sont-les-strategies-pour-renforcer-le-sentiment-dappartenance-et-la-fierte-des-eleves-vis-a-vis-de-leur-ecole\/\" \/>\n<meta property=\"og:site_name\" content=\"Educap\" \/>\n<meta property=\"article:publisher\" content=\"https:\/\/www.facebook.com\/educap.io\" \/>\n<meta property=\"article:published_time\" content=\"2023-08-10T10:00:00+00:00\" \/>\n<meta property=\"article:modified_time\" content=\"2023-11-02T15:18:20+00:00\" \/>\n<meta property=\"og:image\" content=\"https:\/\/educap.io\/wp-content\/uploads\/2023\/09\/Home-23.png\" \/>\n\t<meta property=\"og:image:width\" content=\"1366\" \/>\n\t<meta property=\"og:image:height\" content=\"768\" \/>\n\t<meta property=\"og:image:type\" content=\"image\/png\" \/>\n<meta name=\"author\" content=\"Julie CENTI\" \/>\n<meta name=\"twitter:card\" content=\"summary_large_image\" \/>\n<meta name=\"twitter:label1\" content=\"Written by\" \/>\n\t<meta name=\"twitter:data1\" content=\"Julie CENTI\" \/>\n\t<meta name=\"twitter:label2\" content=\"Est. reading time\" \/>\n\t<meta name=\"twitter:data2\" content=\"5 minutes\" \/>\n<script type=\"application\/ld+json\" class=\"yoast-schema-graph\">{\"@context\":\"https:\/\/schema.org\",\"@graph\":[{\"@type\":\"WebPage\",\"@id\":\"https:\/\/educap.io\/quelles-sont-les-strategies-pour-renforcer-le-sentiment-dappartenance-et-la-fierte-des-eleves-vis-a-vis-de-leur-ecole\/\",\"url\":\"https:\/\/educap.io\/quelles-sont-les-strategies-pour-renforcer-le-sentiment-dappartenance-et-la-fierte-des-eleves-vis-a-vis-de-leur-ecole\/\",\"name\":\"Renforcer le sentiment d'appartenance des \u00e9l\u00e8ves envers l'\u00e9cole\",\"isPartOf\":{\"@id\":\"https:\/\/educap.io\/#website\"},\"primaryImageOfPage\":{\"@id\":\"https:\/\/educap.io\/quelles-sont-les-strategies-pour-renforcer-le-sentiment-dappartenance-et-la-fierte-des-eleves-vis-a-vis-de-leur-ecole\/#primaryimage\"},\"image\":{\"@id\":\"https:\/\/educap.io\/quelles-sont-les-strategies-pour-renforcer-le-sentiment-dappartenance-et-la-fierte-des-eleves-vis-a-vis-de-leur-ecole\/#primaryimage\"},\"thumbnailUrl\":\"https:\/\/educap.io\/wp-content\/uploads\/2023\/09\/Home-23.png\",\"datePublished\":\"2023-08-10T10:00:00+00:00\",\"dateModified\":\"2023-11-02T15:18:20+00:00\",\"author\":{\"@id\":\"https:\/\/educap.io\/#\/schema\/person\/af1d7ee1c5a45e1e89d8f75d7e92c114\"},\"description\":\"Renforcer le sentiment d'appartenance des \u00e9l\u00e8ves envers l'\u00e9cole : d\u00e9couvrez des m\u00e9thodes pour augmenter l'engagement scolaire des \u00e9l\u00e8ves.\",\"breadcrumb\":{\"@id\":\"https:\/\/educap.io\/quelles-sont-les-strategies-pour-renforcer-le-sentiment-dappartenance-et-la-fierte-des-eleves-vis-a-vis-de-leur-ecole\/#breadcrumb\"},\"inLanguage\":\"en-US\",\"potentialAction\":[{\"@type\":\"ReadAction\",\"target\":[\"https:\/\/educap.io\/quelles-sont-les-strategies-pour-renforcer-le-sentiment-dappartenance-et-la-fierte-des-eleves-vis-a-vis-de-leur-ecole\/\"]}]},{\"@type\":\"ImageObject\",\"inLanguage\":\"en-US\",\"@id\":\"https:\/\/educap.io\/quelles-sont-les-strategies-pour-renforcer-le-sentiment-dappartenance-et-la-fierte-des-eleves-vis-a-vis-de-leur-ecole\/#primaryimage\",\"url\":\"https:\/\/educap.io\/wp-content\/uploads\/2023\/09\/Home-23.png\",\"contentUrl\":\"https:\/\/educap.io\/wp-content\/uploads\/2023\/09\/Home-23.png\",\"width\":1366,\"height\":768,\"caption\":\"Renforcer le sentiment d'appartenance\"},{\"@type\":\"BreadcrumbList\",\"@id\":\"https:\/\/educap.io\/quelles-sont-les-strategies-pour-renforcer-le-sentiment-dappartenance-et-la-fierte-des-eleves-vis-a-vis-de-leur-ecole\/#breadcrumb\",\"itemListElement\":[{\"@type\":\"ListItem\",\"position\":1,\"name\":\"Accueil\",\"item\":\"https:\/\/educap.io\/fr_fr\/\"},{\"@type\":\"ListItem\",\"position\":2,\"name\":\"Quelles sont les strat\u00e9gies pour renforcer le sentiment d&rsquo;appartenance et la fiert\u00e9 des \u00e9l\u00e8ves vis-\u00e0-vis de leur \u00e9cole ?\"}]},{\"@type\":\"WebSite\",\"@id\":\"https:\/\/educap.io\/#website\",\"url\":\"https:\/\/educap.io\/\",\"name\":\"Educap\",\"description\":\"\",\"potentialAction\":[{\"@type\":\"SearchAction\",\"target\":{\"@type\":\"EntryPoint\",\"urlTemplate\":\"https:\/\/educap.io\/?s={search_term_string}\"},\"query-input\":{\"@type\":\"PropertyValueSpecification\",\"valueRequired\":true,\"valueName\":\"search_term_string\"}}],\"inLanguage\":\"en-US\"},{\"@type\":\"Person\",\"@id\":\"https:\/\/educap.io\/#\/schema\/person\/af1d7ee1c5a45e1e89d8f75d7e92c114\",\"name\":\"Julie CENTI\",\"image\":{\"@type\":\"ImageObject\",\"inLanguage\":\"en-US\",\"@id\":\"https:\/\/educap.io\/#\/schema\/person\/image\/\",\"url\":\"https:\/\/secure.gravatar.com\/avatar\/004044df9ff916f2557184884b7bfa29ede68f0506217a17a729109cd76ee8af?s=96&d=mm&r=g\",\"contentUrl\":\"https:\/\/secure.gravatar.com\/avatar\/004044df9ff916f2557184884b7bfa29ede68f0506217a17a729109cd76ee8af?s=96&d=mm&r=g\",\"caption\":\"Julie CENTI\"},\"sameAs\":[\"https:\/\/educap.io\/\"],\"url\":\"https:\/\/educap.io\/en\/author\/emna-chacha\/\"}]}<\/script>\n<!-- \/ Yoast SEO plugin. -->","yoast_head_json":{"title":"Renforcer le sentiment d'appartenance des \u00e9l\u00e8ves envers l'\u00e9cole","description":"Renforcer le sentiment d'appartenance des \u00e9l\u00e8ves envers l'\u00e9cole : d\u00e9couvrez des m\u00e9thodes pour augmenter l'engagement scolaire des \u00e9l\u00e8ves.","robots":{"index":"index","follow":"follow","max-snippet":"max-snippet:-1","max-image-preview":"max-image-preview:large","max-video-preview":"max-video-preview:-1"},"canonical":"https:\/\/educap.io\/en\/quelles-sont-les-strategies-pour-renforcer-le-sentiment-dappartenance-et-la-fierte-des-eleves-vis-a-vis-de-leur-ecole\/","og_locale":"en_US","og_type":"article","og_title":"Renforcer le sentiment d'appartenance des \u00e9l\u00e8ves envers l'\u00e9cole","og_description":"Renforcer le sentiment d'appartenance des \u00e9l\u00e8ves envers l'\u00e9cole : d\u00e9couvrez des m\u00e9thodes pour augmenter l'engagement scolaire des \u00e9l\u00e8ves.","og_url":"https:\/\/educap.io\/en\/quelles-sont-les-strategies-pour-renforcer-le-sentiment-dappartenance-et-la-fierte-des-eleves-vis-a-vis-de-leur-ecole\/","og_site_name":"Educap","article_publisher":"https:\/\/www.facebook.com\/educap.io","article_published_time":"2023-08-10T10:00:00+00:00","article_modified_time":"2023-11-02T15:18:20+00:00","og_image":[{"width":1366,"height":768,"url":"https:\/\/educap.io\/wp-content\/uploads\/2023\/09\/Home-23.png","type":"image\/png"}],"author":"Julie CENTI","twitter_card":"summary_large_image","twitter_misc":{"Written by":"Julie CENTI","Est. reading time":"5 minutes"},"schema":{"@context":"https:\/\/schema.org","@graph":[{"@type":"WebPage","@id":"https:\/\/educap.io\/quelles-sont-les-strategies-pour-renforcer-le-sentiment-dappartenance-et-la-fierte-des-eleves-vis-a-vis-de-leur-ecole\/","url":"https:\/\/educap.io\/quelles-sont-les-strategies-pour-renforcer-le-sentiment-dappartenance-et-la-fierte-des-eleves-vis-a-vis-de-leur-ecole\/","name":"Renforcer le sentiment d'appartenance des \u00e9l\u00e8ves envers l'\u00e9cole","isPartOf":{"@id":"https:\/\/educap.io\/#website"},"primaryImageOfPage":{"@id":"https:\/\/educap.io\/quelles-sont-les-strategies-pour-renforcer-le-sentiment-dappartenance-et-la-fierte-des-eleves-vis-a-vis-de-leur-ecole\/#primaryimage"},"image":{"@id":"https:\/\/educap.io\/quelles-sont-les-strategies-pour-renforcer-le-sentiment-dappartenance-et-la-fierte-des-eleves-vis-a-vis-de-leur-ecole\/#primaryimage"},"thumbnailUrl":"https:\/\/educap.io\/wp-content\/uploads\/2023\/09\/Home-23.png","datePublished":"2023-08-10T10:00:00+00:00","dateModified":"2023-11-02T15:18:20+00:00","author":{"@id":"https:\/\/educap.io\/#\/schema\/person\/af1d7ee1c5a45e1e89d8f75d7e92c114"},"description":"Renforcer le sentiment d'appartenance des \u00e9l\u00e8ves envers l'\u00e9cole : d\u00e9couvrez des m\u00e9thodes pour augmenter l'engagement scolaire des \u00e9l\u00e8ves.","breadcrumb":{"@id":"https:\/\/educap.io\/quelles-sont-les-strategies-pour-renforcer-le-sentiment-dappartenance-et-la-fierte-des-eleves-vis-a-vis-de-leur-ecole\/#breadcrumb"},"inLanguage":"en-US","potentialAction":[{"@type":"ReadAction","target":["https:\/\/educap.io\/quelles-sont-les-strategies-pour-renforcer-le-sentiment-dappartenance-et-la-fierte-des-eleves-vis-a-vis-de-leur-ecole\/"]}]},{"@type":"ImageObject","inLanguage":"en-US","@id":"https:\/\/educap.io\/quelles-sont-les-strategies-pour-renforcer-le-sentiment-dappartenance-et-la-fierte-des-eleves-vis-a-vis-de-leur-ecole\/#primaryimage","url":"https:\/\/educap.io\/wp-content\/uploads\/2023\/09\/Home-23.png","contentUrl":"https:\/\/educap.io\/wp-content\/uploads\/2023\/09\/Home-23.png","width":1366,"height":768,"caption":"Renforcer le sentiment d'appartenance"},{"@type":"BreadcrumbList","@id":"https:\/\/educap.io\/quelles-sont-les-strategies-pour-renforcer-le-sentiment-dappartenance-et-la-fierte-des-eleves-vis-a-vis-de-leur-ecole\/#breadcrumb","itemListElement":[{"@type":"ListItem","position":1,"name":"Accueil","item":"https:\/\/educap.io\/fr_fr\/"},{"@type":"ListItem","position":2,"name":"Quelles sont les strat\u00e9gies pour renforcer le sentiment d&rsquo;appartenance et la fiert\u00e9 des \u00e9l\u00e8ves vis-\u00e0-vis de leur \u00e9cole ?"}]},{"@type":"WebSite","@id":"https:\/\/educap.io\/#website","url":"https:\/\/educap.io\/","name":"Educap","description":"","potentialAction":[{"@type":"SearchAction","target":{"@type":"EntryPoint","urlTemplate":"https:\/\/educap.io\/?s={search_term_string}"},"query-input":{"@type":"PropertyValueSpecification","valueRequired":true,"valueName":"search_term_string"}}],"inLanguage":"en-US"},{"@type":"Person","@id":"https:\/\/educap.io\/#\/schema\/person\/af1d7ee1c5a45e1e89d8f75d7e92c114","name":"Julie CENTI","image":{"@type":"ImageObject","inLanguage":"en-US","@id":"https:\/\/educap.io\/#\/schema\/person\/image\/","url":"https:\/\/secure.gravatar.com\/avatar\/004044df9ff916f2557184884b7bfa29ede68f0506217a17a729109cd76ee8af?s=96&d=mm&r=g","contentUrl":"https:\/\/secure.gravatar.com\/avatar\/004044df9ff916f2557184884b7bfa29ede68f0506217a17a729109cd76ee8af?s=96&d=mm&r=g","caption":"Julie CENTI"},"sameAs":["https:\/\/educap.io\/"],"url":"https:\/\/educap.io\/en\/author\/emna-chacha\/"}]}},"_links":{"self":[{"href":"https:\/\/educap.io\/en\/wp-json\/wp\/v2\/posts\/1611","targetHints":{"allow":["GET"]}}],"collection":[{"href":"https:\/\/educap.io\/en\/wp-json\/wp\/v2\/posts"}],"about":[{"href":"https:\/\/educap.io\/en\/wp-json\/wp\/v2\/types\/post"}],"author":[{"embeddable":true,"href":"https:\/\/educap.io\/en\/wp-json\/wp\/v2\/users\/3"}],"replies":[{"embeddable":true,"href":"https:\/\/educap.io\/en\/wp-json\/wp\/v2\/comments?post=1611"}],"version-history":[{"count":3,"href":"https:\/\/educap.io\/en\/wp-json\/wp\/v2\/posts\/1611\/revisions"}],"predecessor-version":[{"id":2306,"href":"https:\/\/educap.io\/en\/wp-json\/wp\/v2\/posts\/1611\/revisions\/2306"}],"wp:featuredmedia":[{"embeddable":true,"href":"https:\/\/educap.io\/en\/wp-json\/wp\/v2\/media\/1612"}],"wp:attachment":[{"href":"https:\/\/educap.io\/en\/wp-json\/wp\/v2\/media?parent=1611"}],"wp:term":[{"taxonomy":"category","embeddable":true,"href":"https:\/\/educap.io\/en\/wp-json\/wp\/v2\/categories?post=1611"},{"taxonomy":"post_tag","embeddable":true,"href":"https:\/\/educap.io\/en\/wp-json\/wp\/v2\/tags?post=1611"}],"curies":[{"name":"wp","href":"https:\/\/api.w.org\/{rel}","templated":true}]}}