{"id":1395,"date":"2023-07-19T12:43:00","date_gmt":"2023-07-19T12:43:00","guid":{"rendered":"https:\/\/educap.io\/?p=1395"},"modified":"2023-11-03T10:21:39","modified_gmt":"2023-11-03T10:21:39","slug":"usage-ethique-fournitures-scolaires-comment-sei","status":"publish","type":"post","link":"https:\/\/educap.io\/en\/usage-ethique-fournitures-scolaires-comment-sei\/","title":{"rendered":"Utilisation responsable des fournitures scolaires : Comment sensibiliser ?"},"content":{"rendered":"<p>Pour commencer, le manque de sensibilisation peut causer des probl\u00e8mes dans l&rsquo;usage \u00e9thique des fournitures scolaires. Ainsi, l&rsquo;ignorance des avantages environnementaux conduit \u00e0 la surconsommation, \u00e0 l&rsquo;accumulation de d\u00e9chets et \u00e0 l&rsquo;augmentation des co\u00fbts pour les familles. Un d\u00e9faut de sensibilisation au recyclage peut causer des probl\u00e8mes de sant\u00e9, mais la r\u00e9utilisation et le recyclage peuvent \u00e9viter ces risques. Enfin, le manque de sensibilisation r\u00e9duit la responsabilit\u00e9 sociale, alors que sensibiliser \u00e0 l&rsquo;usage durable et \u00e9thique encourage une culture responsable.<\/p>\n\n\n\n<h2 class=\"wp-block-heading\">1 &#8211; Augmentation des d\u00e9chets<\/h2>\n\n\n\n<p>Lorsque les parents et les \u00e9l\u00e8ves ne sont pas conscients de l&rsquo;importance du recyclage et de la r\u00e9utilisation des fournitures scolaires, cela peut entra\u00eener une augmentation des d\u00e9chets. Les fournitures jet\u00e9es \u00e0 la poubelle finissent souvent dans les d\u00e9charges, contribuant ainsi \u00e0 la pollution environnementale.<\/p>\n\n\n\n<h2 class=\"wp-block-heading\">2 &#8211; \u00c9puisement des ressources naturelles<\/h2>\n\n\n\n<p>L&rsquo;achat constant de nouvelles fournitures scolaires sans consid\u00e9ration pour la r\u00e9utilisation ou le recyclage conduit \u00e0 l&rsquo;\u00e9puisement des ressources naturelles. La production de nouvelles fournitures n\u00e9cessite l&rsquo;utilisation de mati\u00e8res premi\u00e8res telles que le bois, le plastique, les m\u00e9taux, ce qui a un impact n\u00e9gatif sur l&rsquo;environnement.<\/p>\n\n\n\n<h2 class=\"wp-block-heading\">3 &#8211; Pollution de l&rsquo;air et de l&rsquo;eau<\/h2>\n\n\n\n<p>La fabrication de fournitures scolaires g\u00e9n\u00e8re souvent des \u00e9missions de gaz \u00e0 effet de serre, contribuant au changement climatique et \u00e0 la pollution de l&rsquo;air. De plus, la gestion inad\u00e9quate des d\u00e9chets peut entra\u00eener la contamination des sols et des cours d&rsquo;eau, affectant ainsi les \u00e9cosyst\u00e8mes et la sant\u00e9 humaine.<\/p>\n\n\n\n<h2 class=\"wp-block-heading\">4 &#8211; Co\u00fbts \u00e9lev\u00e9s pour les familles<\/h2>\n\n\n\n<p>L&rsquo;achat de nouvelles fournitures scolaires chaque ann\u00e9e peut repr\u00e9senter une charge financi\u00e8re importante pour de nombreuses familles. En encourageant la r\u00e9utilisation et le recyclage, les parents peuvent \u00e9conomiser de l&rsquo;argent en prolongeant la dur\u00e9e de vie des fournitures existantes.<\/p>\n\n\n\n<h2 class=\"wp-block-heading\">5 &#8211; Manque de conscience \u00e9cologique<\/h2>\n\n\n\n<p>Le manque de sensibilisation \u00e0 l&rsquo;importance d&rsquo;une utilisation responsable des fournitures scolaires peut contribuer \u00e0 un manque g\u00e9n\u00e9ral de conscience \u00e9cologique chez les parents et les \u00e9l\u00e8ves. Cela peut entra\u00eener un comportement similaire dans d&rsquo;autres aspects de leur vie quotidienne, exacerbant ainsi les probl\u00e8mes environnementaux.<\/p>\n\n\n\n<h2 class=\"wp-block-heading\">6 &#8211; Perte d&rsquo;opportunit\u00e9s d&rsquo;apprentissage<\/h2>\n\n\n\n<p>En n\u00e9gligeant d&rsquo;enseigner aux \u00e9l\u00e8ves l&rsquo;importance du recyclage, de la r\u00e9utilisation, de la durabilit\u00e9 et de l&rsquo;usage \u00e9thique des fournitures scolaires, on manque une opportunit\u00e9 pr\u00e9cieuse d&rsquo;\u00e9ducation environnementale. En int\u00e9grant ces concepts dans l&rsquo;\u00e9ducation, les \u00e9l\u00e8ves peuvent d\u00e9velopper une compr\u00e9hension plus profonde des enjeux environnementaux et devenir des agents de changement pour un avenir plus durable.<\/p>\n\n\n\n<p>Face aux d\u00e9fis environnementaux croissants auxquels nous sommes confront\u00e9s, il est imp\u00e9ratif de sensibiliser les parents, les \u00e9l\u00e8ves et tout le personnel \u00e9ducatif \u00e0 l&rsquo;importance d&rsquo;une utilisation durable et responsable, y compris l&rsquo;usage \u00e9thique, des fournitures scolaires. En effet, la sensibilisation peut \u00eatre un moyen efficace de faire comprendre l&rsquo;urgence de cette question et de susciter l&rsquo;engagement de chacun pour contribuer \u00e0 r\u00e9duire notre empreinte environnementale.<\/p>\n\n\n\n<p>Enfin, Il convient \u00e9galement de souligner que la promotion de l&rsquo;utilisation responsable des fournitures scolaires ne se limite pas seulement au recyclage ou \u00e0 la r\u00e9utilisation des mat\u00e9riaux. Elle peut \u00e9galement inclure l&rsquo;adoption de pratiques \u00e9cologiques et \u00e9thiques telles que l&rsquo;utilisation de mat\u00e9riaux durables, la r\u00e9duction de la consommation d&rsquo;\u00e9nergie et d&rsquo;eau, l&rsquo;utilisation de produits de nettoyage respectueux de l&rsquo;environnement et la r\u00e9duction des d\u00e9chets.<\/p>\n\n\n\n<h2 class=\"wp-block-heading\">7 &#8211; Sensibilisation et \u00e9ducation<\/h2>\n\n\n\n<p>Organiser des campagnes scolaires pour promouvoir recyclage, r\u00e9utilisation et fournitures durables. Int\u00e9grer ces sujets au programme et organiser des ateliers sur les impacts environnementaux des choix de fournitures.<\/p>\n\n\n\n<h2 class=\"wp-block-heading\">8 &#8211; Promotion du recyclage<\/h2>\n\n\n\n<p>Par exemple, il est possible de mettre en place des programmes de collecte et de recyclage des fournitures scolaires dans les \u00e9coles. Mais aussi de placer des bacs de recyclage dans les salles de classe et les couloirs pour faciliter la collecte des fournitures usag\u00e9es. Vous pouvez \u00e9galement collaborer avec des organisations locales sp\u00e9cialis\u00e9es dans le recyclage pour garantir une gestion appropri\u00e9e des mat\u00e9riaux collect\u00e9s.<\/p>\n\n\n\n<h2 class=\"wp-block-heading\">9 &#8211; Encouragement de la r\u00e9utilisation<\/h2>\n\n\n\n<p>Promouvoir la r\u00e9utilisation des fournitures scolaires en encourageant les \u00e9l\u00e8ves \u00e0 utiliser leurs fournitures d&rsquo;une ann\u00e9e \u00e0 l&rsquo;autre, \u00e0 les partager avec d&rsquo;autres \u00e9l\u00e8ves ou \u00e0 les donner \u00e0 des associations caritatives. Organiser des \u00e9v\u00e9nements de troc de fournitures scolaires pour permettre aux \u00e9l\u00e8ves d&rsquo;\u00e9changer ou de vendre leurs fournitures inutilis\u00e9es.<\/p>\n\n\n\n<h2 class=\"wp-block-heading\">10 &#8211; Utilisation de fournitures durables<\/h2>\n\n\n\n<p>Encourager l&rsquo;utilisation de fournitures scolaires durables et respectueuses de l&rsquo;environnement. Mais aussi, informer les parents et les \u00e9l\u00e8ves sur les alternatives durables disponibles, comme les cahiers en papier recycl\u00e9, les stylos rechargeables et les mat\u00e9riaux non toxiques. Travailler en partenariat avec les fournisseurs pour proposer des options durables \u00e0 des prix abordables.<\/p>\n\n\n\n<h2 class=\"wp-block-heading\">11 &#8211; Partenariats avec des entreprises locales<\/h2>\n\n\n\n<p>Collaborer avec des entreprises locales engag\u00e9es dans le d\u00e9veloppement durable pour soutenir des initiatives de sensibilisation et d&rsquo;\u00e9ducation. Ces entreprises peuvent sponsoriser des \u00e9v\u00e9nements, offrir des r\u00e9ductions sur les fournitures durables ou m\u00eame organiser des visites d&rsquo;usines pour montrer aux \u00e9l\u00e8ves comment sont fabriqu\u00e9es les fournitures respectueuses de l&rsquo;environnement.<\/p>\n\n\n\n<h2 class=\"wp-block-heading\">12 &#8211; Int\u00e9gration de la durabilit\u00e9 dans les projets scolaires<\/h2>\n\n\n\n<p>Encourager les enseignants \u00e0 int\u00e9grer des projets ax\u00e9s sur la durabilit\u00e9 et l&rsquo;utilisation responsable des fournitures scolaires dans leur programme d&rsquo;\u00e9tudes. Cela peut inclure des activit\u00e9s artistiques, des recherches sur les mat\u00e9riaux durables et des projets de sensibilisation \u00e0 l&rsquo;environnement.<\/p>\n\n\n\n<p><\/p>\n\n\n\n<p>En adoptant ces solutions, nous pouvons promouvoir une utilisation responsable et durable des fournitures scolaires tout en encourageant le recyclage et la r\u00e9utilisation des mat\u00e9riaux. Cela contribuera \u00e0 r\u00e9duire les d\u00e9chets, \u00e0 pr\u00e9server les ressources naturelles et \u00e0 sensibiliser les g\u00e9n\u00e9rations futures \u00e0 l&rsquo;importance de l&rsquo;environnement.<\/p>","protected":false},"excerpt":{"rendered":"<p>Pour commencer, le manque de sensibilisation peut causer des probl\u00e8mes dans l&rsquo;usage \u00e9thique des fournitures scolaires. Ainsi, l&rsquo;ignorance des avantages environnementaux conduit \u00e0 la surconsommation, \u00e0 l&rsquo;accumulation de d\u00e9chets et \u00e0 l&rsquo;augmentation des co\u00fbts pour les familles. Un d\u00e9faut de sensibilisation au recyclage peut causer des probl\u00e8mes de sant\u00e9, mais la r\u00e9utilisation et le recyclage [&hellip;]<\/p>","protected":false},"author":3,"featured_media":1396,"comment_status":"open","ping_status":"open","sticky":false,"template":"","format":"standard","meta":{"footnotes":""},"categories":[1],"tags":[38,36,37],"class_list":["post-1395","post","type-post","status-publish","format-standard","has-post-thumbnail","hentry","category-blog","tag-developpement-durable","tag-fourniture-scolaire","tag-rentree-scolaire"],"yoast_head":"<!-- This site is optimized with the Yoast SEO plugin v24.2 - https:\/\/yoast.com\/wordpress\/plugins\/seo\/ -->\n<title>Usage \u00e9thique fournitures scolaires : Comment sensibiliser ?<\/title>\n<meta name=\"description\" content=\"Usage \u00e9thique fournitures scolaires : la sensibilisation \u00e0 la durabilit\u00e9, au recyclage et r\u00e9utilisation des parents et des \u00e9l\u00e8ves...\" \/>\n<meta name=\"robots\" content=\"index, follow, max-snippet:-1, max-image-preview:large, max-video-preview:-1\" \/>\n<link rel=\"canonical\" href=\"https:\/\/educap.io\/en\/usage-ethique-fournitures-scolaires-comment-sei\/\" \/>\n<meta property=\"og:locale\" content=\"en_US\" \/>\n<meta property=\"og:type\" content=\"article\" \/>\n<meta property=\"og:title\" content=\"Usage \u00e9thique fournitures scolaires : Comment sensibiliser ?\" \/>\n<meta property=\"og:description\" content=\"Usage \u00e9thique fournitures scolaires : la sensibilisation \u00e0 la durabilit\u00e9, au recyclage et r\u00e9utilisation des parents et des \u00e9l\u00e8ves...\" \/>\n<meta property=\"og:url\" content=\"https:\/\/educap.io\/en\/usage-ethique-fournitures-scolaires-comment-sei\/\" \/>\n<meta property=\"og:site_name\" content=\"Educap\" \/>\n<meta property=\"article:publisher\" content=\"https:\/\/www.facebook.com\/educap.io\" \/>\n<meta property=\"article:published_time\" content=\"2023-07-19T12:43:00+00:00\" \/>\n<meta property=\"article:modified_time\" content=\"2023-11-03T10:21:39+00:00\" \/>\n<meta property=\"og:image\" content=\"https:\/\/educap.io\/wp-content\/uploads\/2023\/07\/Home.png\" \/>\n\t<meta property=\"og:image:width\" content=\"1366\" \/>\n\t<meta property=\"og:image:height\" content=\"768\" \/>\n\t<meta property=\"og:image:type\" content=\"image\/png\" \/>\n<meta name=\"author\" content=\"Julie CENTI\" \/>\n<meta name=\"twitter:card\" content=\"summary_large_image\" \/>\n<meta name=\"twitter:label1\" content=\"Written by\" \/>\n\t<meta name=\"twitter:data1\" content=\"Julie CENTI\" \/>\n\t<meta name=\"twitter:label2\" content=\"Est. reading time\" \/>\n\t<meta name=\"twitter:data2\" content=\"5 minutes\" \/>\n<script type=\"application\/ld+json\" class=\"yoast-schema-graph\">{\"@context\":\"https:\/\/schema.org\",\"@graph\":[{\"@type\":\"WebPage\",\"@id\":\"https:\/\/educap.io\/usage-ethique-fournitures-scolaires-comment-sei\/\",\"url\":\"https:\/\/educap.io\/usage-ethique-fournitures-scolaires-comment-sei\/\",\"name\":\"Usage \u00e9thique fournitures scolaires : Comment sensibiliser ?\",\"isPartOf\":{\"@id\":\"https:\/\/educap.io\/#website\"},\"primaryImageOfPage\":{\"@id\":\"https:\/\/educap.io\/usage-ethique-fournitures-scolaires-comment-sei\/#primaryimage\"},\"image\":{\"@id\":\"https:\/\/educap.io\/usage-ethique-fournitures-scolaires-comment-sei\/#primaryimage\"},\"thumbnailUrl\":\"https:\/\/educap.io\/wp-content\/uploads\/2023\/07\/Home.png\",\"datePublished\":\"2023-07-19T12:43:00+00:00\",\"dateModified\":\"2023-11-03T10:21:39+00:00\",\"author\":{\"@id\":\"https:\/\/educap.io\/#\/schema\/person\/af1d7ee1c5a45e1e89d8f75d7e92c114\"},\"description\":\"Usage \u00e9thique fournitures scolaires : la sensibilisation \u00e0 la durabilit\u00e9, au recyclage et r\u00e9utilisation des parents et des \u00e9l\u00e8ves...\",\"breadcrumb\":{\"@id\":\"https:\/\/educap.io\/usage-ethique-fournitures-scolaires-comment-sei\/#breadcrumb\"},\"inLanguage\":\"en-US\",\"potentialAction\":[{\"@type\":\"ReadAction\",\"target\":[\"https:\/\/educap.io\/usage-ethique-fournitures-scolaires-comment-sei\/\"]}]},{\"@type\":\"ImageObject\",\"inLanguage\":\"en-US\",\"@id\":\"https:\/\/educap.io\/usage-ethique-fournitures-scolaires-comment-sei\/#primaryimage\",\"url\":\"https:\/\/educap.io\/wp-content\/uploads\/2023\/07\/Home.png\",\"contentUrl\":\"https:\/\/educap.io\/wp-content\/uploads\/2023\/07\/Home.png\",\"width\":1366,\"height\":768,\"caption\":\"Comment sensibiliser les parents et les \u00e9l\u00e8ves \u00e0 l'importance d'une utilisation responsable et durable des fournitures scolaires, en encourageant le recyclage et la r\u00e9utilisation des mat\u00e9riaux\"},{\"@type\":\"BreadcrumbList\",\"@id\":\"https:\/\/educap.io\/usage-ethique-fournitures-scolaires-comment-sei\/#breadcrumb\",\"itemListElement\":[{\"@type\":\"ListItem\",\"position\":1,\"name\":\"Accueil\",\"item\":\"https:\/\/educap.io\/fr_fr\/\"},{\"@type\":\"ListItem\",\"position\":2,\"name\":\"Utilisation responsable des fournitures scolaires : Comment sensibiliser ?\"}]},{\"@type\":\"WebSite\",\"@id\":\"https:\/\/educap.io\/#website\",\"url\":\"https:\/\/educap.io\/\",\"name\":\"Educap\",\"description\":\"\",\"potentialAction\":[{\"@type\":\"SearchAction\",\"target\":{\"@type\":\"EntryPoint\",\"urlTemplate\":\"https:\/\/educap.io\/?s={search_term_string}\"},\"query-input\":{\"@type\":\"PropertyValueSpecification\",\"valueRequired\":true,\"valueName\":\"search_term_string\"}}],\"inLanguage\":\"en-US\"},{\"@type\":\"Person\",\"@id\":\"https:\/\/educap.io\/#\/schema\/person\/af1d7ee1c5a45e1e89d8f75d7e92c114\",\"name\":\"Julie CENTI\",\"image\":{\"@type\":\"ImageObject\",\"inLanguage\":\"en-US\",\"@id\":\"https:\/\/educap.io\/#\/schema\/person\/image\/\",\"url\":\"https:\/\/secure.gravatar.com\/avatar\/004044df9ff916f2557184884b7bfa29ede68f0506217a17a729109cd76ee8af?s=96&d=mm&r=g\",\"contentUrl\":\"https:\/\/secure.gravatar.com\/avatar\/004044df9ff916f2557184884b7bfa29ede68f0506217a17a729109cd76ee8af?s=96&d=mm&r=g\",\"caption\":\"Julie CENTI\"},\"sameAs\":[\"https:\/\/educap.io\/\"],\"url\":\"https:\/\/educap.io\/en\/author\/emna-chacha\/\"}]}<\/script>\n<!-- \/ Yoast SEO plugin. -->","yoast_head_json":{"title":"Usage \u00e9thique fournitures scolaires : Comment sensibiliser ?","description":"Usage \u00e9thique fournitures scolaires : la sensibilisation \u00e0 la durabilit\u00e9, au recyclage et r\u00e9utilisation des parents et des \u00e9l\u00e8ves...","robots":{"index":"index","follow":"follow","max-snippet":"max-snippet:-1","max-image-preview":"max-image-preview:large","max-video-preview":"max-video-preview:-1"},"canonical":"https:\/\/educap.io\/en\/usage-ethique-fournitures-scolaires-comment-sei\/","og_locale":"en_US","og_type":"article","og_title":"Usage \u00e9thique fournitures scolaires : Comment sensibiliser ?","og_description":"Usage \u00e9thique fournitures scolaires : la sensibilisation \u00e0 la durabilit\u00e9, au recyclage et r\u00e9utilisation des parents et des \u00e9l\u00e8ves...","og_url":"https:\/\/educap.io\/en\/usage-ethique-fournitures-scolaires-comment-sei\/","og_site_name":"Educap","article_publisher":"https:\/\/www.facebook.com\/educap.io","article_published_time":"2023-07-19T12:43:00+00:00","article_modified_time":"2023-11-03T10:21:39+00:00","og_image":[{"width":1366,"height":768,"url":"https:\/\/educap.io\/wp-content\/uploads\/2023\/07\/Home.png","type":"image\/png"}],"author":"Julie CENTI","twitter_card":"summary_large_image","twitter_misc":{"Written by":"Julie CENTI","Est. reading time":"5 minutes"},"schema":{"@context":"https:\/\/schema.org","@graph":[{"@type":"WebPage","@id":"https:\/\/educap.io\/usage-ethique-fournitures-scolaires-comment-sei\/","url":"https:\/\/educap.io\/usage-ethique-fournitures-scolaires-comment-sei\/","name":"Usage \u00e9thique fournitures scolaires : Comment sensibiliser ?","isPartOf":{"@id":"https:\/\/educap.io\/#website"},"primaryImageOfPage":{"@id":"https:\/\/educap.io\/usage-ethique-fournitures-scolaires-comment-sei\/#primaryimage"},"image":{"@id":"https:\/\/educap.io\/usage-ethique-fournitures-scolaires-comment-sei\/#primaryimage"},"thumbnailUrl":"https:\/\/educap.io\/wp-content\/uploads\/2023\/07\/Home.png","datePublished":"2023-07-19T12:43:00+00:00","dateModified":"2023-11-03T10:21:39+00:00","author":{"@id":"https:\/\/educap.io\/#\/schema\/person\/af1d7ee1c5a45e1e89d8f75d7e92c114"},"description":"Usage \u00e9thique fournitures scolaires : la sensibilisation \u00e0 la durabilit\u00e9, au recyclage et r\u00e9utilisation des parents et des \u00e9l\u00e8ves...","breadcrumb":{"@id":"https:\/\/educap.io\/usage-ethique-fournitures-scolaires-comment-sei\/#breadcrumb"},"inLanguage":"en-US","potentialAction":[{"@type":"ReadAction","target":["https:\/\/educap.io\/usage-ethique-fournitures-scolaires-comment-sei\/"]}]},{"@type":"ImageObject","inLanguage":"en-US","@id":"https:\/\/educap.io\/usage-ethique-fournitures-scolaires-comment-sei\/#primaryimage","url":"https:\/\/educap.io\/wp-content\/uploads\/2023\/07\/Home.png","contentUrl":"https:\/\/educap.io\/wp-content\/uploads\/2023\/07\/Home.png","width":1366,"height":768,"caption":"Comment sensibiliser les parents et les \u00e9l\u00e8ves \u00e0 l'importance d'une utilisation responsable et durable des fournitures scolaires, en encourageant le recyclage et la r\u00e9utilisation des mat\u00e9riaux"},{"@type":"BreadcrumbList","@id":"https:\/\/educap.io\/usage-ethique-fournitures-scolaires-comment-sei\/#breadcrumb","itemListElement":[{"@type":"ListItem","position":1,"name":"Accueil","item":"https:\/\/educap.io\/fr_fr\/"},{"@type":"ListItem","position":2,"name":"Utilisation responsable des fournitures scolaires : Comment sensibiliser ?"}]},{"@type":"WebSite","@id":"https:\/\/educap.io\/#website","url":"https:\/\/educap.io\/","name":"Educap","description":"","potentialAction":[{"@type":"SearchAction","target":{"@type":"EntryPoint","urlTemplate":"https:\/\/educap.io\/?s={search_term_string}"},"query-input":{"@type":"PropertyValueSpecification","valueRequired":true,"valueName":"search_term_string"}}],"inLanguage":"en-US"},{"@type":"Person","@id":"https:\/\/educap.io\/#\/schema\/person\/af1d7ee1c5a45e1e89d8f75d7e92c114","name":"Julie CENTI","image":{"@type":"ImageObject","inLanguage":"en-US","@id":"https:\/\/educap.io\/#\/schema\/person\/image\/","url":"https:\/\/secure.gravatar.com\/avatar\/004044df9ff916f2557184884b7bfa29ede68f0506217a17a729109cd76ee8af?s=96&d=mm&r=g","contentUrl":"https:\/\/secure.gravatar.com\/avatar\/004044df9ff916f2557184884b7bfa29ede68f0506217a17a729109cd76ee8af?s=96&d=mm&r=g","caption":"Julie CENTI"},"sameAs":["https:\/\/educap.io\/"],"url":"https:\/\/educap.io\/en\/author\/emna-chacha\/"}]}},"_links":{"self":[{"href":"https:\/\/educap.io\/en\/wp-json\/wp\/v2\/posts\/1395","targetHints":{"allow":["GET"]}}],"collection":[{"href":"https:\/\/educap.io\/en\/wp-json\/wp\/v2\/posts"}],"about":[{"href":"https:\/\/educap.io\/en\/wp-json\/wp\/v2\/types\/post"}],"author":[{"embeddable":true,"href":"https:\/\/educap.io\/en\/wp-json\/wp\/v2\/users\/3"}],"replies":[{"embeddable":true,"href":"https:\/\/educap.io\/en\/wp-json\/wp\/v2\/comments?post=1395"}],"version-history":[{"count":3,"href":"https:\/\/educap.io\/en\/wp-json\/wp\/v2\/posts\/1395\/revisions"}],"predecessor-version":[{"id":2328,"href":"https:\/\/educap.io\/en\/wp-json\/wp\/v2\/posts\/1395\/revisions\/2328"}],"wp:featuredmedia":[{"embeddable":true,"href":"https:\/\/educap.io\/en\/wp-json\/wp\/v2\/media\/1396"}],"wp:attachment":[{"href":"https:\/\/educap.io\/en\/wp-json\/wp\/v2\/media?parent=1395"}],"wp:term":[{"taxonomy":"category","embeddable":true,"href":"https:\/\/educap.io\/en\/wp-json\/wp\/v2\/categories?post=1395"},{"taxonomy":"post_tag","embeddable":true,"href":"https:\/\/educap.io\/en\/wp-json\/wp\/v2\/tags?post=1395"}],"curies":[{"name":"wp","href":"https:\/\/api.w.org\/{rel}","templated":true}]}}